{"id":74336,"date":"2018-09-11T10:36:41","date_gmt":"2018-09-11T08:36:41","guid":{"rendered":"http:\/\/www.tucomarca.com\/wordpress\/segunda\/?p=74336"},"modified":"2018-09-11T10:36:41","modified_gmt":"2018-09-11T08:36:41","slug":"les-pluges-beneficien-de-moment-als-fruiters-i-causen-preocupacio-en-larros-i-en-la-vinya-segons-ava-asaja","status":"publish","type":"post","link":"https:\/\/tucomarca.whitekongsoftware.com\/ca\/les-pluges-beneficien-de-moment-als-fruiters-i-causen-preocupacio-en-larros-i-en-la-vinya-segons-ava-asaja\/","title":{"rendered":"Les pluges beneficien de moment als fruiters i causen preocupaci\u00f3 en l&#8217;arr\u00f2s i en la vinya, segons AVA-Asaja"},"content":{"rendered":"<p>L&#8217;episodi de gota freda que est\u00e0 assotant la Comunitat Valenciana aquests dies ha causat, de moment, m\u00e9s beneficis que inconvenients al sector agrari. Segons constata l&#8217;Associaci\u00f3 Valenciana d&#8217;Agricultors (AVA-ASAJA), les copioses pluges que v\u00e9nen descarregant des de dissabte passat en la gran majoria de comarques han suposat un alleujament per als fruiters, especialment els c\u00edtrics i el caqui, perqu\u00e8 contribuiran a millorar els calibres en la present campanya, netejar l&#8217;arbrat i reduir la pres\u00e8ncia de plagues i malalties. Aix\u00ed mateix, la persist\u00e8ncia de les precipitacions permet als propietaris d&#8217;explotacions de regadiu aconseguir estalvis en costos energ\u00e8tics en deixar d&#8217;efectuar regs en un moment de la temporada on els arbres demanen molta aigua per desenvolupar els fruits.<\/p>\n<p>Igualment, AVA-ASAJA destaca els avantatges que comporta aquest temporal per a altres cultius com les ametlles, que afronten en les pr\u00f2ximes setmanes la pr\u00e0ctica totalitat de la collita, o l&#8217;olivar, la recollida ser\u00e0 posterior i on les pluges aportaran m\u00e9s grand\u00e0ria a les olives .<\/p>\n<p>Les preocupacions dels agricultors, per\u00f2, es concentren en l&#8217;arr\u00f2s i ra\u00efm. D&#8217;una banda, els arrossaires miren el cel amb inquietud perqu\u00e8 si continu\u00e9s plovent durant molts dies el nivell de l&#8217;aigua podria arribar a la part superior de les espigues i provocar la germinaci\u00f3 anticipada de l&#8217;arr\u00f2s, de manera que aquesta collita es faria malb\u00e9. De moment la gota freda ja est\u00e0 provocant importants retards en la sega de la marjal de Pego-Oliva, on la varietat Bomba ja s&#8217;estava recollint perqu\u00e8 es troba en el moment \u00f2ptim de maduresa.<\/p>\n<p>Els viticultors valencians, d&#8217;altra banda, tamb\u00e9 s&#8217;observen les pluges com una amena\u00e7a per a la imminent verema. En l&#8217;actual fase vegetativa del cultiu, les condicions clim\u00e0tiques que requereix el ra\u00efm per guanyar sucre i aconseguir el grau alcoh\u00f2lic desitjat no s\u00f3n precisament les pluges i la humitat, sin\u00f3 m\u00e9s aviat el sol. A m\u00e9s, el sector vitivin\u00edcola tem que aquest temps pugui endarrerir les tasques de la verema, les quals ja arribaven amb uns 15 dies de retard respecte a la temporada passada.<\/p>\n<p>Els danys en els cultius i les infraestructures agr\u00e0ries s\u00f3n bastant a\u00efllats i localitzats en el que portem de gota freda. AVA-ASAJA subratlla en aquest sentit els efectes que va tenir una ciclog\u00e8nesi ahir diumenge en una mica m\u00e9s de 40 hect\u00e0rees de c\u00edtrics, caquis i hortalisses del terme municipal de X\u00e0tiva. El vent huracanat va provocar danys considerables per ramejat en els fruits, p\u00e8rdues de collita en camps de bledes i all, aix\u00ed com parcel\u00b7les inundades d&#8217;aigua.<\/p>\n","protected":false},"excerpt":{"rendered":"<div class=\"mh-excerpt\">L&#8217;episodi de gota freda que est\u00e0 assotant la Comunitat Valenciana aquests dies ha causat, de moment, m\u00e9s beneficis que inconvenients al sector agrari. Segons constata l&#8217;Associaci\u00f3 Valenciana d&#8217;Agricultors (AVA-ASAJA), les copioses pluges que v\u00e9nen descarregant <a class=\"mh-excerpt-more\" href=\"https:\/\/tucomarca.whitekongsoftware.com\/ca\/les-pluges-beneficien-de-moment-als-fruiters-i-causen-preocupacio-en-larros-i-en-la-vinya-segons-ava-asaja\/\" title=\"Les pluges beneficien de moment als fruiters i causen preocupaci\u00f3 en l&#8217;arr\u00f2s i en la vinya, segons AVA-Asaja\">[+] <\/a><\/div>\n","protected":false},"author":1,"featured_media":74337,"comment_status":"open","ping_status":"open","sticky":false,"template":"","format":"standard","meta":{"footnotes":""},"categories":[10905,10898,10894,10904,10895,10909,10896,10897],"tags":[11199],"class_list":["post-74336","post","type-post","status-publish","format-standard","has-post-thumbnail","category-agricultura-la-comarca-ca","category-ventana-ca","category-la-comarca-ca","category-sin-categorizar-ca","category-premsavalenciana-ca","category-requena-utiel-ca","category-seccion-ca","category-sucesos-la-comarca-ca","tag-la-comunitat-ca"],"_links":{"self":[{"href":"https:\/\/tucomarca.whitekongsoftware.com\/ca\/wp-json\/wp\/v2\/posts\/74336","targetHints":{"allow":["GET"]}}],"collection":[{"href":"https:\/\/tucomarca.whitekongsoftware.com\/ca\/wp-json\/wp\/v2\/posts"}],"about":[{"href":"https:\/\/tucomarca.whitekongsoftware.com\/ca\/wp-json\/wp\/v2\/types\/post"}],"author":[{"embeddable":true,"href":"https:\/\/tucomarca.whitekongsoftware.com\/ca\/wp-json\/wp\/v2\/users\/1"}],"replies":[{"embeddable":true,"href":"https:\/\/tucomarca.whitekongsoftware.com\/ca\/wp-json\/wp\/v2\/comments?post=74336"}],"version-history":[{"count":0,"href":"https:\/\/tucomarca.whitekongsoftware.com\/ca\/wp-json\/wp\/v2\/posts\/74336\/revisions"}],"wp:featuredmedia":[{"embeddable":true,"href":"https:\/\/tucomarca.whitekongsoftware.com\/ca\/wp-json\/wp\/v2\/media\/74337"}],"wp:attachment":[{"href":"https:\/\/tucomarca.whitekongsoftware.com\/ca\/wp-json\/wp\/v2\/media?parent=74336"}],"wp:term":[{"taxonomy":"category","embeddable":true,"href":"https:\/\/tucomarca.whitekongsoftware.com\/ca\/wp-json\/wp\/v2\/categories?post=74336"},{"taxonomy":"post_tag","embeddable":true,"href":"https:\/\/tucomarca.whitekongsoftware.com\/ca\/wp-json\/wp\/v2\/tags?post=74336"}],"curies":[{"name":"wp","href":"https:\/\/api.w.org\/{rel}","templated":true}]}}