{"id":74238,"date":"2018-09-07T20:36:09","date_gmt":"2018-09-07T18:36:09","guid":{"rendered":"http:\/\/www.tucomarca.com\/wordpress\/segunda\/?p=74238"},"modified":"2018-09-07T20:36:09","modified_gmt":"2018-09-07T18:36:09","slug":"csif-alerta-que-loficina-estatal-docupacio-de-requena-es-atesa-aquests-dies-per-un-sol-treballador-a-jornada-completa","status":"publish","type":"post","link":"https:\/\/tucomarca.whitekongsoftware.com\/ca\/csif-alerta-que-loficina-estatal-docupacio-de-requena-es-atesa-aquests-dies-per-un-sol-treballador-a-jornada-completa\/","title":{"rendered":"CSIF alerta que l&#8217;oficina estatal d&#8217;Ocupaci\u00f3 de Requena \u00e9s atesa aquests dies per un sol treballador a jornada completa"},"content":{"rendered":"<p>El sindicat CSIF alerta que l&#8217;oficina del Servei P\u00fablic d&#8217;Ocupaci\u00f3 Estatal a Requena es troba durant aquests dies atesa per un sol treballador a jornada completa. Aquesta persona cobreix l&#8217;atenci\u00f3 a 30 usuaris diaris. La central sindical reclama al Ministeri de Treball que, amb urg\u00e8ncia, incrementi la dotaci\u00f3 de personal.<\/p>\n<p>La Central Sindical Independent i de Funcionaris (CSIF) explica que la situaci\u00f3 s&#8217;ha deteriorat en els \u00faltims mesos, ja que l&#8217;oficina disposava, al juny, de sis treballadors. El sindicat assenyala que la finalitzaci\u00f3 dels contractes del personal inter\u00ed ja va deixar a aquestes depend\u00e8ncies sense un dels seus efectius. El passat mes d&#8217;agost es va jubilar la directora, i la seva pla\u00e7a vacant no ha estat coberta. D&#8217;aquesta manera, es quedava amb quatre.<\/p>\n<p>CSIF continua relatant que en l&#8217;actualitat hi ha dos treballadors de vacances estivals i un tercer amb una reducci\u00f3 de jornada del 60 per cent. Aquesta circumst\u00e0ncia significa que, en la pr\u00e0ctica, \u00fanicament un empleat at\u00e9n, a jornada completa, a tots els usuaris de la comarca d&#8217;Utiel-Requena que van a fer tr\u00e0mits a l&#8217;oficina estatal d&#8217;ocupaci\u00f3.<\/p>\n<p>El sindicat insta el Ministeri d&#8217;Ocupaci\u00f3 a refor\u00e7ar aquest servei p\u00fablic. De la mateixa manera, recorda que encara est\u00e0 pendent la instal\u00b7laci\u00f3 d&#8217;un elevador per facilitar l&#8217;acc\u00e9s a les depend\u00e8ncies, ja que es troben en un primer pis al qual \u00fanicament s&#8217;arriba per escales. Malgrat el comprom\u00eds de l&#8217;Administraci\u00f3 de instal\u00b7lar-ho, passen els mesos i continuen nom\u00e9s amb l&#8217;escala d&#8217;acc\u00e9s.<\/p>\n","protected":false},"excerpt":{"rendered":"<div class=\"mh-excerpt\">El sindicat CSIF alerta que l&#8217;oficina del Servei P\u00fablic d&#8217;Ocupaci\u00f3 Estatal a Requena es troba durant aquests dies atesa per un sol treballador a jornada completa. Aquesta persona cobreix l&#8217;atenci\u00f3 a 30 usuaris diaris. La <a class=\"mh-excerpt-more\" href=\"https:\/\/tucomarca.whitekongsoftware.com\/ca\/csif-alerta-que-loficina-estatal-docupacio-de-requena-es-atesa-aquests-dies-per-un-sol-treballador-a-jornada-completa\/\" title=\"CSIF alerta que l&#8217;oficina estatal d&#8217;Ocupaci\u00f3 de Requena \u00e9s atesa aquests dies per un sol treballador a jornada completa\">[+] <\/a><\/div>\n","protected":false},"author":1,"featured_media":74239,"comment_status":"open","ping_status":"open","sticky":false,"template":"","format":"standard","meta":{"footnotes":""},"categories":[10894,10904,10908,10909,10896],"tags":[10910],"class_list":["post-74238","post","type-post","status-publish","format-standard","has-post-thumbnail","category-la-comarca-ca","category-sin-categorizar-ca","category-requena-ca","category-requena-utiel-ca","category-seccion-ca","tag-requena-utiel-ca"],"_links":{"self":[{"href":"https:\/\/tucomarca.whitekongsoftware.com\/ca\/wp-json\/wp\/v2\/posts\/74238","targetHints":{"allow":["GET"]}}],"collection":[{"href":"https:\/\/tucomarca.whitekongsoftware.com\/ca\/wp-json\/wp\/v2\/posts"}],"about":[{"href":"https:\/\/tucomarca.whitekongsoftware.com\/ca\/wp-json\/wp\/v2\/types\/post"}],"author":[{"embeddable":true,"href":"https:\/\/tucomarca.whitekongsoftware.com\/ca\/wp-json\/wp\/v2\/users\/1"}],"replies":[{"embeddable":true,"href":"https:\/\/tucomarca.whitekongsoftware.com\/ca\/wp-json\/wp\/v2\/comments?post=74238"}],"version-history":[{"count":0,"href":"https:\/\/tucomarca.whitekongsoftware.com\/ca\/wp-json\/wp\/v2\/posts\/74238\/revisions"}],"wp:featuredmedia":[{"embeddable":true,"href":"https:\/\/tucomarca.whitekongsoftware.com\/ca\/wp-json\/wp\/v2\/media\/74239"}],"wp:attachment":[{"href":"https:\/\/tucomarca.whitekongsoftware.com\/ca\/wp-json\/wp\/v2\/media?parent=74238"}],"wp:term":[{"taxonomy":"category","embeddable":true,"href":"https:\/\/tucomarca.whitekongsoftware.com\/ca\/wp-json\/wp\/v2\/categories?post=74238"},{"taxonomy":"post_tag","embeddable":true,"href":"https:\/\/tucomarca.whitekongsoftware.com\/ca\/wp-json\/wp\/v2\/tags?post=74238"}],"curies":[{"name":"wp","href":"https:\/\/api.w.org\/{rel}","templated":true}]}}