{"id":74177,"date":"2018-09-08T12:01:44","date_gmt":"2018-09-08T10:01:44","guid":{"rendered":"http:\/\/www.tucomarca.com\/wordpress\/segunda\/?p=74177"},"modified":"2018-09-08T12:01:44","modified_gmt":"2018-09-08T10:01:44","slug":"colomer-anuncia-la-posada-en-marxa-dun-nou-cdt-dinterior-a-requena","status":"publish","type":"post","link":"https:\/\/tucomarca.whitekongsoftware.com\/ca\/colomer-anuncia-la-posada-en-marxa-dun-nou-cdt-dinterior-a-requena\/","title":{"rendered":"Colomer anuncia la Posada en marxa d&#8217;un nou CdT d&#8217;interior a Requena"},"content":{"rendered":"<figure id=\"attachment_74175\" aria-describedby=\"caption-attachment-74175\" style=\"width: 418px\" class=\"wp-caption alignleft\"><img loading=\"lazy\" decoding=\"async\" class=\" wp-image-74174\" src=\"http:\/\/www.tucomarca.com\/wordpress\/segunda\/wp-content\/uploads\/2018\/09\/Reunion_Colomer_y_Alcalde_Requena_2.jpg\" alt=\"La construcci\u00f3 es dur\u00e0 a terme en col\u00b7laboraci\u00f3 amb l'Ajuntament de Requena i inclour\u00e0 espais de formaci\u00f3 i d'innovaci\u00f3 empresarial.\" width=\"418\" height=\"235\" srcset=\"https:\/\/tucomarca.whitekongsoftware.com\/wp-content\/uploads\/2018\/09\/Reunion_Colomer_y_Alcalde_Requena_2.jpg 1328w, https:\/\/tucomarca.whitekongsoftware.com\/wp-content\/uploads\/2018\/09\/Reunion_Colomer_y_Alcalde_Requena_2-300x169.jpg 300w, https:\/\/tucomarca.whitekongsoftware.com\/wp-content\/uploads\/2018\/09\/Reunion_Colomer_y_Alcalde_Requena_2-768x432.jpg 768w, https:\/\/tucomarca.whitekongsoftware.com\/wp-content\/uploads\/2018\/09\/Reunion_Colomer_y_Alcalde_Requena_2-1024x576.jpg 1024w\" sizes=\"auto, (max-width: 418px) 100vw, 418px\" \/><figcaption id=\"caption-attachment-74175\" class=\"wp-caption-text\">La construcci\u00f3 es dur\u00e0 a terme en col\u00b7laboraci\u00f3 amb l&#8217;Ajuntament de Requena i inclour\u00e0 espais de formaci\u00f3 i d&#8217;innovaci\u00f3 empresarial.<\/figcaption><\/figure>\n<p>El secretari auton\u00f2mic de Turisme, Francesc Colomer, ha anunciat la posada en marxa d&#8217;un nou centre de turisme d&#8217;interior a Requena. Colomer s&#8217;ha reunit amb l&#8217;alcalde de Requena, Mario S\u00e1nchez, a l&#8217;Ajuntament d&#8217;aquesta localitat, amb qui ha acordat col\u00b7laborar en la posada en marxa d&#8217;aquest nou CdT.<\/p>\n<p>Francesc Colomer ha avan\u00e7at que espera que el futur centre de turisme d&#8217;interior de Requena &#8220;sigui una aut\u00e8ntica casa del turisme que albergar\u00e0 tant espais de formaci\u00f3 com d&#8217;innovaci\u00f3 i acceleraci\u00f3 empresarial, en l\u00ednia amb l&#8217;estrat\u00e8gia de la Generalitat per crear un ecosistema empresarial tur\u00edstic din\u00e0mic i competitiu lligat a la singularitat del territori &#8220;.<\/p>\n<p>Colomer ha destacat &#8220;la necessitat de vincular la competitivitat del nostre turisme a la qualitat i apostar per la qualificaci\u00f3 professional, ja que el primer actiu que t\u00e9 el turisme s\u00f3n les persones&#8221; i ha afegit que &#8220;la nostra Xarxa de CdTs \u00e9s un dels nostres programes estrella perqu\u00e8 significa invertir en capital hum\u00e0 &#8220;.<\/p>\n<p>A m\u00e9s, el responsable de Turisme ha assenyalat que el nou relat tur\u00edstic &#8220;hem d&#8217;interpretar com un canvi de cicle on l&#8217;aposta per la qualitat, la formaci\u00f3, els valors del paisatge, el treball pel producte i la governan\u00e7a col\u00b7laborativa han de servir de coordenades de comprom\u00eds de futur &#8220;, alhora que ha ressaltat la col\u00b7laboraci\u00f3 de Requena per impulsar nous projectes.<\/p>\n<p>Per la seva banda, l&#8217;alcalde de Requena, Mario S\u00e1nchez, ha destacat que la posada en marxa d&#8217;un CdT a la localitat &#8220;far\u00e0 de Requena el referent del turisme d&#8217;interior a la Comunitat Valenciana i contribuir\u00e0 posant en valor l&#8217;enoturisme i tota l&#8217;oferta del municipi &#8220;.<\/p>\n<p>Xarxa de Centres de Turisme<\/p>\n<p>Aquest futur CdT d&#8217;interior de Requena se suma al que Turisme Comunitat Valenciana ja est\u00e0 construint a l&#8217;interior de Castell\u00f3. El nou Centre de Turisme i Innovaci\u00f3 dels Ports s&#8217;ubica al complex F\u00e0brica Giner de Morella i suposa una inversi\u00f3 de 3,5 milions d&#8217;euros.<\/p>\n<p>A m\u00e9s, la prov\u00edncia d&#8217;Alacant tamb\u00e9 comptar\u00e0 amb un CdT d&#8217;interior que s&#8217;ubicar\u00e0 a Alcoi, tal com va avan\u00e7ar el passat mes d&#8217;agost el responsable de Turisme.<\/p>\n<p>La Xarxa de Centres de Turisme Comunitat Valenciana disposa en l&#8217;actualitat de centres a Alacant, Castell\u00f3, Val\u00e8ncia, Gandia, D\u00e9nia, Benidorm i Torrevella.<\/p>\n","protected":false},"excerpt":{"rendered":"<div class=\"mh-excerpt\">El secretari auton\u00f2mic de Turisme, Francesc Colomer, ha anunciat la posada en marxa d&#8217;un nou centre de turisme d&#8217;interior a Requena. Colomer s&#8217;ha reunit amb l&#8217;alcalde de Requena, Mario S\u00e1nchez, a l&#8217;Ajuntament d&#8217;aquesta localitat, amb <a class=\"mh-excerpt-more\" href=\"https:\/\/tucomarca.whitekongsoftware.com\/ca\/colomer-anuncia-la-posada-en-marxa-dun-nou-cdt-dinterior-a-requena\/\" title=\"Colomer anuncia la Posada en marxa d&#8217;un nou CdT d&#8217;interior a Requena\">[+] <\/a><\/div>\n","protected":false},"author":1,"featured_media":74175,"comment_status":"open","ping_status":"open","sticky":false,"template":"","format":"standard","meta":{"footnotes":""},"categories":[10898,10948,10894,10904,10947,10895,10908,10909,10896],"tags":[10910],"class_list":["post-74177","post","type-post","status-publish","format-standard","has-post-thumbnail","category-ventana-ca","category-infraestructuras-ca","category-la-comarca-ca","category-sin-categorizar-ca","category-politica","category-premsavalenciana-ca","category-requena-ca","category-requena-utiel-ca","category-seccion-ca","tag-requena-utiel-ca"],"_links":{"self":[{"href":"https:\/\/tucomarca.whitekongsoftware.com\/ca\/wp-json\/wp\/v2\/posts\/74177","targetHints":{"allow":["GET"]}}],"collection":[{"href":"https:\/\/tucomarca.whitekongsoftware.com\/ca\/wp-json\/wp\/v2\/posts"}],"about":[{"href":"https:\/\/tucomarca.whitekongsoftware.com\/ca\/wp-json\/wp\/v2\/types\/post"}],"author":[{"embeddable":true,"href":"https:\/\/tucomarca.whitekongsoftware.com\/ca\/wp-json\/wp\/v2\/users\/1"}],"replies":[{"embeddable":true,"href":"https:\/\/tucomarca.whitekongsoftware.com\/ca\/wp-json\/wp\/v2\/comments?post=74177"}],"version-history":[{"count":0,"href":"https:\/\/tucomarca.whitekongsoftware.com\/ca\/wp-json\/wp\/v2\/posts\/74177\/revisions"}],"wp:featuredmedia":[{"embeddable":true,"href":"https:\/\/tucomarca.whitekongsoftware.com\/ca\/wp-json\/wp\/v2\/media\/74175"}],"wp:attachment":[{"href":"https:\/\/tucomarca.whitekongsoftware.com\/ca\/wp-json\/wp\/v2\/media?parent=74177"}],"wp:term":[{"taxonomy":"category","embeddable":true,"href":"https:\/\/tucomarca.whitekongsoftware.com\/ca\/wp-json\/wp\/v2\/categories?post=74177"},{"taxonomy":"post_tag","embeddable":true,"href":"https:\/\/tucomarca.whitekongsoftware.com\/ca\/wp-json\/wp\/v2\/tags?post=74177"}],"curies":[{"name":"wp","href":"https:\/\/api.w.org\/{rel}","templated":true}]}}