{"id":74162,"date":"2018-09-07T20:22:04","date_gmt":"2018-09-07T18:22:04","guid":{"rendered":"http:\/\/www.tucomarca.com\/wordpress\/segunda\/?p=74162"},"modified":"2018-09-07T20:22:04","modified_gmt":"2018-09-07T18:22:04","slug":"la-volta-a-valencia-trofeu-diputacio-es-consolida-amb-la-seva-vuitena-edicio","status":"publish","type":"post","link":"https:\/\/tucomarca.whitekongsoftware.com\/ca\/la-volta-a-valencia-trofeu-diputacio-es-consolida-amb-la-seva-vuitena-edicio\/","title":{"rendered":"La Volta a Val\u00e8ncia &#8211; Trofeu Diputaci\u00f3 es consolida amb la seva vuitena edici\u00f3"},"content":{"rendered":"<figure id=\"attachment_74160\" aria-describedby=\"caption-attachment-74160\" style=\"width: 414px\" class=\"wp-caption alignleft\"><img loading=\"lazy\" decoding=\"async\" class=\" wp-image-74159\" src=\"http:\/\/www.tucomarca.com\/wordpress\/segunda\/wp-content\/uploads\/2018\/09\/Vuelta-a-Valencia_Foto-MPazos-2.jpg\" alt=\"Aquesta edici\u00f3 comptar\u00e0 amb un total de 21 equips en competici\u00f3 que aniran durant quatre dies pels carrers de Val\u00e8ncia, Benag\u00e9ber, Ares dels Oms, Riba-roja de T\u00faria, Ll\u00edria i Montcada.\" width=\"414\" height=\"277\" srcset=\"https:\/\/tucomarca.whitekongsoftware.com\/wp-content\/uploads\/2018\/09\/Vuelta-a-Valencia_Foto-MPazos-2.jpg 3872w, https:\/\/tucomarca.whitekongsoftware.com\/wp-content\/uploads\/2018\/09\/Vuelta-a-Valencia_Foto-MPazos-2-300x201.jpg 300w, https:\/\/tucomarca.whitekongsoftware.com\/wp-content\/uploads\/2018\/09\/Vuelta-a-Valencia_Foto-MPazos-2-768x514.jpg 768w, https:\/\/tucomarca.whitekongsoftware.com\/wp-content\/uploads\/2018\/09\/Vuelta-a-Valencia_Foto-MPazos-2-1024x685.jpg 1024w\" sizes=\"auto, (max-width: 414px) 100vw, 414px\" \/><figcaption id=\"caption-attachment-74160\" class=\"wp-caption-text\">Aquesta edici\u00f3 comptar\u00e0 amb un total de 21 equips en competici\u00f3 que aniran durant quatre dies pels carrers de Val\u00e8ncia, Benag\u00e9ber, Ares dels Oms, Riba-roja de T\u00faria, Ll\u00edria i Montcada.<\/figcaption><\/figure>\n<p>La Volta a Val\u00e8ncia &#8211; Trofeu Diputaci\u00f3 torna a Val\u00e8ncia amb la que \u00e9s ja la seva vuitena edici\u00f3, el que la converteix en una cita imprescindible en el calendari valenci\u00e0. La presentaci\u00f3 oficial ha tingut lloc aquest dilluns a la seu central de la corporaci\u00f3 provincial, on organitzadors, responsables municipals i la diputada d&#8217;Esports, Isabel Garc\u00eda, han desgranat les novetats d&#8217;aquesta edici\u00f3.<\/p>\n<p>Aquest any la participaci\u00f3 ha quedat limitada a 21 equips, el que es traduir\u00e0 en un escamot de 147 ciclistes. Hi haur\u00e0, a m\u00e9s, tres equips estrangers: la selecci\u00f3 del Jap\u00f3, el Lokosphinx de R\u00fassia i el UC M\u00f2naco. Tamb\u00e9 han estat convidats tots els equips valencians: el ULB Sport, el Mutua Llevant, el Gsport, Ginestar, l&#8217;Electro Hiper Europa i el Benic\u00e0ssim M&#8217;agrada, als quals se sumen equips convidats dels millors conjunts del gran grup nacional elit i sub- 23: Rias Baixas, Polartec-Fundaci\u00f3 Contador, Lizarte, La Tova, Gomur, Escribano, Control Pack, Compak, Caixa Rural, Bicicletes Rodr\u00edguez, Baqu\u00e9 i Ampo.<\/p>\n<p>La competici\u00f3 arrencar\u00e0 amb una primera etapa que partir\u00e0 des de Val\u00e8ncia el proper dijous 6 de setembre. Una etapa de 132 quil\u00f2metres que desembocar\u00e0 a Riba-roja de T\u00faria. Una de les grans novetats d&#8217;aquesta edici\u00f3 arribar\u00e0 amb la inclusi\u00f3 d&#8217;una segona etapa molt selectiva a l&#8217;Alt T\u00faria, amb sortida a Benag\u00e9ber i meta a Aras de los Olmos. La tercera etapa tamb\u00e9 \u00e9s nova a la ronda valenciana: una contrarellotge individual a Ll\u00edria que superar\u00e0 els 20 quil\u00f2metres. La prova s&#8217;acomiadar\u00e0 diumenge amb el tradicional circuit de Montcada.<\/p>\n<p>La Diputaci\u00f3, bolcada amb l&#8217;esport<\/p>\n<p>Amb un total de 428 quil\u00f2metres dividits en quatre etapes, la Volta a Val\u00e8ncia \u00e9s ja &#8220;un cl\u00e0ssic&#8221; en l&#8217;esport valenci\u00e0. &#8220;Un esport, el ciclisme, que comparteix els valors que des de l&#8217;\u00e0rea que dirigeixo volem traslladar al full de ruta que guia a tota la corporaci\u00f3&#8221;, ha defensat Isabel Garc\u00eda en roda de premsa. &#8220;Aquest \u00e9s un esdeveniment que serveix, a m\u00e9s per demostrar que la nostra prov\u00edncia est\u00e0 preparada per acollir qualsevol tipus d&#8217;esdeveniment esportiu&#8221;, ha defensat la diputada.<\/p>\n","protected":false},"excerpt":{"rendered":"<div class=\"mh-excerpt\">La Volta a Val\u00e8ncia &#8211; Trofeu Diputaci\u00f3 torna a Val\u00e8ncia amb la que \u00e9s ja la seva vuitena edici\u00f3, el que la converteix en una cita imprescindible en el calendari valenci\u00e0. La presentaci\u00f3 oficial ha <a class=\"mh-excerpt-more\" href=\"https:\/\/tucomarca.whitekongsoftware.com\/ca\/la-volta-a-valencia-trofeu-diputacio-es-consolida-amb-la-seva-vuitena-edicio\/\" title=\"La Volta a Val\u00e8ncia &#8211; Trofeu Diputaci\u00f3 es consolida amb la seva vuitena edici\u00f3\">[+] <\/a><\/div>\n","protected":false},"author":1,"featured_media":74160,"comment_status":"open","ping_status":"open","sticky":false,"template":"","format":"standard","meta":{"footnotes":""},"categories":[11013,11003,10898,10904,10896],"tags":[11204,3675,10661],"class_list":["post-74162","post","type-post","status-publish","format-standard","has-post-thumbnail","category-ciclismo-ca","category-sports","category-ventana-ca","category-sin-categorizar-ca","category-seccion-ca","tag-ciclisme","tag-diputacio","tag-esports"],"_links":{"self":[{"href":"https:\/\/tucomarca.whitekongsoftware.com\/ca\/wp-json\/wp\/v2\/posts\/74162","targetHints":{"allow":["GET"]}}],"collection":[{"href":"https:\/\/tucomarca.whitekongsoftware.com\/ca\/wp-json\/wp\/v2\/posts"}],"about":[{"href":"https:\/\/tucomarca.whitekongsoftware.com\/ca\/wp-json\/wp\/v2\/types\/post"}],"author":[{"embeddable":true,"href":"https:\/\/tucomarca.whitekongsoftware.com\/ca\/wp-json\/wp\/v2\/users\/1"}],"replies":[{"embeddable":true,"href":"https:\/\/tucomarca.whitekongsoftware.com\/ca\/wp-json\/wp\/v2\/comments?post=74162"}],"version-history":[{"count":0,"href":"https:\/\/tucomarca.whitekongsoftware.com\/ca\/wp-json\/wp\/v2\/posts\/74162\/revisions"}],"wp:featuredmedia":[{"embeddable":true,"href":"https:\/\/tucomarca.whitekongsoftware.com\/ca\/wp-json\/wp\/v2\/media\/74160"}],"wp:attachment":[{"href":"https:\/\/tucomarca.whitekongsoftware.com\/ca\/wp-json\/wp\/v2\/media?parent=74162"}],"wp:term":[{"taxonomy":"category","embeddable":true,"href":"https:\/\/tucomarca.whitekongsoftware.com\/ca\/wp-json\/wp\/v2\/categories?post=74162"},{"taxonomy":"post_tag","embeddable":true,"href":"https:\/\/tucomarca.whitekongsoftware.com\/ca\/wp-json\/wp\/v2\/tags?post=74162"}],"curies":[{"name":"wp","href":"https:\/\/api.w.org\/{rel}","templated":true}]}}