{"id":73998,"date":"2018-09-04T21:22:40","date_gmt":"2018-09-04T19:22:40","guid":{"rendered":"http:\/\/www.tucomarca.com\/wordpress\/segunda\/?p=73998"},"modified":"2018-09-05T11:04:48","modified_gmt":"2018-09-05T09:04:48","slug":"fotogaleria-les-bandes-dalboraig-bunyol-landete-millares-sinarcas-i-iatova-protagonitzen-el-dia-de-les-musiques-a-bunyol","status":"publish","type":"post","link":"https:\/\/tucomarca.whitekongsoftware.com\/ca\/fotogaleria-les-bandes-dalboraig-bunyol-landete-millares-sinarcas-i-iatova-protagonitzen-el-dia-de-les-musiques-a-bunyol\/","title":{"rendered":"Fotogaler\u00eda: les bandes d&#8217;Alboraig, Bunyol, Landete, Millares, Sinarcas i I\u00e0tova protagonitzen el Dia de les M\u00fasiques a Bunyol"},"content":{"rendered":"<figure id=\"attachment_74101\" aria-describedby=\"caption-attachment-74101\" style=\"width: 401px\" class=\"wp-caption alignleft\"><img loading=\"lazy\" decoding=\"async\" class=\" wp-image-74101\" src=\"http:\/\/www.tucomarca.com\/wordpress\/segunda\/wp-content\/uploads\/2018\/09\/DiaMusicas52.jpg\" alt=\"El prsidente del CIM \u00abSanta Cecilia\u00bb ha recogido el premio.\" width=\"401\" height=\"267\" srcset=\"https:\/\/tucomarca.whitekongsoftware.com\/wp-content\/uploads\/2018\/09\/DiaMusicas52.jpg 787w, https:\/\/tucomarca.whitekongsoftware.com\/wp-content\/uploads\/2018\/09\/DiaMusicas52-300x200.jpg 300w, https:\/\/tucomarca.whitekongsoftware.com\/wp-content\/uploads\/2018\/09\/DiaMusicas52-768x512.jpg 768w\" sizes=\"auto, (max-width: 401px) 100vw, 401px\" \/><figcaption id=\"caption-attachment-74101\" class=\"wp-caption-text\">El president del CIM \u00abSanta Cecilia\u00bb ha\u00a0recollit el premi.<\/figcaption><\/figure>\n<p>Les bandes de la Uni\u00f3 Musical \u00abL&#8217;Art\u00bb de Sinarcas; la SIM \u00abLa Primitiva\u00bb d&#8217;Alboraig; el CIM \u00abSanta Cec\u00edlia\u00bb de I\u00e0tova; La Uni\u00f3 Musical Millarense de Millars; La Uni\u00f3 Musical \u00abSanta Cec\u00edlia\u00bb de Landete (Conca); i La Uni\u00f3 Musical de I\u00e1tova han estat les protagonistes del Dia de les M\u00fasiques a Bunyol, al costat de les dues agrupacions locals: el CIM \u00abL&#8217;Arm\u00f2nica\u00bb i la SM \u00abL&#8217;Art\u00edstica\u00bb de Bunyol.<\/p>\n<p>El CIM \u00abSanta Cec\u00edlia\u00bb ha estat a m\u00e9s la vencedora del tercer concurs de desfilades de bandes, el president, Joaqu\u00edn Ortiz, ha recollit el guard\u00f3 per segon any (el primer\u00a0va ser en\u00a02015).<\/p>\n<div id='gallery-1' class='gallery galleryid-73998 gallery-columns-3 gallery-size-thumbnail'><figure class='gallery-item'>\n\t\t\t<div class='gallery-icon landscape'>\n\t\t\t\t<a href='https:\/\/tucomarca.whitekongsoftware.com\/ca\/fotogaleria-les-bandes-dalboraig-bunyol-landete-millares-sinarcas-i-iatova-protagonitzen-el-dia-de-les-musiques-a-bunyol\/diamusicas01\/'><img loading=\"lazy\" decoding=\"async\" width=\"245\" height=\"245\" src=\"https:\/\/tucomarca.whitekongsoftware.com\/wp-content\/uploads\/2018\/09\/DiaMusicas01-290x290.jpg\" class=\"attachment-thumbnail size-thumbnail\" alt=\"\" srcset=\"https:\/\/tucomarca.whitekongsoftware.com\/wp-content\/uploads\/2018\/09\/DiaMusicas01-290x290.jpg 290w, https:\/\/tucomarca.whitekongsoftware.com\/wp-content\/uploads\/2018\/09\/DiaMusicas01-50x50.jpg 50w\" sizes=\"auto, (max-width: 245px) 100vw, 245px\" \/><\/a>\n\t\t\t<\/div><\/figure><figure class='gallery-item'>\n\t\t\t<div class='gallery-icon landscape'>\n\t\t\t\t<a href='https:\/\/tucomarca.whitekongsoftware.com\/ca\/fotogaleria-les-bandes-dalboraig-bunyol-landete-millares-sinarcas-i-iatova-protagonitzen-el-dia-de-les-musiques-a-bunyol\/diamusicas02\/'><img loading=\"lazy\" decoding=\"async\" width=\"245\" height=\"245\" src=\"https:\/\/tucomarca.whitekongsoftware.com\/wp-content\/uploads\/2018\/09\/DiaMusicas02-290x290.jpg\" class=\"attachment-thumbnail size-thumbnail\" alt=\"\" srcset=\"https:\/\/tucomarca.whitekongsoftware.com\/wp-content\/uploads\/2018\/09\/DiaMusicas02-290x290.jpg 290w, https:\/\/tucomarca.whitekongsoftware.com\/wp-content\/uploads\/2018\/09\/DiaMusicas02-50x50.jpg 50w\" sizes=\"auto, (max-width: 245px) 100vw, 245px\" \/><\/a>\n\t\t\t<\/div><\/figure><figure class='gallery-item'>\n\t\t\t<div class='gallery-icon landscape'>\n\t\t\t\t<a href='https:\/\/tucomarca.whitekongsoftware.com\/ca\/fotogaleria-les-bandes-dalboraig-bunyol-landete-millares-sinarcas-i-iatova-protagonitzen-el-dia-de-les-musiques-a-bunyol\/diamusicas03\/'><img loading=\"lazy\" decoding=\"async\" width=\"245\" height=\"245\" src=\"https:\/\/tucomarca.whitekongsoftware.com\/wp-content\/uploads\/2018\/09\/DiaMusicas03-290x290.jpg\" class=\"attachment-thumbnail size-thumbnail\" alt=\"\" srcset=\"https:\/\/tucomarca.whitekongsoftware.com\/wp-content\/uploads\/2018\/09\/DiaMusicas03-290x290.jpg 290w, https:\/\/tucomarca.whitekongsoftware.com\/wp-content\/uploads\/2018\/09\/DiaMusicas03-50x50.jpg 50w\" sizes=\"auto, (max-width: 245px) 100vw, 245px\" \/><\/a>\n\t\t\t<\/div><\/figure><figure class='gallery-item'>\n\t\t\t<div class='gallery-icon landscape'>\n\t\t\t\t<a href='https:\/\/tucomarca.whitekongsoftware.com\/ca\/fotogaleria-les-bandes-dalboraig-bunyol-landete-millares-sinarcas-i-iatova-protagonitzen-el-dia-de-les-musiques-a-bunyol\/diamusicas04\/'><img loading=\"lazy\" decoding=\"async\" width=\"245\" height=\"245\" src=\"https:\/\/tucomarca.whitekongsoftware.com\/wp-content\/uploads\/2018\/09\/DiaMusicas04-290x290.jpg\" class=\"attachment-thumbnail size-thumbnail\" alt=\"\" srcset=\"https:\/\/tucomarca.whitekongsoftware.com\/wp-content\/uploads\/2018\/09\/DiaMusicas04-290x290.jpg 290w, https:\/\/tucomarca.whitekongsoftware.com\/wp-content\/uploads\/2018\/09\/DiaMusicas04-50x50.jpg 50w\" sizes=\"auto, (max-width: 245px) 100vw, 245px\" \/><\/a>\n\t\t\t<\/div><\/figure><figure class='gallery-item'>\n\t\t\t<div class='gallery-icon landscape'>\n\t\t\t\t<a href='https:\/\/tucomarca.whitekongsoftware.com\/ca\/fotogaleria-les-bandes-dalboraig-bunyol-landete-millares-sinarcas-i-iatova-protagonitzen-el-dia-de-les-musiques-a-bunyol\/diamusicas05\/'><img loading=\"lazy\" decoding=\"async\" width=\"245\" height=\"245\" src=\"https:\/\/tucomarca.whitekongsoftware.com\/wp-content\/uploads\/2018\/09\/DiaMusicas05-290x290.jpg\" class=\"attachment-thumbnail size-thumbnail\" alt=\"\" srcset=\"https:\/\/tucomarca.whitekongsoftware.com\/wp-content\/uploads\/2018\/09\/DiaMusicas05-290x290.jpg 290w, https:\/\/tucomarca.whitekongsoftware.com\/wp-content\/uploads\/2018\/09\/DiaMusicas05-50x50.jpg 50w\" sizes=\"auto, (max-width: 245px) 100vw, 245px\" \/><\/a>\n\t\t\t<\/div><\/figure><figure class='gallery-item'>\n\t\t\t<div class='gallery-icon landscape'>\n\t\t\t\t<a href='https:\/\/tucomarca.whitekongsoftware.com\/ca\/fotogaleria-les-bandes-dalboraig-bunyol-landete-millares-sinarcas-i-iatova-protagonitzen-el-dia-de-les-musiques-a-bunyol\/diamusicas06\/'><img loading=\"lazy\" decoding=\"async\" width=\"245\" height=\"245\" src=\"https:\/\/tucomarca.whitekongsoftware.com\/wp-content\/uploads\/2018\/09\/DiaMusicas06-290x290.jpg\" class=\"attachment-thumbnail size-thumbnail\" alt=\"\" srcset=\"https:\/\/tucomarca.whitekongsoftware.com\/wp-content\/uploads\/2018\/09\/DiaMusicas06-290x290.jpg 290w, https:\/\/tucomarca.whitekongsoftware.com\/wp-content\/uploads\/2018\/09\/DiaMusicas06-50x50.jpg 50w\" sizes=\"auto, (max-width: 245px) 100vw, 245px\" \/><\/a>\n\t\t\t<\/div><\/figure><figure class='gallery-item'>\n\t\t\t<div class='gallery-icon landscape'>\n\t\t\t\t<a href='https:\/\/tucomarca.whitekongsoftware.com\/ca\/fotogaleria-les-bandes-dalboraig-bunyol-landete-millares-sinarcas-i-iatova-protagonitzen-el-dia-de-les-musiques-a-bunyol\/diamusicas07\/'><img loading=\"lazy\" decoding=\"async\" width=\"245\" height=\"245\" src=\"https:\/\/tucomarca.whitekongsoftware.com\/wp-content\/uploads\/2018\/09\/DiaMusicas07-290x290.jpg\" class=\"attachment-thumbnail size-thumbnail\" alt=\"\" srcset=\"https:\/\/tucomarca.whitekongsoftware.com\/wp-content\/uploads\/2018\/09\/DiaMusicas07-290x290.jpg 290w, https:\/\/tucomarca.whitekongsoftware.com\/wp-content\/uploads\/2018\/09\/DiaMusicas07-50x50.jpg 50w\" sizes=\"auto, (max-width: 245px) 100vw, 245px\" \/><\/a>\n\t\t\t<\/div><\/figure><figure class='gallery-item'>\n\t\t\t<div class='gallery-icon landscape'>\n\t\t\t\t<a href='https:\/\/tucomarca.whitekongsoftware.com\/ca\/fotogaleria-les-bandes-dalboraig-bunyol-landete-millares-sinarcas-i-iatova-protagonitzen-el-dia-de-les-musiques-a-bunyol\/diamusicas08\/'><img loading=\"lazy\" decoding=\"async\" width=\"245\" height=\"245\" src=\"https:\/\/tucomarca.whitekongsoftware.com\/wp-content\/uploads\/2018\/09\/DiaMusicas08-290x290.jpg\" class=\"attachment-thumbnail size-thumbnail\" alt=\"\" srcset=\"https:\/\/tucomarca.whitekongsoftware.com\/wp-content\/uploads\/2018\/09\/DiaMusicas08-290x290.jpg 290w, https:\/\/tucomarca.whitekongsoftware.com\/wp-content\/uploads\/2018\/09\/DiaMusicas08-50x50.jpg 50w\" sizes=\"auto, (max-width: 245px) 100vw, 245px\" \/><\/a>\n\t\t\t<\/div><\/figure><figure class='gallery-item'>\n\t\t\t<div class='gallery-icon landscape'>\n\t\t\t\t<a href='https:\/\/tucomarca.whitekongsoftware.com\/ca\/fotogaleria-les-bandes-dalboraig-bunyol-landete-millares-sinarcas-i-iatova-protagonitzen-el-dia-de-les-musiques-a-bunyol\/diamusicas09\/'><img loading=\"lazy\" decoding=\"async\" width=\"245\" height=\"245\" src=\"https:\/\/tucomarca.whitekongsoftware.com\/wp-content\/uploads\/2018\/09\/DiaMusicas09-290x290.jpg\" class=\"attachment-thumbnail size-thumbnail\" alt=\"\" srcset=\"https:\/\/tucomarca.whitekongsoftware.com\/wp-content\/uploads\/2018\/09\/DiaMusicas09-290x290.jpg 290w, https:\/\/tucomarca.whitekongsoftware.com\/wp-content\/uploads\/2018\/09\/DiaMusicas09-50x50.jpg 50w\" sizes=\"auto, (max-width: 245px) 100vw, 245px\" \/><\/a>\n\t\t\t<\/div><\/figure><figure class='gallery-item'>\n\t\t\t<div class='gallery-icon landscape'>\n\t\t\t\t<a href='https:\/\/tucomarca.whitekongsoftware.com\/ca\/fotogaleria-les-bandes-dalboraig-bunyol-landete-millares-sinarcas-i-iatova-protagonitzen-el-dia-de-les-musiques-a-bunyol\/diamusicas10\/'><img loading=\"lazy\" decoding=\"async\" width=\"245\" height=\"245\" src=\"https:\/\/tucomarca.whitekongsoftware.com\/wp-content\/uploads\/2018\/09\/DiaMusicas10-290x290.jpg\" class=\"attachment-thumbnail size-thumbnail\" alt=\"\" srcset=\"https:\/\/tucomarca.whitekongsoftware.com\/wp-content\/uploads\/2018\/09\/DiaMusicas10-290x290.jpg 290w, https:\/\/tucomarca.whitekongsoftware.com\/wp-content\/uploads\/2018\/09\/DiaMusicas10-50x50.jpg 50w\" sizes=\"auto, (max-width: 245px) 100vw, 245px\" \/><\/a>\n\t\t\t<\/div><\/figure><figure class='gallery-item'>\n\t\t\t<div class='gallery-icon landscape'>\n\t\t\t\t<a href='https:\/\/tucomarca.whitekongsoftware.com\/ca\/fotogaleria-les-bandes-dalboraig-bunyol-landete-millares-sinarcas-i-iatova-protagonitzen-el-dia-de-les-musiques-a-bunyol\/diamusicas11\/'><img loading=\"lazy\" decoding=\"async\" width=\"245\" height=\"245\" src=\"https:\/\/tucomarca.whitekongsoftware.com\/wp-content\/uploads\/2018\/09\/DiaMusicas11-290x290.jpg\" class=\"attachment-thumbnail size-thumbnail\" alt=\"\" srcset=\"https:\/\/tucomarca.whitekongsoftware.com\/wp-content\/uploads\/2018\/09\/DiaMusicas11-290x290.jpg 290w, https:\/\/tucomarca.whitekongsoftware.com\/wp-content\/uploads\/2018\/09\/DiaMusicas11-50x50.jpg 50w\" sizes=\"auto, (max-width: 245px) 100vw, 245px\" \/><\/a>\n\t\t\t<\/div><\/figure><figure class='gallery-item'>\n\t\t\t<div class='gallery-icon landscape'>\n\t\t\t\t<a href='https:\/\/tucomarca.whitekongsoftware.com\/ca\/fotogaleria-les-bandes-dalboraig-bunyol-landete-millares-sinarcas-i-iatova-protagonitzen-el-dia-de-les-musiques-a-bunyol\/diamusicas12\/'><img loading=\"lazy\" decoding=\"async\" width=\"245\" height=\"245\" src=\"https:\/\/tucomarca.whitekongsoftware.com\/wp-content\/uploads\/2018\/09\/DiaMusicas12-290x290.jpg\" class=\"attachment-thumbnail size-thumbnail\" alt=\"\" srcset=\"https:\/\/tucomarca.whitekongsoftware.com\/wp-content\/uploads\/2018\/09\/DiaMusicas12-290x290.jpg 290w, https:\/\/tucomarca.whitekongsoftware.com\/wp-content\/uploads\/2018\/09\/DiaMusicas12-50x50.jpg 50w\" sizes=\"auto, (max-width: 245px) 100vw, 245px\" \/><\/a>\n\t\t\t<\/div><\/figure><figure class='gallery-item'>\n\t\t\t<div class='gallery-icon landscape'>\n\t\t\t\t<a href='https:\/\/tucomarca.whitekongsoftware.com\/ca\/fotogaleria-les-bandes-dalboraig-bunyol-landete-millares-sinarcas-i-iatova-protagonitzen-el-dia-de-les-musiques-a-bunyol\/diamusicas13\/'><img loading=\"lazy\" decoding=\"async\" width=\"245\" height=\"245\" src=\"https:\/\/tucomarca.whitekongsoftware.com\/wp-content\/uploads\/2018\/09\/DiaMusicas13-290x290.jpg\" class=\"attachment-thumbnail size-thumbnail\" alt=\"\" srcset=\"https:\/\/tucomarca.whitekongsoftware.com\/wp-content\/uploads\/2018\/09\/DiaMusicas13-290x290.jpg 290w, https:\/\/tucomarca.whitekongsoftware.com\/wp-content\/uploads\/2018\/09\/DiaMusicas13-50x50.jpg 50w\" sizes=\"auto, (max-width: 245px) 100vw, 245px\" \/><\/a>\n\t\t\t<\/div><\/figure><figure class='gallery-item'>\n\t\t\t<div class='gallery-icon landscape'>\n\t\t\t\t<a href='https:\/\/tucomarca.whitekongsoftware.com\/ca\/fotogaleria-les-bandes-dalboraig-bunyol-landete-millares-sinarcas-i-iatova-protagonitzen-el-dia-de-les-musiques-a-bunyol\/diamusicas14\/'><img loading=\"lazy\" decoding=\"async\" width=\"245\" height=\"245\" src=\"https:\/\/tucomarca.whitekongsoftware.com\/wp-content\/uploads\/2018\/09\/DiaMusicas14-290x290.jpg\" class=\"attachment-thumbnail size-thumbnail\" alt=\"\" srcset=\"https:\/\/tucomarca.whitekongsoftware.com\/wp-content\/uploads\/2018\/09\/DiaMusicas14-290x290.jpg 290w, https:\/\/tucomarca.whitekongsoftware.com\/wp-content\/uploads\/2018\/09\/DiaMusicas14-50x50.jpg 50w\" sizes=\"auto, (max-width: 245px) 100vw, 245px\" \/><\/a>\n\t\t\t<\/div><\/figure><figure class='gallery-item'>\n\t\t\t<div class='gallery-icon landscape'>\n\t\t\t\t<a href='https:\/\/tucomarca.whitekongsoftware.com\/ca\/fotogaleria-les-bandes-dalboraig-bunyol-landete-millares-sinarcas-i-iatova-protagonitzen-el-dia-de-les-musiques-a-bunyol\/diamusicas15\/'><img loading=\"lazy\" decoding=\"async\" width=\"245\" height=\"245\" src=\"https:\/\/tucomarca.whitekongsoftware.com\/wp-content\/uploads\/2018\/09\/DiaMusicas15-290x290.jpg\" class=\"attachment-thumbnail size-thumbnail\" alt=\"\" srcset=\"https:\/\/tucomarca.whitekongsoftware.com\/wp-content\/uploads\/2018\/09\/DiaMusicas15-290x290.jpg 290w, https:\/\/tucomarca.whitekongsoftware.com\/wp-content\/uploads\/2018\/09\/DiaMusicas15-50x50.jpg 50w\" sizes=\"auto, (max-width: 245px) 100vw, 245px\" \/><\/a>\n\t\t\t<\/div><\/figure><figure class='gallery-item'>\n\t\t\t<div class='gallery-icon landscape'>\n\t\t\t\t<a href='https:\/\/tucomarca.whitekongsoftware.com\/ca\/fotogaleria-les-bandes-dalboraig-bunyol-landete-millares-sinarcas-i-iatova-protagonitzen-el-dia-de-les-musiques-a-bunyol\/diamusicas16\/'><img loading=\"lazy\" decoding=\"async\" width=\"245\" height=\"245\" src=\"https:\/\/tucomarca.whitekongsoftware.com\/wp-content\/uploads\/2018\/09\/DiaMusicas16-290x290.jpg\" class=\"attachment-thumbnail size-thumbnail\" alt=\"\" srcset=\"https:\/\/tucomarca.whitekongsoftware.com\/wp-content\/uploads\/2018\/09\/DiaMusicas16-290x290.jpg 290w, https:\/\/tucomarca.whitekongsoftware.com\/wp-content\/uploads\/2018\/09\/DiaMusicas16-50x50.jpg 50w\" sizes=\"auto, (max-width: 245px) 100vw, 245px\" \/><\/a>\n\t\t\t<\/div><\/figure><figure class='gallery-item'>\n\t\t\t<div class='gallery-icon landscape'>\n\t\t\t\t<a href='https:\/\/tucomarca.whitekongsoftware.com\/ca\/fotogaleria-les-bandes-dalboraig-bunyol-landete-millares-sinarcas-i-iatova-protagonitzen-el-dia-de-les-musiques-a-bunyol\/diamusicas17\/'><img loading=\"lazy\" decoding=\"async\" width=\"245\" height=\"245\" src=\"https:\/\/tucomarca.whitekongsoftware.com\/wp-content\/uploads\/2018\/09\/DiaMusicas17-290x290.jpg\" class=\"attachment-thumbnail size-thumbnail\" alt=\"\" srcset=\"https:\/\/tucomarca.whitekongsoftware.com\/wp-content\/uploads\/2018\/09\/DiaMusicas17-290x290.jpg 290w, https:\/\/tucomarca.whitekongsoftware.com\/wp-content\/uploads\/2018\/09\/DiaMusicas17-50x50.jpg 50w\" sizes=\"auto, (max-width: 245px) 100vw, 245px\" \/><\/a>\n\t\t\t<\/div><\/figure><figure class='gallery-item'>\n\t\t\t<div class='gallery-icon landscape'>\n\t\t\t\t<a href='https:\/\/tucomarca.whitekongsoftware.com\/ca\/fotogaleria-les-bandes-dalboraig-bunyol-landete-millares-sinarcas-i-iatova-protagonitzen-el-dia-de-les-musiques-a-bunyol\/diamusicas18\/'><img loading=\"lazy\" decoding=\"async\" width=\"245\" height=\"245\" src=\"https:\/\/tucomarca.whitekongsoftware.com\/wp-content\/uploads\/2018\/09\/DiaMusicas18-290x290.jpg\" class=\"attachment-thumbnail size-thumbnail\" alt=\"\" srcset=\"https:\/\/tucomarca.whitekongsoftware.com\/wp-content\/uploads\/2018\/09\/DiaMusicas18-290x290.jpg 290w, https:\/\/tucomarca.whitekongsoftware.com\/wp-content\/uploads\/2018\/09\/DiaMusicas18-50x50.jpg 50w\" sizes=\"auto, (max-width: 245px) 100vw, 245px\" \/><\/a>\n\t\t\t<\/div><\/figure><figure class='gallery-item'>\n\t\t\t<div class='gallery-icon landscape'>\n\t\t\t\t<a href='https:\/\/tucomarca.whitekongsoftware.com\/ca\/fotogaleria-les-bandes-dalboraig-bunyol-landete-millares-sinarcas-i-iatova-protagonitzen-el-dia-de-les-musiques-a-bunyol\/diamusicas19\/'><img loading=\"lazy\" decoding=\"async\" width=\"245\" height=\"245\" src=\"https:\/\/tucomarca.whitekongsoftware.com\/wp-content\/uploads\/2018\/09\/DiaMusicas19-290x290.jpg\" class=\"attachment-thumbnail size-thumbnail\" alt=\"\" srcset=\"https:\/\/tucomarca.whitekongsoftware.com\/wp-content\/uploads\/2018\/09\/DiaMusicas19-290x290.jpg 290w, https:\/\/tucomarca.whitekongsoftware.com\/wp-content\/uploads\/2018\/09\/DiaMusicas19-50x50.jpg 50w\" sizes=\"auto, (max-width: 245px) 100vw, 245px\" \/><\/a>\n\t\t\t<\/div><\/figure><figure class='gallery-item'>\n\t\t\t<div class='gallery-icon landscape'>\n\t\t\t\t<a href='https:\/\/tucomarca.whitekongsoftware.com\/ca\/fotogaleria-les-bandes-dalboraig-bunyol-landete-millares-sinarcas-i-iatova-protagonitzen-el-dia-de-les-musiques-a-bunyol\/diamusicas20\/'><img loading=\"lazy\" decoding=\"async\" width=\"245\" height=\"245\" src=\"https:\/\/tucomarca.whitekongsoftware.com\/wp-content\/uploads\/2018\/09\/DiaMusicas20-290x290.jpg\" class=\"attachment-thumbnail size-thumbnail\" alt=\"\" srcset=\"https:\/\/tucomarca.whitekongsoftware.com\/wp-content\/uploads\/2018\/09\/DiaMusicas20-290x290.jpg 290w, https:\/\/tucomarca.whitekongsoftware.com\/wp-content\/uploads\/2018\/09\/DiaMusicas20-50x50.jpg 50w\" sizes=\"auto, (max-width: 245px) 100vw, 245px\" \/><\/a>\n\t\t\t<\/div><\/figure><figure class='gallery-item'>\n\t\t\t<div class='gallery-icon landscape'>\n\t\t\t\t<a href='https:\/\/tucomarca.whitekongsoftware.com\/ca\/fotogaleria-les-bandes-dalboraig-bunyol-landete-millares-sinarcas-i-iatova-protagonitzen-el-dia-de-les-musiques-a-bunyol\/diamusicas21\/'><img loading=\"lazy\" decoding=\"async\" width=\"245\" height=\"245\" src=\"https:\/\/tucomarca.whitekongsoftware.com\/wp-content\/uploads\/2018\/09\/DiaMusicas21-290x290.jpg\" class=\"attachment-thumbnail size-thumbnail\" alt=\"\" srcset=\"https:\/\/tucomarca.whitekongsoftware.com\/wp-content\/uploads\/2018\/09\/DiaMusicas21-290x290.jpg 290w, https:\/\/tucomarca.whitekongsoftware.com\/wp-content\/uploads\/2018\/09\/DiaMusicas21-50x50.jpg 50w\" sizes=\"auto, (max-width: 245px) 100vw, 245px\" \/><\/a>\n\t\t\t<\/div><\/figure><figure class='gallery-item'>\n\t\t\t<div class='gallery-icon landscape'>\n\t\t\t\t<a href='https:\/\/tucomarca.whitekongsoftware.com\/ca\/fotogaleria-les-bandes-dalboraig-bunyol-landete-millares-sinarcas-i-iatova-protagonitzen-el-dia-de-les-musiques-a-bunyol\/diamusicas22\/'><img loading=\"lazy\" decoding=\"async\" width=\"245\" height=\"245\" src=\"https:\/\/tucomarca.whitekongsoftware.com\/wp-content\/uploads\/2018\/09\/DiaMusicas22-290x290.jpg\" class=\"attachment-thumbnail size-thumbnail\" alt=\"\" srcset=\"https:\/\/tucomarca.whitekongsoftware.com\/wp-content\/uploads\/2018\/09\/DiaMusicas22-290x290.jpg 290w, https:\/\/tucomarca.whitekongsoftware.com\/wp-content\/uploads\/2018\/09\/DiaMusicas22-50x50.jpg 50w\" sizes=\"auto, (max-width: 245px) 100vw, 245px\" \/><\/a>\n\t\t\t<\/div><\/figure><figure class='gallery-item'>\n\t\t\t<div class='gallery-icon landscape'>\n\t\t\t\t<a href='https:\/\/tucomarca.whitekongsoftware.com\/ca\/fotogaleria-les-bandes-dalboraig-bunyol-landete-millares-sinarcas-i-iatova-protagonitzen-el-dia-de-les-musiques-a-bunyol\/diamusicas23\/'><img loading=\"lazy\" decoding=\"async\" width=\"245\" height=\"245\" src=\"https:\/\/tucomarca.whitekongsoftware.com\/wp-content\/uploads\/2018\/09\/DiaMusicas23-290x290.jpg\" class=\"attachment-thumbnail size-thumbnail\" alt=\"\" srcset=\"https:\/\/tucomarca.whitekongsoftware.com\/wp-content\/uploads\/2018\/09\/DiaMusicas23-290x290.jpg 290w, https:\/\/tucomarca.whitekongsoftware.com\/wp-content\/uploads\/2018\/09\/DiaMusicas23-50x50.jpg 50w\" sizes=\"auto, (max-width: 245px) 100vw, 245px\" \/><\/a>\n\t\t\t<\/div><\/figure><figure class='gallery-item'>\n\t\t\t<div class='gallery-icon landscape'>\n\t\t\t\t<a href='https:\/\/tucomarca.whitekongsoftware.com\/ca\/fotogaleria-les-bandes-dalboraig-bunyol-landete-millares-sinarcas-i-iatova-protagonitzen-el-dia-de-les-musiques-a-bunyol\/diamusicas24\/'><img loading=\"lazy\" decoding=\"async\" width=\"245\" height=\"245\" src=\"https:\/\/tucomarca.whitekongsoftware.com\/wp-content\/uploads\/2018\/09\/DiaMusicas24-290x290.jpg\" class=\"attachment-thumbnail size-thumbnail\" alt=\"\" srcset=\"https:\/\/tucomarca.whitekongsoftware.com\/wp-content\/uploads\/2018\/09\/DiaMusicas24-290x290.jpg 290w, https:\/\/tucomarca.whitekongsoftware.com\/wp-content\/uploads\/2018\/09\/DiaMusicas24-50x50.jpg 50w\" sizes=\"auto, (max-width: 245px) 100vw, 245px\" \/><\/a>\n\t\t\t<\/div><\/figure><figure class='gallery-item'>\n\t\t\t<div class='gallery-icon landscape'>\n\t\t\t\t<a href='https:\/\/tucomarca.whitekongsoftware.com\/ca\/fotogaleria-les-bandes-dalboraig-bunyol-landete-millares-sinarcas-i-iatova-protagonitzen-el-dia-de-les-musiques-a-bunyol\/diamusicas25\/'><img loading=\"lazy\" decoding=\"async\" width=\"245\" height=\"245\" src=\"https:\/\/tucomarca.whitekongsoftware.com\/wp-content\/uploads\/2018\/09\/DiaMusicas25-290x290.jpg\" class=\"attachment-thumbnail size-thumbnail\" alt=\"\" srcset=\"https:\/\/tucomarca.whitekongsoftware.com\/wp-content\/uploads\/2018\/09\/DiaMusicas25-290x290.jpg 290w, https:\/\/tucomarca.whitekongsoftware.com\/wp-content\/uploads\/2018\/09\/DiaMusicas25-50x50.jpg 50w\" sizes=\"auto, (max-width: 245px) 100vw, 245px\" \/><\/a>\n\t\t\t<\/div><\/figure><figure class='gallery-item'>\n\t\t\t<div class='gallery-icon landscape'>\n\t\t\t\t<a href='https:\/\/tucomarca.whitekongsoftware.com\/ca\/fotogaleria-les-bandes-dalboraig-bunyol-landete-millares-sinarcas-i-iatova-protagonitzen-el-dia-de-les-musiques-a-bunyol\/diamusicas26\/'><img loading=\"lazy\" decoding=\"async\" width=\"245\" height=\"245\" src=\"https:\/\/tucomarca.whitekongsoftware.com\/wp-content\/uploads\/2018\/09\/DiaMusicas26-290x290.jpg\" class=\"attachment-thumbnail size-thumbnail\" alt=\"\" srcset=\"https:\/\/tucomarca.whitekongsoftware.com\/wp-content\/uploads\/2018\/09\/DiaMusicas26-290x290.jpg 290w, https:\/\/tucomarca.whitekongsoftware.com\/wp-content\/uploads\/2018\/09\/DiaMusicas26-50x50.jpg 50w\" sizes=\"auto, (max-width: 245px) 100vw, 245px\" \/><\/a>\n\t\t\t<\/div><\/figure><figure class='gallery-item'>\n\t\t\t<div class='gallery-icon landscape'>\n\t\t\t\t<a href='https:\/\/tucomarca.whitekongsoftware.com\/ca\/fotogaleria-les-bandes-dalboraig-bunyol-landete-millares-sinarcas-i-iatova-protagonitzen-el-dia-de-les-musiques-a-bunyol\/diamusicas27\/'><img loading=\"lazy\" decoding=\"async\" width=\"245\" height=\"245\" src=\"https:\/\/tucomarca.whitekongsoftware.com\/wp-content\/uploads\/2018\/09\/DiaMusicas27-290x290.jpg\" class=\"attachment-thumbnail size-thumbnail\" alt=\"\" srcset=\"https:\/\/tucomarca.whitekongsoftware.com\/wp-content\/uploads\/2018\/09\/DiaMusicas27-290x290.jpg 290w, https:\/\/tucomarca.whitekongsoftware.com\/wp-content\/uploads\/2018\/09\/DiaMusicas27-50x50.jpg 50w\" sizes=\"auto, (max-width: 245px) 100vw, 245px\" \/><\/a>\n\t\t\t<\/div><\/figure><figure class='gallery-item'>\n\t\t\t<div class='gallery-icon landscape'>\n\t\t\t\t<a href='https:\/\/tucomarca.whitekongsoftware.com\/ca\/fotogaleria-les-bandes-dalboraig-bunyol-landete-millares-sinarcas-i-iatova-protagonitzen-el-dia-de-les-musiques-a-bunyol\/diamusicas28\/'><img loading=\"lazy\" decoding=\"async\" width=\"245\" height=\"245\" src=\"https:\/\/tucomarca.whitekongsoftware.com\/wp-content\/uploads\/2018\/09\/DiaMusicas28-290x290.jpg\" class=\"attachment-thumbnail size-thumbnail\" alt=\"\" srcset=\"https:\/\/tucomarca.whitekongsoftware.com\/wp-content\/uploads\/2018\/09\/DiaMusicas28-290x290.jpg 290w, https:\/\/tucomarca.whitekongsoftware.com\/wp-content\/uploads\/2018\/09\/DiaMusicas28-50x50.jpg 50w\" sizes=\"auto, (max-width: 245px) 100vw, 245px\" \/><\/a>\n\t\t\t<\/div><\/figure><figure class='gallery-item'>\n\t\t\t<div class='gallery-icon landscape'>\n\t\t\t\t<a href='https:\/\/tucomarca.whitekongsoftware.com\/ca\/fotogaleria-les-bandes-dalboraig-bunyol-landete-millares-sinarcas-i-iatova-protagonitzen-el-dia-de-les-musiques-a-bunyol\/diamusicas29\/'><img loading=\"lazy\" decoding=\"async\" width=\"245\" height=\"245\" src=\"https:\/\/tucomarca.whitekongsoftware.com\/wp-content\/uploads\/2018\/09\/DiaMusicas29-290x290.jpg\" class=\"attachment-thumbnail size-thumbnail\" alt=\"\" srcset=\"https:\/\/tucomarca.whitekongsoftware.com\/wp-content\/uploads\/2018\/09\/DiaMusicas29-290x290.jpg 290w, https:\/\/tucomarca.whitekongsoftware.com\/wp-content\/uploads\/2018\/09\/DiaMusicas29-50x50.jpg 50w\" sizes=\"auto, (max-width: 245px) 100vw, 245px\" \/><\/a>\n\t\t\t<\/div><\/figure><figure class='gallery-item'>\n\t\t\t<div class='gallery-icon landscape'>\n\t\t\t\t<a href='https:\/\/tucomarca.whitekongsoftware.com\/ca\/fotogaleria-les-bandes-dalboraig-bunyol-landete-millares-sinarcas-i-iatova-protagonitzen-el-dia-de-les-musiques-a-bunyol\/diamusicas30\/'><img loading=\"lazy\" decoding=\"async\" width=\"245\" height=\"245\" src=\"https:\/\/tucomarca.whitekongsoftware.com\/wp-content\/uploads\/2018\/09\/DiaMusicas30-290x290.jpg\" class=\"attachment-thumbnail size-thumbnail\" alt=\"\" srcset=\"https:\/\/tucomarca.whitekongsoftware.com\/wp-content\/uploads\/2018\/09\/DiaMusicas30-290x290.jpg 290w, https:\/\/tucomarca.whitekongsoftware.com\/wp-content\/uploads\/2018\/09\/DiaMusicas30-50x50.jpg 50w\" sizes=\"auto, (max-width: 245px) 100vw, 245px\" \/><\/a>\n\t\t\t<\/div><\/figure><figure class='gallery-item'>\n\t\t\t<div class='gallery-icon landscape'>\n\t\t\t\t<a href='https:\/\/tucomarca.whitekongsoftware.com\/ca\/fotogaleria-les-bandes-dalboraig-bunyol-landete-millares-sinarcas-i-iatova-protagonitzen-el-dia-de-les-musiques-a-bunyol\/diamusicas31\/'><img loading=\"lazy\" decoding=\"async\" width=\"245\" height=\"245\" src=\"https:\/\/tucomarca.whitekongsoftware.com\/wp-content\/uploads\/2018\/09\/DiaMusicas31-290x290.jpg\" class=\"attachment-thumbnail size-thumbnail\" alt=\"\" srcset=\"https:\/\/tucomarca.whitekongsoftware.com\/wp-content\/uploads\/2018\/09\/DiaMusicas31-290x290.jpg 290w, https:\/\/tucomarca.whitekongsoftware.com\/wp-content\/uploads\/2018\/09\/DiaMusicas31-50x50.jpg 50w\" sizes=\"auto, (max-width: 245px) 100vw, 245px\" \/><\/a>\n\t\t\t<\/div><\/figure><figure class='gallery-item'>\n\t\t\t<div class='gallery-icon landscape'>\n\t\t\t\t<a href='https:\/\/tucomarca.whitekongsoftware.com\/ca\/fotogaleria-les-bandes-dalboraig-bunyol-landete-millares-sinarcas-i-iatova-protagonitzen-el-dia-de-les-musiques-a-bunyol\/diamusicas32\/'><img loading=\"lazy\" decoding=\"async\" width=\"245\" height=\"245\" src=\"https:\/\/tucomarca.whitekongsoftware.com\/wp-content\/uploads\/2018\/09\/DiaMusicas32-290x290.jpg\" class=\"attachment-thumbnail size-thumbnail\" alt=\"\" srcset=\"https:\/\/tucomarca.whitekongsoftware.com\/wp-content\/uploads\/2018\/09\/DiaMusicas32-290x290.jpg 290w, https:\/\/tucomarca.whitekongsoftware.com\/wp-content\/uploads\/2018\/09\/DiaMusicas32-50x50.jpg 50w\" sizes=\"auto, (max-width: 245px) 100vw, 245px\" \/><\/a>\n\t\t\t<\/div><\/figure><figure class='gallery-item'>\n\t\t\t<div class='gallery-icon landscape'>\n\t\t\t\t<a href='https:\/\/tucomarca.whitekongsoftware.com\/ca\/fotogaleria-les-bandes-dalboraig-bunyol-landete-millares-sinarcas-i-iatova-protagonitzen-el-dia-de-les-musiques-a-bunyol\/diamusicas33\/'><img loading=\"lazy\" decoding=\"async\" width=\"245\" height=\"245\" src=\"https:\/\/tucomarca.whitekongsoftware.com\/wp-content\/uploads\/2018\/09\/DiaMusicas33-290x290.jpg\" class=\"attachment-thumbnail size-thumbnail\" alt=\"\" srcset=\"https:\/\/tucomarca.whitekongsoftware.com\/wp-content\/uploads\/2018\/09\/DiaMusicas33-290x290.jpg 290w, https:\/\/tucomarca.whitekongsoftware.com\/wp-content\/uploads\/2018\/09\/DiaMusicas33-50x50.jpg 50w\" sizes=\"auto, (max-width: 245px) 100vw, 245px\" \/><\/a>\n\t\t\t<\/div><\/figure><figure class='gallery-item'>\n\t\t\t<div class='gallery-icon landscape'>\n\t\t\t\t<a href='https:\/\/tucomarca.whitekongsoftware.com\/ca\/fotogaleria-les-bandes-dalboraig-bunyol-landete-millares-sinarcas-i-iatova-protagonitzen-el-dia-de-les-musiques-a-bunyol\/diamusicas34\/'><img loading=\"lazy\" decoding=\"async\" width=\"245\" height=\"245\" src=\"https:\/\/tucomarca.whitekongsoftware.com\/wp-content\/uploads\/2018\/09\/DiaMusicas34-290x290.jpg\" class=\"attachment-thumbnail size-thumbnail\" alt=\"\" srcset=\"https:\/\/tucomarca.whitekongsoftware.com\/wp-content\/uploads\/2018\/09\/DiaMusicas34-290x290.jpg 290w, https:\/\/tucomarca.whitekongsoftware.com\/wp-content\/uploads\/2018\/09\/DiaMusicas34-50x50.jpg 50w\" sizes=\"auto, (max-width: 245px) 100vw, 245px\" \/><\/a>\n\t\t\t<\/div><\/figure><figure class='gallery-item'>\n\t\t\t<div class='gallery-icon landscape'>\n\t\t\t\t<a href='https:\/\/tucomarca.whitekongsoftware.com\/ca\/fotogaleria-les-bandes-dalboraig-bunyol-landete-millares-sinarcas-i-iatova-protagonitzen-el-dia-de-les-musiques-a-bunyol\/diamusicas35\/'><img loading=\"lazy\" decoding=\"async\" width=\"245\" height=\"245\" src=\"https:\/\/tucomarca.whitekongsoftware.com\/wp-content\/uploads\/2018\/09\/DiaMusicas35-290x290.jpg\" class=\"attachment-thumbnail size-thumbnail\" alt=\"\" srcset=\"https:\/\/tucomarca.whitekongsoftware.com\/wp-content\/uploads\/2018\/09\/DiaMusicas35-290x290.jpg 290w, https:\/\/tucomarca.whitekongsoftware.com\/wp-content\/uploads\/2018\/09\/DiaMusicas35-50x50.jpg 50w\" sizes=\"auto, (max-width: 245px) 100vw, 245px\" \/><\/a>\n\t\t\t<\/div><\/figure><figure class='gallery-item'>\n\t\t\t<div class='gallery-icon landscape'>\n\t\t\t\t<a href='https:\/\/tucomarca.whitekongsoftware.com\/ca\/fotogaleria-les-bandes-dalboraig-bunyol-landete-millares-sinarcas-i-iatova-protagonitzen-el-dia-de-les-musiques-a-bunyol\/diamusicas36\/'><img loading=\"lazy\" decoding=\"async\" width=\"245\" height=\"245\" src=\"https:\/\/tucomarca.whitekongsoftware.com\/wp-content\/uploads\/2018\/09\/DiaMusicas36-290x290.jpg\" class=\"attachment-thumbnail size-thumbnail\" alt=\"\" srcset=\"https:\/\/tucomarca.whitekongsoftware.com\/wp-content\/uploads\/2018\/09\/DiaMusicas36-290x290.jpg 290w, https:\/\/tucomarca.whitekongsoftware.com\/wp-content\/uploads\/2018\/09\/DiaMusicas36-50x50.jpg 50w\" sizes=\"auto, (max-width: 245px) 100vw, 245px\" \/><\/a>\n\t\t\t<\/div><\/figure><figure class='gallery-item'>\n\t\t\t<div class='gallery-icon landscape'>\n\t\t\t\t<a href='https:\/\/tucomarca.whitekongsoftware.com\/ca\/fotogaleria-les-bandes-dalboraig-bunyol-landete-millares-sinarcas-i-iatova-protagonitzen-el-dia-de-les-musiques-a-bunyol\/diamusicas37\/'><img loading=\"lazy\" decoding=\"async\" width=\"245\" height=\"245\" src=\"https:\/\/tucomarca.whitekongsoftware.com\/wp-content\/uploads\/2018\/09\/DiaMusicas37-290x290.jpg\" class=\"attachment-thumbnail size-thumbnail\" alt=\"\" srcset=\"https:\/\/tucomarca.whitekongsoftware.com\/wp-content\/uploads\/2018\/09\/DiaMusicas37-290x290.jpg 290w, https:\/\/tucomarca.whitekongsoftware.com\/wp-content\/uploads\/2018\/09\/DiaMusicas37-50x50.jpg 50w\" sizes=\"auto, (max-width: 245px) 100vw, 245px\" \/><\/a>\n\t\t\t<\/div><\/figure><figure class='gallery-item'>\n\t\t\t<div class='gallery-icon landscape'>\n\t\t\t\t<a href='https:\/\/tucomarca.whitekongsoftware.com\/ca\/fotogaleria-les-bandes-dalboraig-bunyol-landete-millares-sinarcas-i-iatova-protagonitzen-el-dia-de-les-musiques-a-bunyol\/diamusicas38\/'><img loading=\"lazy\" decoding=\"async\" width=\"245\" height=\"245\" src=\"https:\/\/tucomarca.whitekongsoftware.com\/wp-content\/uploads\/2018\/09\/DiaMusicas38-290x290.jpg\" class=\"attachment-thumbnail size-thumbnail\" alt=\"\" srcset=\"https:\/\/tucomarca.whitekongsoftware.com\/wp-content\/uploads\/2018\/09\/DiaMusicas38-290x290.jpg 290w, https:\/\/tucomarca.whitekongsoftware.com\/wp-content\/uploads\/2018\/09\/DiaMusicas38-50x50.jpg 50w\" sizes=\"auto, (max-width: 245px) 100vw, 245px\" \/><\/a>\n\t\t\t<\/div><\/figure><figure class='gallery-item'>\n\t\t\t<div class='gallery-icon landscape'>\n\t\t\t\t<a href='https:\/\/tucomarca.whitekongsoftware.com\/ca\/fotogaleria-les-bandes-dalboraig-bunyol-landete-millares-sinarcas-i-iatova-protagonitzen-el-dia-de-les-musiques-a-bunyol\/diamusicas39\/'><img loading=\"lazy\" decoding=\"async\" width=\"245\" height=\"245\" src=\"https:\/\/tucomarca.whitekongsoftware.com\/wp-content\/uploads\/2018\/09\/DiaMusicas39-290x290.jpg\" class=\"attachment-thumbnail size-thumbnail\" alt=\"\" srcset=\"https:\/\/tucomarca.whitekongsoftware.com\/wp-content\/uploads\/2018\/09\/DiaMusicas39-290x290.jpg 290w, https:\/\/tucomarca.whitekongsoftware.com\/wp-content\/uploads\/2018\/09\/DiaMusicas39-50x50.jpg 50w\" sizes=\"auto, (max-width: 245px) 100vw, 245px\" \/><\/a>\n\t\t\t<\/div><\/figure><figure class='gallery-item'>\n\t\t\t<div class='gallery-icon landscape'>\n\t\t\t\t<a href='https:\/\/tucomarca.whitekongsoftware.com\/ca\/fotogaleria-les-bandes-dalboraig-bunyol-landete-millares-sinarcas-i-iatova-protagonitzen-el-dia-de-les-musiques-a-bunyol\/diamusicas40\/'><img loading=\"lazy\" decoding=\"async\" width=\"245\" height=\"245\" src=\"https:\/\/tucomarca.whitekongsoftware.com\/wp-content\/uploads\/2018\/09\/DiaMusicas40-290x290.jpg\" class=\"attachment-thumbnail size-thumbnail\" alt=\"\" srcset=\"https:\/\/tucomarca.whitekongsoftware.com\/wp-content\/uploads\/2018\/09\/DiaMusicas40-290x290.jpg 290w, https:\/\/tucomarca.whitekongsoftware.com\/wp-content\/uploads\/2018\/09\/DiaMusicas40-50x50.jpg 50w\" sizes=\"auto, (max-width: 245px) 100vw, 245px\" \/><\/a>\n\t\t\t<\/div><\/figure><figure class='gallery-item'>\n\t\t\t<div class='gallery-icon landscape'>\n\t\t\t\t<a href='https:\/\/tucomarca.whitekongsoftware.com\/ca\/fotogaleria-les-bandes-dalboraig-bunyol-landete-millares-sinarcas-i-iatova-protagonitzen-el-dia-de-les-musiques-a-bunyol\/diamusicas41\/'><img loading=\"lazy\" decoding=\"async\" width=\"245\" height=\"245\" src=\"https:\/\/tucomarca.whitekongsoftware.com\/wp-content\/uploads\/2018\/09\/DiaMusicas41-290x290.jpg\" class=\"attachment-thumbnail size-thumbnail\" alt=\"\" srcset=\"https:\/\/tucomarca.whitekongsoftware.com\/wp-content\/uploads\/2018\/09\/DiaMusicas41-290x290.jpg 290w, https:\/\/tucomarca.whitekongsoftware.com\/wp-content\/uploads\/2018\/09\/DiaMusicas41-50x50.jpg 50w\" sizes=\"auto, (max-width: 245px) 100vw, 245px\" \/><\/a>\n\t\t\t<\/div><\/figure><figure class='gallery-item'>\n\t\t\t<div class='gallery-icon landscape'>\n\t\t\t\t<a href='https:\/\/tucomarca.whitekongsoftware.com\/ca\/fotogaleria-les-bandes-dalboraig-bunyol-landete-millares-sinarcas-i-iatova-protagonitzen-el-dia-de-les-musiques-a-bunyol\/diamusicas42\/'><img loading=\"lazy\" decoding=\"async\" width=\"245\" height=\"245\" src=\"https:\/\/tucomarca.whitekongsoftware.com\/wp-content\/uploads\/2018\/09\/DiaMusicas42-290x290.jpg\" class=\"attachment-thumbnail size-thumbnail\" alt=\"\" srcset=\"https:\/\/tucomarca.whitekongsoftware.com\/wp-content\/uploads\/2018\/09\/DiaMusicas42-290x290.jpg 290w, https:\/\/tucomarca.whitekongsoftware.com\/wp-content\/uploads\/2018\/09\/DiaMusicas42-50x50.jpg 50w\" sizes=\"auto, (max-width: 245px) 100vw, 245px\" \/><\/a>\n\t\t\t<\/div><\/figure><figure class='gallery-item'>\n\t\t\t<div class='gallery-icon landscape'>\n\t\t\t\t<a href='https:\/\/tucomarca.whitekongsoftware.com\/ca\/fotogaleria-les-bandes-dalboraig-bunyol-landete-millares-sinarcas-i-iatova-protagonitzen-el-dia-de-les-musiques-a-bunyol\/diamusicas43\/'><img loading=\"lazy\" decoding=\"async\" width=\"245\" height=\"245\" src=\"https:\/\/tucomarca.whitekongsoftware.com\/wp-content\/uploads\/2018\/09\/DiaMusicas43-290x290.jpg\" class=\"attachment-thumbnail size-thumbnail\" alt=\"\" srcset=\"https:\/\/tucomarca.whitekongsoftware.com\/wp-content\/uploads\/2018\/09\/DiaMusicas43-290x290.jpg 290w, https:\/\/tucomarca.whitekongsoftware.com\/wp-content\/uploads\/2018\/09\/DiaMusicas43-50x50.jpg 50w\" sizes=\"auto, (max-width: 245px) 100vw, 245px\" \/><\/a>\n\t\t\t<\/div><\/figure><figure class='gallery-item'>\n\t\t\t<div class='gallery-icon landscape'>\n\t\t\t\t<a href='https:\/\/tucomarca.whitekongsoftware.com\/ca\/fotogaleria-les-bandes-dalboraig-bunyol-landete-millares-sinarcas-i-iatova-protagonitzen-el-dia-de-les-musiques-a-bunyol\/diamusicas44\/'><img loading=\"lazy\" decoding=\"async\" width=\"245\" height=\"245\" src=\"https:\/\/tucomarca.whitekongsoftware.com\/wp-content\/uploads\/2018\/09\/DiaMusicas44-290x290.jpg\" class=\"attachment-thumbnail size-thumbnail\" alt=\"\" srcset=\"https:\/\/tucomarca.whitekongsoftware.com\/wp-content\/uploads\/2018\/09\/DiaMusicas44-290x290.jpg 290w, https:\/\/tucomarca.whitekongsoftware.com\/wp-content\/uploads\/2018\/09\/DiaMusicas44-50x50.jpg 50w\" sizes=\"auto, (max-width: 245px) 100vw, 245px\" \/><\/a>\n\t\t\t<\/div><\/figure><figure class='gallery-item'>\n\t\t\t<div class='gallery-icon landscape'>\n\t\t\t\t<a href='https:\/\/tucomarca.whitekongsoftware.com\/ca\/fotogaleria-les-bandes-dalboraig-bunyol-landete-millares-sinarcas-i-iatova-protagonitzen-el-dia-de-les-musiques-a-bunyol\/diamusicas45\/'><img loading=\"lazy\" decoding=\"async\" width=\"245\" height=\"245\" src=\"https:\/\/tucomarca.whitekongsoftware.com\/wp-content\/uploads\/2018\/09\/DiaMusicas45-290x290.jpg\" class=\"attachment-thumbnail size-thumbnail\" alt=\"\" srcset=\"https:\/\/tucomarca.whitekongsoftware.com\/wp-content\/uploads\/2018\/09\/DiaMusicas45-290x290.jpg 290w, https:\/\/tucomarca.whitekongsoftware.com\/wp-content\/uploads\/2018\/09\/DiaMusicas45-50x50.jpg 50w\" sizes=\"auto, (max-width: 245px) 100vw, 245px\" \/><\/a>\n\t\t\t<\/div><\/figure><figure class='gallery-item'>\n\t\t\t<div class='gallery-icon landscape'>\n\t\t\t\t<a href='https:\/\/tucomarca.whitekongsoftware.com\/ca\/fotogaleria-les-bandes-dalboraig-bunyol-landete-millares-sinarcas-i-iatova-protagonitzen-el-dia-de-les-musiques-a-bunyol\/diamusicas46\/'><img loading=\"lazy\" decoding=\"async\" width=\"245\" height=\"245\" src=\"https:\/\/tucomarca.whitekongsoftware.com\/wp-content\/uploads\/2018\/09\/DiaMusicas46-290x290.jpg\" class=\"attachment-thumbnail size-thumbnail\" alt=\"\" srcset=\"https:\/\/tucomarca.whitekongsoftware.com\/wp-content\/uploads\/2018\/09\/DiaMusicas46-290x290.jpg 290w, https:\/\/tucomarca.whitekongsoftware.com\/wp-content\/uploads\/2018\/09\/DiaMusicas46-50x50.jpg 50w\" sizes=\"auto, (max-width: 245px) 100vw, 245px\" \/><\/a>\n\t\t\t<\/div><\/figure><figure class='gallery-item'>\n\t\t\t<div class='gallery-icon landscape'>\n\t\t\t\t<a href='https:\/\/tucomarca.whitekongsoftware.com\/ca\/fotogaleria-les-bandes-dalboraig-bunyol-landete-millares-sinarcas-i-iatova-protagonitzen-el-dia-de-les-musiques-a-bunyol\/diamusicas47\/'><img loading=\"lazy\" decoding=\"async\" width=\"245\" height=\"245\" src=\"https:\/\/tucomarca.whitekongsoftware.com\/wp-content\/uploads\/2018\/09\/DiaMusicas47-290x290.jpg\" class=\"attachment-thumbnail size-thumbnail\" alt=\"\" srcset=\"https:\/\/tucomarca.whitekongsoftware.com\/wp-content\/uploads\/2018\/09\/DiaMusicas47-290x290.jpg 290w, https:\/\/tucomarca.whitekongsoftware.com\/wp-content\/uploads\/2018\/09\/DiaMusicas47-50x50.jpg 50w\" sizes=\"auto, (max-width: 245px) 100vw, 245px\" \/><\/a>\n\t\t\t<\/div><\/figure><figure class='gallery-item'>\n\t\t\t<div class='gallery-icon landscape'>\n\t\t\t\t<a href='https:\/\/tucomarca.whitekongsoftware.com\/ca\/fotogaleria-les-bandes-dalboraig-bunyol-landete-millares-sinarcas-i-iatova-protagonitzen-el-dia-de-les-musiques-a-bunyol\/diamusicas48\/'><img loading=\"lazy\" decoding=\"async\" width=\"245\" height=\"245\" src=\"https:\/\/tucomarca.whitekongsoftware.com\/wp-content\/uploads\/2018\/09\/DiaMusicas48-290x290.jpg\" class=\"attachment-thumbnail size-thumbnail\" alt=\"\" srcset=\"https:\/\/tucomarca.whitekongsoftware.com\/wp-content\/uploads\/2018\/09\/DiaMusicas48-290x290.jpg 290w, https:\/\/tucomarca.whitekongsoftware.com\/wp-content\/uploads\/2018\/09\/DiaMusicas48-50x50.jpg 50w\" sizes=\"auto, (max-width: 245px) 100vw, 245px\" \/><\/a>\n\t\t\t<\/div><\/figure><figure class='gallery-item'>\n\t\t\t<div class='gallery-icon landscape'>\n\t\t\t\t<a href='https:\/\/tucomarca.whitekongsoftware.com\/ca\/fotogaleria-les-bandes-dalboraig-bunyol-landete-millares-sinarcas-i-iatova-protagonitzen-el-dia-de-les-musiques-a-bunyol\/diamusicas49\/'><img loading=\"lazy\" decoding=\"async\" width=\"245\" height=\"245\" src=\"https:\/\/tucomarca.whitekongsoftware.com\/wp-content\/uploads\/2018\/09\/DiaMusicas49-290x290.jpg\" class=\"attachment-thumbnail size-thumbnail\" alt=\"\" srcset=\"https:\/\/tucomarca.whitekongsoftware.com\/wp-content\/uploads\/2018\/09\/DiaMusicas49-290x290.jpg 290w, https:\/\/tucomarca.whitekongsoftware.com\/wp-content\/uploads\/2018\/09\/DiaMusicas49-50x50.jpg 50w\" sizes=\"auto, (max-width: 245px) 100vw, 245px\" \/><\/a>\n\t\t\t<\/div><\/figure><figure class='gallery-item'>\n\t\t\t<div class='gallery-icon landscape'>\n\t\t\t\t<a href='https:\/\/tucomarca.whitekongsoftware.com\/ca\/fotogaleria-les-bandes-dalboraig-bunyol-landete-millares-sinarcas-i-iatova-protagonitzen-el-dia-de-les-musiques-a-bunyol\/diamusicas50\/'><img loading=\"lazy\" decoding=\"async\" width=\"245\" height=\"245\" src=\"https:\/\/tucomarca.whitekongsoftware.com\/wp-content\/uploads\/2018\/09\/DiaMusicas50-290x290.jpg\" class=\"attachment-thumbnail size-thumbnail\" alt=\"\" srcset=\"https:\/\/tucomarca.whitekongsoftware.com\/wp-content\/uploads\/2018\/09\/DiaMusicas50-290x290.jpg 290w, https:\/\/tucomarca.whitekongsoftware.com\/wp-content\/uploads\/2018\/09\/DiaMusicas50-50x50.jpg 50w\" sizes=\"auto, (max-width: 245px) 100vw, 245px\" \/><\/a>\n\t\t\t<\/div><\/figure><figure class='gallery-item'>\n\t\t\t<div class='gallery-icon landscape'>\n\t\t\t\t<a href='https:\/\/tucomarca.whitekongsoftware.com\/ca\/fotogaleria-les-bandes-dalboraig-bunyol-landete-millares-sinarcas-i-iatova-protagonitzen-el-dia-de-les-musiques-a-bunyol\/diamusicas51\/'><img loading=\"lazy\" decoding=\"async\" width=\"245\" height=\"245\" src=\"https:\/\/tucomarca.whitekongsoftware.com\/wp-content\/uploads\/2018\/09\/DiaMusicas51-290x290.jpg\" class=\"attachment-thumbnail size-thumbnail\" alt=\"\" srcset=\"https:\/\/tucomarca.whitekongsoftware.com\/wp-content\/uploads\/2018\/09\/DiaMusicas51-290x290.jpg 290w, https:\/\/tucomarca.whitekongsoftware.com\/wp-content\/uploads\/2018\/09\/DiaMusicas51-50x50.jpg 50w\" sizes=\"auto, (max-width: 245px) 100vw, 245px\" \/><\/a>\n\t\t\t<\/div><\/figure><figure class='gallery-item'>\n\t\t\t<div class='gallery-icon landscape'>\n\t\t\t\t<a href='https:\/\/tucomarca.whitekongsoftware.com\/ca\/fotogaleria-les-bandes-dalboraig-bunyol-landete-millares-sinarcas-i-iatova-protagonitzen-el-dia-de-les-musiques-a-bunyol\/diamusicas52\/'><img loading=\"lazy\" decoding=\"async\" width=\"245\" height=\"245\" src=\"https:\/\/tucomarca.whitekongsoftware.com\/wp-content\/uploads\/2018\/09\/DiaMusicas52-290x290.jpg\" class=\"attachment-thumbnail size-thumbnail\" alt=\"El prsidente del CIM \u00abSanta Cecilia\u00bb ha recogido el premio.\" aria-describedby=\"gallery-1-74101\" srcset=\"https:\/\/tucomarca.whitekongsoftware.com\/wp-content\/uploads\/2018\/09\/DiaMusicas52-290x290.jpg 290w, https:\/\/tucomarca.whitekongsoftware.com\/wp-content\/uploads\/2018\/09\/DiaMusicas52-50x50.jpg 50w\" sizes=\"auto, (max-width: 245px) 100vw, 245px\" \/><\/a>\n\t\t\t<\/div>\n\t\t\t\t<figcaption class='wp-caption-text gallery-caption' id='gallery-1-74101'>\n\t\t\t\tEl prsidente del CIM \u00abSanta Cecilia\u00bb ha recogido el premio.\n\t\t\t\t<\/figcaption><\/figure><figure class='gallery-item'>\n\t\t\t<div class='gallery-icon landscape'>\n\t\t\t\t<a href='https:\/\/tucomarca.whitekongsoftware.com\/ca\/fotogaleria-les-bandes-dalboraig-bunyol-landete-millares-sinarcas-i-iatova-protagonitzen-el-dia-de-les-musiques-a-bunyol\/diamusicas53\/'><img loading=\"lazy\" decoding=\"async\" width=\"245\" height=\"245\" src=\"https:\/\/tucomarca.whitekongsoftware.com\/wp-content\/uploads\/2018\/09\/DiaMusicas53-290x290.jpg\" class=\"attachment-thumbnail size-thumbnail\" alt=\"\" srcset=\"https:\/\/tucomarca.whitekongsoftware.com\/wp-content\/uploads\/2018\/09\/DiaMusicas53-290x290.jpg 290w, https:\/\/tucomarca.whitekongsoftware.com\/wp-content\/uploads\/2018\/09\/DiaMusicas53-50x50.jpg 50w\" sizes=\"auto, (max-width: 245px) 100vw, 245px\" \/><\/a>\n\t\t\t<\/div><\/figure><figure class='gallery-item'>\n\t\t\t<div class='gallery-icon landscape'>\n\t\t\t\t<a href='https:\/\/tucomarca.whitekongsoftware.com\/ca\/fotogaleria-les-bandes-dalboraig-bunyol-landete-millares-sinarcas-i-iatova-protagonitzen-el-dia-de-les-musiques-a-bunyol\/diamusicas54\/'><img loading=\"lazy\" decoding=\"async\" width=\"245\" height=\"245\" src=\"https:\/\/tucomarca.whitekongsoftware.com\/wp-content\/uploads\/2018\/09\/DiaMusicas54-290x290.jpg\" class=\"attachment-thumbnail size-thumbnail\" alt=\"\" srcset=\"https:\/\/tucomarca.whitekongsoftware.com\/wp-content\/uploads\/2018\/09\/DiaMusicas54-290x290.jpg 290w, https:\/\/tucomarca.whitekongsoftware.com\/wp-content\/uploads\/2018\/09\/DiaMusicas54-50x50.jpg 50w\" sizes=\"auto, (max-width: 245px) 100vw, 245px\" \/><\/a>\n\t\t\t<\/div><\/figure><figure class='gallery-item'>\n\t\t\t<div class='gallery-icon landscape'>\n\t\t\t\t<a href='https:\/\/tucomarca.whitekongsoftware.com\/ca\/fotogaleria-les-bandes-dalboraig-bunyol-landete-millares-sinarcas-i-iatova-protagonitzen-el-dia-de-les-musiques-a-bunyol\/diamusicas55\/'><img loading=\"lazy\" decoding=\"async\" width=\"245\" height=\"245\" src=\"https:\/\/tucomarca.whitekongsoftware.com\/wp-content\/uploads\/2018\/09\/DiaMusicas55-290x290.jpg\" class=\"attachment-thumbnail size-thumbnail\" alt=\"\" srcset=\"https:\/\/tucomarca.whitekongsoftware.com\/wp-content\/uploads\/2018\/09\/DiaMusicas55-290x290.jpg 290w, https:\/\/tucomarca.whitekongsoftware.com\/wp-content\/uploads\/2018\/09\/DiaMusicas55-50x50.jpg 50w\" sizes=\"auto, (max-width: 245px) 100vw, 245px\" \/><\/a>\n\t\t\t<\/div><\/figure><figure class='gallery-item'>\n\t\t\t<div class='gallery-icon landscape'>\n\t\t\t\t<a href='https:\/\/tucomarca.whitekongsoftware.com\/ca\/fotogaleria-les-bandes-dalboraig-bunyol-landete-millares-sinarcas-i-iatova-protagonitzen-el-dia-de-les-musiques-a-bunyol\/diamusicas56\/'><img loading=\"lazy\" decoding=\"async\" width=\"245\" height=\"245\" src=\"https:\/\/tucomarca.whitekongsoftware.com\/wp-content\/uploads\/2018\/09\/DiaMusicas56-290x290.jpg\" class=\"attachment-thumbnail size-thumbnail\" alt=\"\" srcset=\"https:\/\/tucomarca.whitekongsoftware.com\/wp-content\/uploads\/2018\/09\/DiaMusicas56-290x290.jpg 290w, https:\/\/tucomarca.whitekongsoftware.com\/wp-content\/uploads\/2018\/09\/DiaMusicas56-50x50.jpg 50w\" sizes=\"auto, (max-width: 245px) 100vw, 245px\" \/><\/a>\n\t\t\t<\/div><\/figure><figure class='gallery-item'>\n\t\t\t<div class='gallery-icon landscape'>\n\t\t\t\t<a href='https:\/\/tucomarca.whitekongsoftware.com\/ca\/fotogaleria-les-bandes-dalboraig-bunyol-landete-millares-sinarcas-i-iatova-protagonitzen-el-dia-de-les-musiques-a-bunyol\/diamusicas57\/'><img loading=\"lazy\" decoding=\"async\" width=\"245\" height=\"245\" src=\"https:\/\/tucomarca.whitekongsoftware.com\/wp-content\/uploads\/2018\/09\/DiaMusicas57-290x290.jpg\" class=\"attachment-thumbnail size-thumbnail\" alt=\"\" srcset=\"https:\/\/tucomarca.whitekongsoftware.com\/wp-content\/uploads\/2018\/09\/DiaMusicas57-290x290.jpg 290w, https:\/\/tucomarca.whitekongsoftware.com\/wp-content\/uploads\/2018\/09\/DiaMusicas57-50x50.jpg 50w\" sizes=\"auto, (max-width: 245px) 100vw, 245px\" \/><\/a>\n\t\t\t<\/div><\/figure><figure class='gallery-item'>\n\t\t\t<div class='gallery-icon landscape'>\n\t\t\t\t<a href='https:\/\/tucomarca.whitekongsoftware.com\/ca\/fotogaleria-les-bandes-dalboraig-bunyol-landete-millares-sinarcas-i-iatova-protagonitzen-el-dia-de-les-musiques-a-bunyol\/diamusicas58\/'><img loading=\"lazy\" decoding=\"async\" width=\"245\" height=\"245\" src=\"https:\/\/tucomarca.whitekongsoftware.com\/wp-content\/uploads\/2018\/09\/DiaMusicas58-290x290.jpg\" class=\"attachment-thumbnail size-thumbnail\" alt=\"\" srcset=\"https:\/\/tucomarca.whitekongsoftware.com\/wp-content\/uploads\/2018\/09\/DiaMusicas58-290x290.jpg 290w, https:\/\/tucomarca.whitekongsoftware.com\/wp-content\/uploads\/2018\/09\/DiaMusicas58-50x50.jpg 50w\" sizes=\"auto, (max-width: 245px) 100vw, 245px\" \/><\/a>\n\t\t\t<\/div><\/figure><figure class='gallery-item'>\n\t\t\t<div class='gallery-icon landscape'>\n\t\t\t\t<a href='https:\/\/tucomarca.whitekongsoftware.com\/ca\/fotogaleria-les-bandes-dalboraig-bunyol-landete-millares-sinarcas-i-iatova-protagonitzen-el-dia-de-les-musiques-a-bunyol\/diamusicas59\/'><img loading=\"lazy\" decoding=\"async\" width=\"245\" height=\"245\" src=\"https:\/\/tucomarca.whitekongsoftware.com\/wp-content\/uploads\/2018\/09\/DiaMusicas59-290x290.jpg\" class=\"attachment-thumbnail size-thumbnail\" alt=\"\" srcset=\"https:\/\/tucomarca.whitekongsoftware.com\/wp-content\/uploads\/2018\/09\/DiaMusicas59-290x290.jpg 290w, https:\/\/tucomarca.whitekongsoftware.com\/wp-content\/uploads\/2018\/09\/DiaMusicas59-50x50.jpg 50w\" sizes=\"auto, (max-width: 245px) 100vw, 245px\" \/><\/a>\n\t\t\t<\/div><\/figure><figure class='gallery-item'>\n\t\t\t<div class='gallery-icon landscape'>\n\t\t\t\t<a href='https:\/\/tucomarca.whitekongsoftware.com\/ca\/fotogaleria-les-bandes-dalboraig-bunyol-landete-millares-sinarcas-i-iatova-protagonitzen-el-dia-de-les-musiques-a-bunyol\/diamusicas60\/'><img loading=\"lazy\" decoding=\"async\" width=\"245\" height=\"245\" src=\"https:\/\/tucomarca.whitekongsoftware.com\/wp-content\/uploads\/2018\/09\/DiaMusicas60-290x290.jpg\" class=\"attachment-thumbnail size-thumbnail\" alt=\"\" srcset=\"https:\/\/tucomarca.whitekongsoftware.com\/wp-content\/uploads\/2018\/09\/DiaMusicas60-290x290.jpg 290w, https:\/\/tucomarca.whitekongsoftware.com\/wp-content\/uploads\/2018\/09\/DiaMusicas60-50x50.jpg 50w\" sizes=\"auto, (max-width: 245px) 100vw, 245px\" \/><\/a>\n\t\t\t<\/div><\/figure><figure class='gallery-item'>\n\t\t\t<div class='gallery-icon landscape'>\n\t\t\t\t<a href='https:\/\/tucomarca.whitekongsoftware.com\/ca\/fotogaleria-les-bandes-dalboraig-bunyol-landete-millares-sinarcas-i-iatova-protagonitzen-el-dia-de-les-musiques-a-bunyol\/diamusicas61\/'><img loading=\"lazy\" decoding=\"async\" width=\"245\" height=\"245\" src=\"https:\/\/tucomarca.whitekongsoftware.com\/wp-content\/uploads\/2018\/09\/DiaMusicas61-290x290.jpg\" class=\"attachment-thumbnail size-thumbnail\" alt=\"\" srcset=\"https:\/\/tucomarca.whitekongsoftware.com\/wp-content\/uploads\/2018\/09\/DiaMusicas61-290x290.jpg 290w, https:\/\/tucomarca.whitekongsoftware.com\/wp-content\/uploads\/2018\/09\/DiaMusicas61-50x50.jpg 50w\" sizes=\"auto, (max-width: 245px) 100vw, 245px\" \/><\/a>\n\t\t\t<\/div><\/figure>\n\t\t<\/div>\n\n","protected":false},"excerpt":{"rendered":"<div class=\"mh-excerpt\">Les bandes de la Uni\u00f3 Musical \u00abL&#8217;Art\u00bb de Sinarcas; la SIM \u00abLa Primitiva\u00bb d&#8217;Alboraig; el CIM \u00abSanta Cec\u00edlia\u00bb de I\u00e0tova; La Uni\u00f3 Musical Millarense de Millars; La Uni\u00f3 Musical \u00abSanta Cec\u00edlia\u00bb de Landete (Conca); i <a class=\"mh-excerpt-more\" href=\"https:\/\/tucomarca.whitekongsoftware.com\/ca\/fotogaleria-les-bandes-dalboraig-bunyol-landete-millares-sinarcas-i-iatova-protagonitzen-el-dia-de-les-musiques-a-bunyol\/\" title=\"Fotogaler\u00eda: les bandes d&#8217;Alboraig, Bunyol, Landete, Millares, Sinarcas i I\u00e0tova protagonitzen el Dia de les M\u00fasiques a Bunyol\">[+] <\/a><\/div>\n","protected":false},"author":1,"featured_media":74101,"comment_status":"open","ping_status":"open","sticky":false,"template":"","format":"standard","meta":{"footnotes":""},"categories":[10973,10911,11005,10898,10980,10912,11004,11007,11008,10896],"tags":[11153,9906,11142,11108,10910,11089],"class_list":["post-73998","post","type-post","status-publish","format-standard","has-post-thumbnail","category-alborache-ca","category-bunol-ca","category-canal-musica","category-ventana-ca","category-yatova-ca","category-la-hoya-ca","category-la-semana-en-imagenes-ca","category-ocio-y-cultura-ca","category-pueblos-en-fiestas-ca","category-seccion-ca","tag-alboraig","tag-bunyol","tag-iatova","tag-la-foia-de-bunyol-xiva","tag-requena-utiel-ca","tag-sinarcas-ca"],"_links":{"self":[{"href":"https:\/\/tucomarca.whitekongsoftware.com\/ca\/wp-json\/wp\/v2\/posts\/73998","targetHints":{"allow":["GET"]}}],"collection":[{"href":"https:\/\/tucomarca.whitekongsoftware.com\/ca\/wp-json\/wp\/v2\/posts"}],"about":[{"href":"https:\/\/tucomarca.whitekongsoftware.com\/ca\/wp-json\/wp\/v2\/types\/post"}],"author":[{"embeddable":true,"href":"https:\/\/tucomarca.whitekongsoftware.com\/ca\/wp-json\/wp\/v2\/users\/1"}],"replies":[{"embeddable":true,"href":"https:\/\/tucomarca.whitekongsoftware.com\/ca\/wp-json\/wp\/v2\/comments?post=73998"}],"version-history":[{"count":0,"href":"https:\/\/tucomarca.whitekongsoftware.com\/ca\/wp-json\/wp\/v2\/posts\/73998\/revisions"}],"wp:featuredmedia":[{"embeddable":true,"href":"https:\/\/tucomarca.whitekongsoftware.com\/ca\/wp-json\/wp\/v2\/media\/74101"}],"wp:attachment":[{"href":"https:\/\/tucomarca.whitekongsoftware.com\/ca\/wp-json\/wp\/v2\/media?parent=73998"}],"wp:term":[{"taxonomy":"category","embeddable":true,"href":"https:\/\/tucomarca.whitekongsoftware.com\/ca\/wp-json\/wp\/v2\/categories?post=73998"},{"taxonomy":"post_tag","embeddable":true,"href":"https:\/\/tucomarca.whitekongsoftware.com\/ca\/wp-json\/wp\/v2\/tags?post=73998"}],"curies":[{"name":"wp","href":"https:\/\/api.w.org\/{rel}","templated":true}]}}