{"id":73910,"date":"2018-09-02T15:59:29","date_gmt":"2018-09-02T13:59:29","guid":{"rendered":"http:\/\/www.tucomarca.com\/wordpress\/segunda\/?p=73910"},"modified":"2018-09-02T15:59:29","modified_gmt":"2018-09-02T13:59:29","slug":"empat-a-zero-gols-amb-sensacio-de-bona-imatge-en-lestrena-de-lliga-del-cd-bunyol-contra-el-sant-marcel%c2%b7li","status":"publish","type":"post","link":"https:\/\/tucomarca.whitekongsoftware.com\/ca\/empat-a-zero-gols-amb-sensacio-de-bona-imatge-en-lestrena-de-lliga-del-cd-bunyol-contra-el-sant-marcel%c2%b7li\/","title":{"rendered":"Empat a zero gols amb sensaci\u00f3 de &#8220;bona imatge&#8221; en l&#8217;estrena de lliga del CD Bunyol contra el Sant Marcel\u00b7l\u00ed"},"content":{"rendered":"<figure id=\"attachment_73906\" aria-describedby=\"caption-attachment-73906\" style=\"width: 426px\" class=\"wp-caption alignleft\"><img loading=\"lazy\" decoding=\"async\" class=\" wp-image-73906\" src=\"http:\/\/www.tucomarca.com\/wordpress\/segunda\/wp-content\/uploads\/2018\/09\/cdbunyol18.jpg\" alt=\"El CD Bu\u00f1ol ha comenzado la liga con empate. Foto: Ra\u00fal Miralles.\" width=\"426\" height=\"284\" srcset=\"https:\/\/tucomarca.whitekongsoftware.com\/wp-content\/uploads\/2018\/09\/cdbunyol18.jpg 787w, https:\/\/tucomarca.whitekongsoftware.com\/wp-content\/uploads\/2018\/09\/cdbunyol18-300x200.jpg 300w, https:\/\/tucomarca.whitekongsoftware.com\/wp-content\/uploads\/2018\/09\/cdbunyol18-768x512.jpg 768w\" sizes=\"auto, (max-width: 426px) 100vw, 426px\" \/><figcaption id=\"caption-attachment-73906\" class=\"wp-caption-text\">El CD Bunyol ha comen\u00e7at\u00a0la lliga amb\u00a0empat. Foto: Ra\u00fal Miralles.<\/figcaption><\/figure>\n<p>Un empat a zero gols i amb sensacions de donar &#8220;bona imatge&#8221; ha estat el resultat de l&#8217;estrena del CD Bunyol contra el Sant Marcel\u00b7l\u00ed a domicili.<\/p>\n<p>A l&#8217;inici del partit els ha costat entrar en din\u00e0mica als blancs, per\u00f2 a poc a poc han anat a m\u00e9s i des del minut 15 de joc han deixat clar qui anava a portar la batuta del partit. Tot just han sabut fer-los mal als locals, al contrari dels d&#8217;Ort\u00ed, qui des de la sala de m\u00e0quines van saber atacar els punts febles dels visitants.<\/p>\n<p>Una cosa que parla molt de la bona i satisfact\u00f2ria faceta ofensiva \u00e9s la bona quantitat de c\u00f3rners materialitzats pels locals. A m\u00e9s i lamentablement per als interessos del Bunyol, tot i tenir ocasions clares, d&#8217;un contra un, no es van poder fer efectives ni definir.<\/p>\n<p>A la segona meitat la t\u00f2nica va ser semblant, nom\u00e9s que els de Sant Marcel\u00b7l\u00ed comen\u00e7ar a controlar m\u00e9s les envestides dels de l&#8217;Hoya i diluir bastant el s\u00f2lid joc local conforme passava el temps. Una jugada que tamb\u00e9 ha marcat el partit ha estat quan el col\u00b7legiat ha amonestat amb doble groga a Nacho Lozano, per un possible penal que li fan i l&#8217;\u00e0rbitre llegeix com que s&#8217;ha deixat caure; acci\u00f3 lamentable i molt pol\u00e8mica deixant a l&#8217;equip amb un menys. Aix\u00f2 ha fet que \u00c1lvaro canvi\u00ef l&#8217;esquema 4-3-2, amb aquest buit d&#8217;expulsi\u00f3 al centre del camp.<\/p>\n<p>L&#8217;equip els \u00faltims minuts ho va intentar, avan\u00e7ant l\u00ednies i aix\u00f2 va fer que els visitants poguessin fer m\u00e9s mal, per\u00f2 relatiu i sense major influ\u00e8ncia en el llumin\u00f3s. De fet Javi, el porter del CD Bunyol, no ha hagut de fer cap intervenci\u00f3 destacable.<\/p>\n<p>Al final sumen un punt que &#8220;sap a poc&#8221; i esperen &#8220;recuperar gent i anar a m\u00e9s&#8221;, en paraules del m\u00edster, per fer el que es vol i espera, millorar i fer viables jornada a jornada l&#8217;equip. Informa, <strong>Ra\u00fal Miralles Lacall<\/strong>e @raulmks<\/p>\n","protected":false},"excerpt":{"rendered":"<div class=\"mh-excerpt\">Un empat a zero gols i amb sensacions de donar &#8220;bona imatge&#8221; ha estat el resultat de l&#8217;estrena del CD Bunyol contra el Sant Marcel\u00b7l\u00ed a domicili. A l&#8217;inici del partit els ha costat entrar <a class=\"mh-excerpt-more\" href=\"https:\/\/tucomarca.whitekongsoftware.com\/ca\/empat-a-zero-gols-amb-sensacio-de-bona-imatge-en-lestrena-de-lliga-del-cd-bunyol-contra-el-sant-marcel%c2%b7li\/\" title=\"Empat a zero gols amb sensaci\u00f3 de &#8220;bona imatge&#8221; en l&#8217;estrena de lliga del CD Bunyol contra el Sant Marcel\u00b7l\u00ed\">[+] <\/a><\/div>\n","protected":false},"author":1,"featured_media":73907,"comment_status":"open","ping_status":"open","sticky":false,"template":"","format":"standard","meta":{"footnotes":""},"categories":[10911,11015,11003,10898,10904,10912,10896],"tags":[10913,9906,11130,11074,10661,11108,10914],"class_list":["post-73910","post","type-post","status-publish","format-standard","has-post-thumbnail","category-bunol-ca","category-canal-futbol","category-sports","category-ventana-ca","category-sin-categorizar-ca","category-la-hoya-ca","category-seccion-ca","tag-bunol-ca","tag-bunyol","tag-canal-futbol","tag-deportes-ca","tag-esports","tag-la-foia-de-bunyol-xiva","tag-la-hoya-de-bunol-chiva-ca"],"_links":{"self":[{"href":"https:\/\/tucomarca.whitekongsoftware.com\/ca\/wp-json\/wp\/v2\/posts\/73910","targetHints":{"allow":["GET"]}}],"collection":[{"href":"https:\/\/tucomarca.whitekongsoftware.com\/ca\/wp-json\/wp\/v2\/posts"}],"about":[{"href":"https:\/\/tucomarca.whitekongsoftware.com\/ca\/wp-json\/wp\/v2\/types\/post"}],"author":[{"embeddable":true,"href":"https:\/\/tucomarca.whitekongsoftware.com\/ca\/wp-json\/wp\/v2\/users\/1"}],"replies":[{"embeddable":true,"href":"https:\/\/tucomarca.whitekongsoftware.com\/ca\/wp-json\/wp\/v2\/comments?post=73910"}],"version-history":[{"count":0,"href":"https:\/\/tucomarca.whitekongsoftware.com\/ca\/wp-json\/wp\/v2\/posts\/73910\/revisions"}],"wp:featuredmedia":[{"embeddable":true,"href":"https:\/\/tucomarca.whitekongsoftware.com\/ca\/wp-json\/wp\/v2\/media\/73907"}],"wp:attachment":[{"href":"https:\/\/tucomarca.whitekongsoftware.com\/ca\/wp-json\/wp\/v2\/media?parent=73910"}],"wp:term":[{"taxonomy":"category","embeddable":true,"href":"https:\/\/tucomarca.whitekongsoftware.com\/ca\/wp-json\/wp\/v2\/categories?post=73910"},{"taxonomy":"post_tag","embeddable":true,"href":"https:\/\/tucomarca.whitekongsoftware.com\/ca\/wp-json\/wp\/v2\/tags?post=73910"}],"curies":[{"name":"wp","href":"https:\/\/api.w.org\/{rel}","templated":true}]}}