{"id":73886,"date":"2018-08-31T19:06:17","date_gmt":"2018-08-31T17:06:17","guid":{"rendered":"http:\/\/www.tucomarca.com\/wordpress\/segunda\/?p=73886"},"modified":"2018-08-31T19:14:27","modified_gmt":"2018-08-31T17:14:27","slug":"igualdad-califica-de-muy-grave-la-denuncia-sin-corroborar-del-pp-por-una-supuesta-agresion-sexual-en-el-centro-de-menores-de-bunol","status":"publish","type":"post","link":"https:\/\/tucomarca.whitekongsoftware.com\/ca\/igualdad-califica-de-muy-grave-la-denuncia-sin-corroborar-del-pp-por-una-supuesta-agresion-sexual-en-el-centro-de-menores-de-bunol\/","title":{"rendered":"Igualtat qualifica de \u00abmolt greu\u00bb la den\u00fancia \u00absense corroborar\u00bb del PP per una suposada agressi\u00f3 sexual en el centre de menors de Bunyol"},"content":{"rendered":"<p>Des de la Conselleria d&#8217;Igualtat i Pol\u00edtiques Inclusives han considerat \u00abmolt greu la den\u00fancia sense corroborar que ha fet el PP en els mitjans de comunicaci\u00f3 d&#8217;una informaci\u00f3 sensible referida a nens i nenes sota la protecci\u00f3 de la Generalitat perqu\u00e8 les seves fam\u00edlies no poden o no volen fer-se c\u00e0rrec d&#8217;ells. Ha denunciat una suposada agressi\u00f3 sexual a una nena dins d&#8217;un centre de menors sense proves, sense dades fiables, sense el m\u00ednim rigor exigible en un cas com aquest \u00bb, segons fonts d&#8217;Igualtat.<\/p>\n<p>\u00abResulta lamentable la poca rigorositat del PP en denunciar que cent nens i nenes eren al centre de menors de Bunyol, quan es tracta de 100 nens i nenes adscrits a aquest recurs per\u00f2 que es troben passant l&#8217;estiu en albergs, campaments o col\u00f2nies de estiu. \u00c9s a dir, de vacances. Ens preocuparia que el PP estigu\u00e9s en desacord amb la decisi\u00f3 pol\u00edtica que els nens, nenes i adolescents tutelats per la Generalitat puguin gaudir de vacances com la resta de nens \u00bb, tal com han afegit.<\/p>\n<p>Des de la Conselleria d&#8217;Igualtat i Pol\u00edtiques Inclusives consideren tamb\u00e9 \u00abpreocupant que el PP tracti de fer oposici\u00f3 al Consell a for\u00e7a d&#8217;oferir informacions sense contrastar, i aix\u00ed ho reconeix la diputada Mar\u00eda Jos\u00e9 Catal\u00e0 en la seva intervenci\u00f3 davant els mitjans, especialment en assumptes tan delicats com s\u00f3n les pol\u00edtiques d&#8217;atenci\u00f3 a nens i nenes en situaci\u00f3 de protecci\u00f3. \u00c9s perill\u00f3s que es tracti de fer oposici\u00f3 pol\u00edtica a costa de demonitzar aquests nens i nenes que, per la seva situaci\u00f3 de vulnerabilitat, necessiten tot el suport i comprensi\u00f3 de la societat \u00bb.<\/p>\n<p>Per aix\u00f2, des de la Conselleria d&#8217;Igualtat i Pol\u00edtiques Inclusives han volgut aclarir les informacions que, \u00abdes del PP s&#8217;han llan\u00e7at, sense corroborar, als mitjans de comunicaci\u00f3:<\/p>\n<p>1.- Al llarg del mes d&#8217;agost, el centre de recepci\u00f3 de nens i nenes a la localitat valenciana de Bunyol ha comptat amb una poblaci\u00f3 fluctuant d&#8217;entre 8 i 15 joves.<\/p>\n<p>2.- Prop de 100 joves, adscrits a aquest centre de recepci\u00f3 de Val\u00e8ncia estan passant les seves vacances en albergs, campaments o col\u00f2nies.<\/p>\n<p>3.- Un d&#8217;aquests joves, de 14 anys, que en el seu moment va arribar a la Comunitat Valenciana fugat d&#8217;un centre d&#8217;una altra comunitat aut\u00f2noma, es va escapar d&#8217;un dels campaments per tornar a Bunyol, localitat en festes. En aquest municipi va ser detingut per la Policia i posat a disposici\u00f3 judicial. L&#8217;autoritat judicial competent en menors, a la vista dels fets denunciats, li ha imposat una mesura cautelar d&#8217;internament en un centre en r\u00e8gim semiobert per un &#8220;delicte de resist\u00e8ncia greu a agent de l&#8217;autoritat&#8221; i &#8220;els que puguin derivar-se de la investigaci\u00f3 &#8220;.<\/p>\n<p>4.- Desmentir l&#8217;agressi\u00f3 sexual dins del centre de menors de Bunyol per part d&#8217;un noi a una altra noia del centre, denunciada pel PP. \u00c9s una acusaci\u00f3 molt greu que ha resultat falsa. Considerem que es tracta d&#8217;una greu irresponsabilitat indigna d&#8217;una diputada.<\/p>\n<p>5.- En quan a la cr\u00edtica del PP per la falta d&#8217;informaci\u00f3, aclarir que \u00e9s \u00fas i costum de la vicepresidenta i consellera d&#8217;Igualtat i Pol\u00edtiques Inclusives, M\u00f3nica Oltra, informar personalment als portaveus dels grups parlamentaris en la Comissi\u00f3 de Pol\u00edtica social de les Corts quan alguna cosa greu passa en un centre d&#8217;acollida de nens i nenes tutelats per la Generalitat. Una transpar\u00e8ncia inexistent amb el PP i que s&#8217;ha posat en marxa en aquesta legislatura per la pr\u00f2pia M\u00f2nica Oltra.<\/p>\n<p>6.- El Consell treballa des de l&#8217;inici de legislatura a dignificar el treball i l&#8217;atenci\u00f3 als nens i nenes tutelats per la Generalitat amb l&#8217;increment de places, recursos i personal en els centres d&#8217;acollida. Per aix\u00f2 agra\u00efm el suport de la majoria dels grups amb representaci\u00f3 en les Corts Valencianes a aquestes pol\u00edtiques. Lamentar, per\u00f2, l&#8217;oposici\u00f3 d&#8217;aquells que encoratgen manifestacions i concentracions en contra de la instal\u00b7laci\u00f3 de nous centres d&#8217;acollida per a nens i nenes desemparats i per posar-los en el focus social quan el que necessiten \u00e9s el nostre suport, aix\u00ed com el cinisme que suposa posar-se en les pancartes contra la posada en marxa de nous centres d&#8217;acollida de nens i nenes i alhora denunciar la manca de recursos d&#8217;aquest tipus \u00bb.<\/p>\n","protected":false},"excerpt":{"rendered":"<div class=\"mh-excerpt\">Des de la Conselleria d&#8217;Igualtat i Pol\u00edtiques Inclusives han considerat \u00abmolt greu la den\u00fancia sense corroborar que ha fet el PP en els mitjans de comunicaci\u00f3 d&#8217;una informaci\u00f3 sensible referida a nens i nenes sota <a class=\"mh-excerpt-more\" href=\"https:\/\/tucomarca.whitekongsoftware.com\/ca\/igualdad-califica-de-muy-grave-la-denuncia-sin-corroborar-del-pp-por-una-supuesta-agresion-sexual-en-el-centro-de-menores-de-bunol\/\" title=\"Igualtat qualifica de \u00abmolt greu\u00bb la den\u00fancia \u00absense corroborar\u00bb del PP per una suposada agressi\u00f3 sexual en el centre de menors de Bunyol\">[+] <\/a><\/div>\n","protected":false},"author":1,"featured_media":73856,"comment_status":"open","ping_status":"open","sticky":false,"template":"","format":"standard","meta":{"footnotes":""},"categories":[10911,10898,10948,10894,10904,10912,10947,10896,10897],"tags":[10913,11193,10914,10901],"class_list":["post-73886","post","type-post","status-publish","format-standard","has-post-thumbnail","category-bunol-ca","category-ventana-ca","category-infraestructuras-ca","category-la-comarca-ca","category-sin-categorizar-ca","category-la-hoya-ca","category-politica","category-seccion-ca","category-sucesos-la-comarca-ca","tag-bunol-ca","tag-centro-de-menores-ca","tag-la-hoya-de-bunol-chiva-ca","tag-sucesos-ca"],"_links":{"self":[{"href":"https:\/\/tucomarca.whitekongsoftware.com\/ca\/wp-json\/wp\/v2\/posts\/73886","targetHints":{"allow":["GET"]}}],"collection":[{"href":"https:\/\/tucomarca.whitekongsoftware.com\/ca\/wp-json\/wp\/v2\/posts"}],"about":[{"href":"https:\/\/tucomarca.whitekongsoftware.com\/ca\/wp-json\/wp\/v2\/types\/post"}],"author":[{"embeddable":true,"href":"https:\/\/tucomarca.whitekongsoftware.com\/ca\/wp-json\/wp\/v2\/users\/1"}],"replies":[{"embeddable":true,"href":"https:\/\/tucomarca.whitekongsoftware.com\/ca\/wp-json\/wp\/v2\/comments?post=73886"}],"version-history":[{"count":0,"href":"https:\/\/tucomarca.whitekongsoftware.com\/ca\/wp-json\/wp\/v2\/posts\/73886\/revisions"}],"wp:featuredmedia":[{"embeddable":true,"href":"https:\/\/tucomarca.whitekongsoftware.com\/ca\/wp-json\/wp\/v2\/media\/73856"}],"wp:attachment":[{"href":"https:\/\/tucomarca.whitekongsoftware.com\/ca\/wp-json\/wp\/v2\/media?parent=73886"}],"wp:term":[{"taxonomy":"category","embeddable":true,"href":"https:\/\/tucomarca.whitekongsoftware.com\/ca\/wp-json\/wp\/v2\/categories?post=73886"},{"taxonomy":"post_tag","embeddable":true,"href":"https:\/\/tucomarca.whitekongsoftware.com\/ca\/wp-json\/wp\/v2\/tags?post=73886"}],"curies":[{"name":"wp","href":"https:\/\/api.w.org\/{rel}","templated":true}]}}