{"id":73215,"date":"2018-08-24T14:23:29","date_gmt":"2018-08-24T12:23:29","guid":{"rendered":"http:\/\/www.tucomarca.com\/wordpress\/segunda\/?p=73215"},"modified":"2018-08-24T14:23:29","modified_gmt":"2018-08-24T12:23:29","slug":"la-policia-de-bunyol-recomana-limitar-lus-dels-vehicles-en-aquests-dies-de-fira-i-festes","status":"publish","type":"post","link":"https:\/\/tucomarca.whitekongsoftware.com\/ca\/la-policia-de-bunyol-recomana-limitar-lus-dels-vehicles-en-aquests-dies-de-fira-i-festes\/","title":{"rendered":"La Policia de Bunyol recomana limitar l&#8217;\u00fas dels vehicles en aquests dies de Fira i Festes"},"content":{"rendered":"<figure id=\"attachment_43107\" aria-describedby=\"caption-attachment-43107\" style=\"width: 468px\" class=\"wp-caption alignleft\"><img loading=\"lazy\" decoding=\"async\" class=\"wp-image-43107 size-full\" src=\"http:\/\/www.tucomarca.com\/wordpress\/segunda\/wp-content\/uploads\/2016\/01\/policia-06_008_1-e1452243885138.jpg\" alt=\"{%ALT_TEXT%}\" width=\"468\" height=\"254\" srcset=\"https:\/\/tucomarca.whitekongsoftware.com\/wp-content\/uploads\/2016\/01\/policia-06_008_1-e1452243885138.jpg 468w, https:\/\/tucomarca.whitekongsoftware.com\/wp-content\/uploads\/2016\/01\/policia-06_008_1-e1452243885138-300x162.jpg 300w\" sizes=\"auto, (max-width: 468px) 100vw, 468px\" \/><figcaption id=\"caption-attachment-43107\" class=\"wp-caption-text\">Efectius de la Policia Local de Bu\u00f1ol davant l&#8217;ermita del patr\u00f3 de la localitat, Sant Llu\u00eds en una imatge d&#8217;archiu.<\/figcaption><\/figure>\n<p>Efectius de la Policia Local de Bunyol davant l&#8217;ermita del patr\u00f3 de la localitat, Sant Luis, en una imatge de fitxer.<br \/>\nLa Policia Local de Bu\u00f1ol ha informat que amb motiu de la Fira i Festes de 2018, que se celebra a la localitat del 24 d&#8217;agost al 3 de setembre, es recomana una s\u00e8rie de normes i consells per a una millor conviv\u00e8ncia durant les mateixes.<\/p>\n<p>Tamb\u00e9 han informat de les calles que romandran tallades i en les quals estar\u00e0 prohibit estacionar. A m\u00e9s, es recomana a la poblaci\u00f3 &#8220;que utilitzi els vehicles particulars com a m\u00ednim possibles per traslladar-se al recinte firal o proximitats i no exponga el seu vehicle a possibles cops o robatoris&#8221;.<\/p>\n<p>Durant tots els dies de Fira i Festes est\u00e0 terminantment prohibit estacionar a les calles Cid, Sant Llu\u00eds i la Pla\u00e7a del Poble. Tots els dies des de les 19,00 fins les 4,00 hores, l&#8217;entrada al recinte firal es far\u00e0 per la carretera d&#8217;Andorra, amb sortida per la carretera del Cuco. Com el passat passat, a la carretera CV-427 (la del R\u00edo Juanes), des de San Luis fins a la cru\u00eflla de l&#8217;Hortel\u00e0, tan sols es va a permetre el estacionament en un costat, \u00abla carretera est\u00e0 suficientment senyalitzada, com a mesura de seguretat \u00bb.<\/p>\n<p>El dijous, 23 d&#8217;agost, des de les 16.00 fins a les 21.00 hores, estava terminantment prohibit estacionar a l&#8217;Avinguda Pa\u00eds Valenci\u00e0 a causa del recorregut de la III Mem\u00f2ria popular Carrera Raquel Lavilla. \u00abSiendo que aquesta carrera t\u00e9 un recorregut urb\u00e0, es demana als conductors, que no circulen per les calles per on transcorre la mateixa i que respectin les indicacions dels membres de l&#8217;organitzaci\u00f3. I sempre respetant als corredors \u00bb.<\/p>\n<p>El dissabte, 25 d&#8217;agost, estar\u00e0 prohibit estacionar a la Pla\u00e7a del Poble des de les 6&#8217;00 fins les 24&#8217;00 hores per la celebraci\u00f3 de la Tomatina Infantil. Els accessos a la mateixa estaran tallats al tr\u00e0nsit des de les 6.00 hores. I estar\u00e0 prohibit estacionar a l&#8217;entrada al poliesportiu de la piscina des de les 19.00 hores per la celebraci\u00f3 d&#8217;un concert de rock.<\/p>\n<p>El diumenge dia 26, quedar\u00e0 prohibit estacionar des de les 9.00 fins a les 22.00 hores, a l&#8217;avinguda la Violeta, la del Pa\u00eds Valenci\u00e0, el Pont de la Rep\u00fablica, el carrer Cid, la Pla\u00e7a del Poble i la calle de San Luis; i a partir de les 18,00 fins a les 22,00 hores a la carretera del Cuco.<\/p>\n<p>Ya el lunes 27 estar\u00e0 prohibit estacionar a la Pla\u00e7a del Poble des de les 6.00 fins les 24.00 hores per la celebraci\u00f3 de la festa del fang. Els accessos a la mateixa estaran tallats al tr\u00e0nsit des de les 6.00 hores. Des de les 14.00 fins a les 22.00 hores, quedar\u00e0 prohibit estacionar a les calles Garc\u00e9s Vericat (des del CP Sant Luis fins a la final) i el carrer Guzm\u00e1n C\u00e1rcel (fins al Planell) per motiu del XLIII Concurs de Paelles.<\/p>\n<p>El dimarts, 28 d&#8217;agost, a partir de les 15,00 hores del dimarts i fins a les 15,00 hores del mi\u00e9rcoles, estar\u00e0 prohibit estacionar a la calle El Portal, degut a la ubicaci\u00f3 dels diferents vehicles d&#8217;emerg\u00e8ncies que arribaran per a la celebraci\u00f3 de la Tomatina.<\/p>\n<p>Festa de la Tomatina<\/p>\n<p>Ja el mi\u00e9rcoles, 29 d&#8217;agost, i degut a la festa de la Tomatina, l&#8217;Ajuntament recorda &#8220;que queda estrictament prohibit accedir a la zona on es desenvolupa la festa, amb vasos o cristalls de vidre, aix\u00ed com el trencament de t-shirts&#8221;.<\/p>\n<p>Estar\u00e0 prohibit estacionar des de les 00.00 fins les 15.00 hores a l&#8217;Avinguda de la Violeta des del n\u00ba 14 fins a la Pla\u00e7a de la Diputaci\u00f3; Avinguda Pa\u00eds Valenci\u00e0; les cales de Sant Pere, de la Vall d&#8217;Andorra des del Pont fins a l&#8217;encreuament amb el carrer Garc\u00eda Lorca; Calles El Portal, Chap\u00ed, Cid, Pla\u00e7a del Poble, San Luis, Dr. Juan L\u00f3pez i carretera del Cuco. Des de les 5.30 hores, les calles Ruiz Pons, Ernesto Gim\u00e9nez, l&#8217;avinguda Dr. Beltr\u00e1n Baguena i l&#8217;avinguda de la Violeta estaran tallades al tr\u00e0nsit. Festivitat del patr\u00f3<\/p>\n<p>El dijous, 30 d&#8217;agost, estar\u00e0 prohibit estacionar a l&#8217;Avinguda Pa\u00eds Valenci\u00e0 i Pont Nou des de les 9.00 fins a les 15.00 hores pel desfile de l&#8217;ofrena a San Luis. Amb motiu de la masclet\u00e0, estar\u00e0 prohibit estacionar a l&#8217;Avinguda de la M\u00fasica (contorn del Parc Marcelino Camacho), des de les 9.00 fins a les 15.00 hores. Amb motiu de la process\u00f3 de Sant Llu\u00eds quedar\u00e0 prohibit aparcar a les Cid, Pla\u00e7a del Poble, Calles Pelayo, Col\u00f3n i Mol\u00ed, des de les 17.00 fins a les 22.00 hores. Amb motiu de la celebraci\u00f3 del Concurs de Mojete, que se celebrar\u00e0 a l&#8217;Avinguda de la M\u00fasica (costat del Parc Manuel Carrascosa) des de les 15,00 hores fins a la finalitzaci\u00f3 del mateix, com novetat aquest any estar\u00e0 prohibit estacionar a l&#8217;avinguda de la M\u00fasica (des de la calle Joaqu\u00edn Masmano fins a la final de l&#8217;avinguda, tan sols el costat de baixada).<\/p>\n<p>El viernes, 31 d&#8217;agost, l&#8217;Avinguda P\u00e9rez Gald\u00f3s quedar\u00e0 tancada al tr\u00e0nsit des de les 9,00 fins les 15,00 hores per jocs infantils. El Puente de la Venta quedar\u00e0 tallat al tr\u00e0nsit des de les 9,00 fins les 16,00 per muntatge i disparo de la masclet\u00e0. Estareu prohibit estacionar a l&#8217;avinguda Rafael Ridaura des de les 10.00 fins a les 3,00 hores pel concurs de gaspatxos que canvia de localitzaci\u00f3.<br \/>\nEl dissabte, 1 de setembre, quedar\u00e0 definitivament prohibit estacionar des de les 10.00 fins a les 22.00 hores a la Avd. de la Violeta, Avd. Pa\u00eds Valenci\u00e0, Pte. Nou, carrer Cid, Pla\u00e7a del Poble i, a partir de les 18,00 hores, el carrer Sant Llu\u00eds i la carretera del Cuco. I el diumenge 2 de setembre, estar\u00e0 prohibit estacionar des de les 9.00 fins les 22.00 hores a la Avd. Pa\u00eds Valenci\u00e0, carrer Cid, Pl. del Poble, carrer San Luis i a partir de les 17,00 i fins a les 21,00 hores la Av. de la Violeta i la carretera del Cuco. I el dilluns 3 quedar\u00e0 prohibit estacionar des de les 20.00 fins a les 22.00 hores a la Pl. del Poble i el carrer de San Luis; i tot el dia a l&#8217;Avda. Rafael Ridaura amb motiu del disparo del castell de focs artificials.<\/p>\n","protected":false},"excerpt":{"rendered":"<div class=\"mh-excerpt\">Efectius de la Policia Local de Bunyol davant l&#8217;ermita del patr\u00f3 de la localitat, Sant Luis, en una imatge de fitxer. La Policia Local de Bu\u00f1ol ha informat que amb motiu de la Fira i <a class=\"mh-excerpt-more\" href=\"https:\/\/tucomarca.whitekongsoftware.com\/ca\/la-policia-de-bunyol-recomana-limitar-lus-dels-vehicles-en-aquests-dies-de-fira-i-festes\/\" title=\"La Policia de Bunyol recomana limitar l&#8217;\u00fas dels vehicles en aquests dies de Fira i Festes\">[+] <\/a><\/div>\n","protected":false},"author":1,"featured_media":73216,"comment_status":"open","ping_status":"open","sticky":false,"template":"","format":"standard","meta":{"footnotes":""},"categories":[10911,10898,10894,10912,11004,11008,10896,10897],"tags":[11178,9906,11179,11108],"class_list":["post-73215","post","type-post","status-publish","format-standard","has-post-thumbnail","category-bunol-ca","category-ventana-ca","category-la-comarca-ca","category-la-hoya-ca","category-la-semana-en-imagenes-ca","category-pueblos-en-fiestas-ca","category-seccion-ca","category-sucesos-la-comarca-ca","tag-2018-ca","tag-bunyol","tag-fira-i-festes","tag-la-foia-de-bunyol-xiva"],"_links":{"self":[{"href":"https:\/\/tucomarca.whitekongsoftware.com\/ca\/wp-json\/wp\/v2\/posts\/73215","targetHints":{"allow":["GET"]}}],"collection":[{"href":"https:\/\/tucomarca.whitekongsoftware.com\/ca\/wp-json\/wp\/v2\/posts"}],"about":[{"href":"https:\/\/tucomarca.whitekongsoftware.com\/ca\/wp-json\/wp\/v2\/types\/post"}],"author":[{"embeddable":true,"href":"https:\/\/tucomarca.whitekongsoftware.com\/ca\/wp-json\/wp\/v2\/users\/1"}],"replies":[{"embeddable":true,"href":"https:\/\/tucomarca.whitekongsoftware.com\/ca\/wp-json\/wp\/v2\/comments?post=73215"}],"version-history":[{"count":0,"href":"https:\/\/tucomarca.whitekongsoftware.com\/ca\/wp-json\/wp\/v2\/posts\/73215\/revisions"}],"wp:featuredmedia":[{"embeddable":true,"href":"https:\/\/tucomarca.whitekongsoftware.com\/ca\/wp-json\/wp\/v2\/media\/73216"}],"wp:attachment":[{"href":"https:\/\/tucomarca.whitekongsoftware.com\/ca\/wp-json\/wp\/v2\/media?parent=73215"}],"wp:term":[{"taxonomy":"category","embeddable":true,"href":"https:\/\/tucomarca.whitekongsoftware.com\/ca\/wp-json\/wp\/v2\/categories?post=73215"},{"taxonomy":"post_tag","embeddable":true,"href":"https:\/\/tucomarca.whitekongsoftware.com\/ca\/wp-json\/wp\/v2\/tags?post=73215"}],"curies":[{"name":"wp","href":"https:\/\/api.w.org\/{rel}","templated":true}]}}