{"id":72949,"date":"2018-08-22T21:45:02","date_gmt":"2018-08-22T19:45:02","guid":{"rendered":"http:\/\/www.tucomarca.com\/wordpress\/segunda\/?p=72949"},"modified":"2018-08-22T21:45:02","modified_gmt":"2018-08-22T19:45:02","slug":"el-recorregut-solidari-per-la-donacio-de-sang-empres-per-un-vei-de-benaguasil-finalitza-a-bunyol-aquest-dissabte-25-dagost","status":"publish","type":"post","link":"https:\/\/tucomarca.whitekongsoftware.com\/ca\/el-recorregut-solidari-per-la-donacio-de-sang-empres-per-un-vei-de-benaguasil-finalitza-a-bunyol-aquest-dissabte-25-dagost\/","title":{"rendered":"El recorregut solidari per la donaci\u00f3 de sang empr\u00e8s per un ve\u00ed de Benaguasil finalitza a Bunyol aquest dissabte 25 d&#8217;agost"},"content":{"rendered":"<figure id=\"attachment_72947\" aria-describedby=\"caption-attachment-72947\" style=\"width: 452px\" class=\"wp-caption alignleft\"><img loading=\"lazy\" decoding=\"async\" class=\" wp-image-72946\" src=\"http:\/\/www.tucomarca.com\/wordpress\/segunda\/wp-content\/uploads\/2018\/08\/photo_2018-08-13_13-01-37-2.jpg\" alt=\"Juan Manuel Darijo, va emprendre el repte #caminodarsangreesdarvida, ha empr\u00e8s un recorregut de 500 quil\u00f2metres descal\u00e7 des de Granada fins Benaguasil perqu\u00e8 la societat prengui consci\u00e8ncia de la import\u00e0ncia de donar sang.\" width=\"452\" height=\"485\" srcset=\"https:\/\/tucomarca.whitekongsoftware.com\/wp-content\/uploads\/2018\/08\/photo_2018-08-13_13-01-37-2.jpg 894w, https:\/\/tucomarca.whitekongsoftware.com\/wp-content\/uploads\/2018\/08\/photo_2018-08-13_13-01-37-2-279x300.jpg 279w, https:\/\/tucomarca.whitekongsoftware.com\/wp-content\/uploads\/2018\/08\/photo_2018-08-13_13-01-37-2-768x825.jpg 768w\" sizes=\"auto, (max-width: 452px) 100vw, 452px\" \/><figcaption id=\"caption-attachment-72947\" class=\"wp-caption-text\">Juan Manuel Darijo, va emprendre el repte #caminodarsangreesdarvida, ha empr\u00e8s un recorregut de 500 quil\u00f2metres descal\u00e7 des de Granada fins Benaguasil perqu\u00e8 la societat prengui consci\u00e8ncia de la import\u00e0ncia de donar sang.<\/figcaption><\/figure>\n<p>Juan Manuel Darijo Calaforra, ve\u00ed de Benaguasil, corredor aficionat i donant de sang des de fa 35 anys, va emprendre el passat diumenge 12 d&#8217;agost el seu seg\u00fcent repte solidari. Des de Granada fins Benaguasil recorrer\u00e0 descal\u00e7 els 500 quil\u00f2metres que els separen per conscienciar de la import\u00e0ncia de ser solidari i donar sang. En 15 etapes proporcionar\u00e0 informaci\u00f3 a les persones que trobi pel seu pas de la import\u00e0ncia de donar sang, especialment entre els m\u00e9s joves, i que una donaci\u00f3 pot salvar tres vides.<\/p>\n<p>Aquest \u00e9s el segon repte en qu\u00e8 s&#8217;embarca. L&#8217;any passat va realitzar el cam\u00ed per la dignitat per visibilitzar la situaci\u00f3 dels aturats majors de 50 anys. Als seus 59 anys ha completat 90 donacions de sang i des dels 18 anys t\u00e9 carnet de donant. Per aix\u00f2, diu el mateix corredor aficionat, &#8220;despr\u00e9s de la meva experi\u00e8ncia he pogut comprovar el desconeixement que tenen moltes persones sobre aix\u00f2, sobretot els joves, \u00e9s per aix\u00f2 pel que aquest any m&#8217;he proposat que la gent s\u00e0piga que donar sang \u00e9s senyal que et trobes b\u00e9 i que pots salvar vides, fins i tot la teva &#8220;.<\/p>\n<p>Aquest recorregut solidari el finalitza el diumenge 26, que \u00e9s la tornada al seu municipi. El municipi que visita abans de marxar a la seva localitat \u00e9s Bunyol. Arribar\u00e0 el dissabte 25 sobre les 13h. Ser\u00e0 rebut per l&#8217;alcaldessa de la localitat, Jonquera Carrascosa i l&#8217;edil de Joventut i Esports, Marta P\u00e9rez. Tot i que el Club Atletisme Correores de Bunyol l&#8217;acompanyar\u00e0 en els quatre quil\u00f2metres de dist\u00e0ncia des de l&#8217;inici del municipi fins a la Pla\u00e7a del Poble.<\/p>\n<p>En aquests moments hi haur\u00e0 finalitzat la Tomatina Infantil en aquest enclavament, a causa que el municipi estar\u00e0 ja immers completament en la Fira i Festes 2018. &#8220;Per\u00f2 ser\u00e0 rebut per nosaltres, ia m\u00e9s podr\u00e0 amarar-se de les gents, dels nostres ve\u00efns, en un ambient festiu i aix\u00ed transmetre la seva informaci\u00f3, la seva solidaritat, i despr\u00e9s d&#8217;aix\u00f2, marxarem a dinar, juntament amb el CA Correores Bunyol perqu\u00e8 reposi forces en la Posada Venda Pilar, on far\u00e0 nit. L&#8217;endem\u00e0 marxar\u00e0 a Benaguasil, acabant aix\u00ed aquest recorregut solidari de 500 quil\u00f2metres.<\/p>\n<p>Aquest mateix dia, en la seva sortida des de Requena, i fins Bunyol, Llacuna Mart\u00ednez, president del C.A. Correores de Bunyol, l&#8217;acompanyar\u00e0 fins a la seva arribada al municipi, que ser\u00e0 sobre les 13h. Un cop aqu\u00ed, un grup d&#8217;atletes d&#8217;aquest club esportiu bu\u00f1olense el guiar\u00e0 en el seu recorregut fins a la Pla\u00e7a del Poble. La Tomatina Infantil \u00e9s un moment ple de p\u00fablic de totes les edats que ser\u00e0 un revulsiu molt important per als fins solidaris d&#8217;aquest ve\u00ed de Benaguasil, que no \u00e9s altre que donar a con\u00e8ixer la import\u00e0ncia real de la donaci\u00f3 de sang.<\/p>\n","protected":false},"excerpt":{"rendered":"<div class=\"mh-excerpt\">Juan Manuel Darijo Calaforra, ve\u00ed de Benaguasil, corredor aficionat i donant de sang des de fa 35 anys, va emprendre el passat diumenge 12 d&#8217;agost el seu seg\u00fcent repte solidari. Des de Granada fins Benaguasil <a class=\"mh-excerpt-more\" href=\"https:\/\/tucomarca.whitekongsoftware.com\/ca\/el-recorregut-solidari-per-la-donacio-de-sang-empres-per-un-vei-de-benaguasil-finalitza-a-bunyol-aquest-dissabte-25-dagost\/\" title=\"El recorregut solidari per la donaci\u00f3 de sang empr\u00e8s per un ve\u00ed de Benaguasil finalitza a Bunyol aquest dissabte 25 d&#8217;agost\">[+] <\/a><\/div>\n","protected":false},"author":1,"featured_media":72947,"comment_status":"open","ping_status":"open","sticky":false,"template":"","format":"standard","meta":{"footnotes":""},"categories":[10952,10911,10892,11010,10894,10912,10896],"tags":[11136,9906,10899,11108],"class_list":["post-72949","post","type-post","status-publish","format-standard","has-post-thumbnail","category-benaguasil-ca","category-bunol-ca","category-camp-de-turia-ca","category-canal-salud","category-la-comarca-ca","category-la-hoya-ca","category-seccion-ca","tag-benaguasil-ca","tag-bunyol","tag-camp-de-turia-ca","tag-la-foia-de-bunyol-xiva"],"_links":{"self":[{"href":"https:\/\/tucomarca.whitekongsoftware.com\/ca\/wp-json\/wp\/v2\/posts\/72949","targetHints":{"allow":["GET"]}}],"collection":[{"href":"https:\/\/tucomarca.whitekongsoftware.com\/ca\/wp-json\/wp\/v2\/posts"}],"about":[{"href":"https:\/\/tucomarca.whitekongsoftware.com\/ca\/wp-json\/wp\/v2\/types\/post"}],"author":[{"embeddable":true,"href":"https:\/\/tucomarca.whitekongsoftware.com\/ca\/wp-json\/wp\/v2\/users\/1"}],"replies":[{"embeddable":true,"href":"https:\/\/tucomarca.whitekongsoftware.com\/ca\/wp-json\/wp\/v2\/comments?post=72949"}],"version-history":[{"count":0,"href":"https:\/\/tucomarca.whitekongsoftware.com\/ca\/wp-json\/wp\/v2\/posts\/72949\/revisions"}],"wp:featuredmedia":[{"embeddable":true,"href":"https:\/\/tucomarca.whitekongsoftware.com\/ca\/wp-json\/wp\/v2\/media\/72947"}],"wp:attachment":[{"href":"https:\/\/tucomarca.whitekongsoftware.com\/ca\/wp-json\/wp\/v2\/media?parent=72949"}],"wp:term":[{"taxonomy":"category","embeddable":true,"href":"https:\/\/tucomarca.whitekongsoftware.com\/ca\/wp-json\/wp\/v2\/categories?post=72949"},{"taxonomy":"post_tag","embeddable":true,"href":"https:\/\/tucomarca.whitekongsoftware.com\/ca\/wp-json\/wp\/v2\/tags?post=72949"}],"curies":[{"name":"wp","href":"https:\/\/api.w.org\/{rel}","templated":true}]}}