{"id":72037,"date":"2018-08-10T18:03:30","date_gmt":"2018-08-10T16:03:30","guid":{"rendered":"http:\/\/www.tucomarca.com\/wordpress\/segunda\/?p=72037"},"modified":"2018-08-10T18:03:30","modified_gmt":"2018-08-10T16:03:30","slug":"hilando-vidas-art-i-reivindicacio-femenina-a-alcublas","status":"publish","type":"post","link":"https:\/\/tucomarca.whitekongsoftware.com\/ca\/hilando-vidas-art-i-reivindicacio-femenina-a-alcublas\/","title":{"rendered":"&#8220;Hilando Vidas&#8221;: art i reivindicaci\u00f3 femenina a Alcublas"},"content":{"rendered":"<figure id=\"attachment_72040\" aria-describedby=\"caption-attachment-72040\" style=\"width: 556px\" class=\"wp-caption alignleft\"><img loading=\"lazy\" decoding=\"async\" class=\" wp-image-72040\" src=\"http:\/\/www.tucomarca.com\/wordpress\/segunda\/wp-content\/uploads\/2018\/08\/HILANDO1.jpg\" alt=\"70 mujeres tejen \u201cSonoridad\u201d para hacerse visibles en un entorno rural.\" width=\"556\" height=\"371\" srcset=\"https:\/\/tucomarca.whitekongsoftware.com\/wp-content\/uploads\/2018\/08\/HILANDO1.jpg 1600w, https:\/\/tucomarca.whitekongsoftware.com\/wp-content\/uploads\/2018\/08\/HILANDO1-300x200.jpg 300w, https:\/\/tucomarca.whitekongsoftware.com\/wp-content\/uploads\/2018\/08\/HILANDO1-768x513.jpg 768w, https:\/\/tucomarca.whitekongsoftware.com\/wp-content\/uploads\/2018\/08\/HILANDO1-1024x684.jpg 1024w\" sizes=\"auto, (max-width: 556px) 100vw, 556px\" \/><figcaption id=\"caption-attachment-72040\" class=\"wp-caption-text\">&#8220;Hilando Vidas&#8221;: art i reivindicaci\u00f3 femenina a Alcublas.<\/figcaption><\/figure>\n<p>Per tercer any consecutiu, 70 dones de 12 a 92 anys han teixit durant 1 any per a transformar Alcublas (650 habitants) en un museu a l&#8217;aire lliure des del diumenge 12 d&#8217;agost.<\/p>\n<p>Sordidad \u00e9s el nom de l&#8217;exposici\u00f3, confeccionada amb pl\u00e0stic reciclatge, -te-les reutilitzades i llana. L&#8217;objectiu del projecte \u00e9s donar visibilitat a la dona rural.<\/p>\n<p>Darrere del que tixen estes dones sempre hi ha un missatge reivindicatiu coordinat per la Comiss\u00e0ria del Projecte, M\u00aa Jos\u00e9 Cabanes, llicenciada en Belles Arts. En altres edicions, &#8220;Hilando Vidas&#8221; ha plasmat la seua visi\u00f3 del matriarcat, la viol\u00e8ncia masclista o els estereotips femenins. Enguany la instal\u00b7laci\u00f3 art\u00edstica posa en valor la &#8220;Hermandad entre Mujeres&#8221;.<\/p>\n<p>Els carrers, fatxades i balcons d&#8217;Alcublas es cobrixen de milers d&#8217;hex\u00e0gons que representen les bresques de les abelles com a exemple d&#8217;equip de treball.<\/p>\n<p>L&#8217;acte d&#8217;inauguraci\u00f3 estar\u00e0 presentat pel periodista d&#8217;Antena 3, Carlos Vill\u00e1n. Assistiran l&#8217;alcaldessa d&#8217;Alcublas, Blanca Rosa Pastor i diversos alcaldes de la comarca. La comiss\u00e0ria de l&#8217;exposici\u00f3 explicar\u00e0 la instal\u00b7laci\u00f3 d&#8217;art col\u00b7laboratiu i la directora del projecte, Ascen Mart\u00ednez, informar\u00e0 del recorregut de &#8220;Hilando Vidas&#8221; en 2018.<\/p>\n<p><b>Reconeiximent<\/b><\/p>\n<p>El treball de &#8220;Hilando Vidas&#8221; ha sigut reconegut en festivals d&#8217;art urb\u00e0 com Benimaclet Confusi\u00f3, Districte 008 i Veus-vos Festival pel seu rerefons reivindicatiu i consci\u00e8ncia mediambiental, ja que part de les instal\u00b7lacions procedixen de material reciclatge.<\/p>\n<p><b>Acci\u00f3 viral<\/b><\/p>\n<p>\u201cHilando Vidas\u201d vol donar visibilitat a milers de dones per a les que viure en xicotets pobles rurals \u00e9s un repte per a desenrotllar-se. El dilluns 13 d&#8217;agost 300 persones destacades del m\u00f3n de l&#8217;art, la pol\u00edtica o la televisi\u00f3 rebran en els seus comptes d&#8217;Instagram una petici\u00f3 singular. &#8220;Hilando Vidas&#8221; els demanar\u00e0 que pugen als seus stories un v\u00eddeo per a donar visibilitat a sororitat\u00a0i aix\u00ed crear una gran germandat amb totes les dones rurals del nostre pa\u00eds.<\/p>\n","protected":false},"excerpt":{"rendered":"<div class=\"mh-excerpt\">Per tercer any consecutiu, 70 dones de 12 a 92 anys han teixit durant 1 any per a transformar Alcublas (650 habitants) en un museu a l&#8217;aire lliure des del diumenge 12 d&#8217;agost. Sordidad \u00e9s <a class=\"mh-excerpt-more\" href=\"https:\/\/tucomarca.whitekongsoftware.com\/ca\/hilando-vidas-art-i-reivindicacio-femenina-a-alcublas\/\" title=\"&#8220;Hilando Vidas&#8221;: art i reivindicaci\u00f3 femenina a Alcublas\">[+] <\/a><\/div>\n","protected":false},"author":1,"featured_media":72040,"comment_status":"open","ping_status":"open","sticky":false,"template":"","format":"standard","meta":{"footnotes":""},"categories":[11019,11045,11046,10894,10896],"tags":[11078,8606],"class_list":["post-72037","post","type-post","status-publish","format-standard","has-post-thumbnail","category-agenda-ca","category-alcublas-ca","category-los-serranos-ca","category-la-comarca-ca","category-seccion-ca","tag-alcublas-ca","tag-els-serrans"],"_links":{"self":[{"href":"https:\/\/tucomarca.whitekongsoftware.com\/ca\/wp-json\/wp\/v2\/posts\/72037","targetHints":{"allow":["GET"]}}],"collection":[{"href":"https:\/\/tucomarca.whitekongsoftware.com\/ca\/wp-json\/wp\/v2\/posts"}],"about":[{"href":"https:\/\/tucomarca.whitekongsoftware.com\/ca\/wp-json\/wp\/v2\/types\/post"}],"author":[{"embeddable":true,"href":"https:\/\/tucomarca.whitekongsoftware.com\/ca\/wp-json\/wp\/v2\/users\/1"}],"replies":[{"embeddable":true,"href":"https:\/\/tucomarca.whitekongsoftware.com\/ca\/wp-json\/wp\/v2\/comments?post=72037"}],"version-history":[{"count":0,"href":"https:\/\/tucomarca.whitekongsoftware.com\/ca\/wp-json\/wp\/v2\/posts\/72037\/revisions"}],"wp:featuredmedia":[{"embeddable":true,"href":"https:\/\/tucomarca.whitekongsoftware.com\/ca\/wp-json\/wp\/v2\/media\/72040"}],"wp:attachment":[{"href":"https:\/\/tucomarca.whitekongsoftware.com\/ca\/wp-json\/wp\/v2\/media?parent=72037"}],"wp:term":[{"taxonomy":"category","embeddable":true,"href":"https:\/\/tucomarca.whitekongsoftware.com\/ca\/wp-json\/wp\/v2\/categories?post=72037"},{"taxonomy":"post_tag","embeddable":true,"href":"https:\/\/tucomarca.whitekongsoftware.com\/ca\/wp-json\/wp\/v2\/tags?post=72037"}],"curies":[{"name":"wp","href":"https:\/\/api.w.org\/{rel}","templated":true}]}}