{"id":72032,"date":"2018-08-10T17:37:44","date_gmt":"2018-08-10T15:37:44","guid":{"rendered":"http:\/\/www.tucomarca.com\/wordpress\/segunda\/?p=72032"},"modified":"2018-08-10T17:42:48","modified_gmt":"2018-08-10T15:42:48","slug":"yatova-recupera-su-carrera-ciclista-memorial-eugenio-lisarde","status":"publish","type":"post","link":"https:\/\/tucomarca.whitekongsoftware.com\/ca\/yatova-recupera-su-carrera-ciclista-memorial-eugenio-lisarde\/","title":{"rendered":"I\u00e0tova recupera la seua carrera ciclista, memorial Eugenio Lisarde"},"content":{"rendered":"<figure id=\"attachment_71934\" aria-describedby=\"caption-attachment-71934\" style=\"width: 541px\" class=\"wp-caption alignleft\"><img loading=\"lazy\" decoding=\"async\" class=\" wp-image-71933\" src=\"http:\/\/www.tucomarca.com\/wordpress\/segunda\/wp-content\/uploads\/2018\/08\/vueltaciclistaYatova.jpg\" alt=\"Participants en la carrera ciclista de I\u00e0tova.\" width=\"541\" height=\"304\" srcset=\"https:\/\/tucomarca.whitekongsoftware.com\/wp-content\/uploads\/2018\/08\/vueltaciclistaYatova.jpg 1600w, https:\/\/tucomarca.whitekongsoftware.com\/wp-content\/uploads\/2018\/08\/vueltaciclistaYatova-300x169.jpg 300w, https:\/\/tucomarca.whitekongsoftware.com\/wp-content\/uploads\/2018\/08\/vueltaciclistaYatova-768x432.jpg 768w, https:\/\/tucomarca.whitekongsoftware.com\/wp-content\/uploads\/2018\/08\/vueltaciclistaYatova-1024x576.jpg 1024w\" sizes=\"auto, (max-width: 541px) 100vw, 541px\" \/><figcaption id=\"caption-attachment-71934\" class=\"wp-caption-text\">Participants en la carrera ciclista de I\u00e0tova.<\/figcaption><\/figure>\n<p>I\u00e0tova ha recuperat un esdeveniment esportiu molt especial per al poble: la carrera ciclista en homenatge al seu pais\u00e0 i gran esportista, Eugenio Lisarde.<\/p>\n<p>\u00abEra una carrera que Eugenio es mereixia des de fa molt de temps per la gran import\u00e0ncia de la seua aportaci\u00f3 a la vitalitat d&#8217;este esport en el poble i per portar el nom de Y\u00e1tova all\u00e0 on iba\u00bb, com han explicat fonts de l&#8217;Ajuntament de la localitat.<\/p>\n<p>\u00abVolem agrair la labor de totes eixes persones que amen el poble i el ciclisme, i que han participat de manera volunt\u00e0ria, tant en l&#8217;organitzaci\u00f3 com en la pr\u00f2pia carrera, per a fer-nos viure i sentir l&#8217;esport i el ciclismo\u00bb, han afegit.<\/p>\n<p>El memorial va comptar amb la participaci\u00f3 de m\u00e9s de 70 persones inscrites, procedents de distintes parts de tota Espanya, que van rec\u00f3rrer el circuit urb\u00e0 preparat per a l&#8217;ocasi\u00f3. Respecte a les classificacions, en j\u00fanior el primer a entrar en meta va ser Pepe Ginestar, seguit de Mario Amat i d&#8217;Antonio David Apio 38,2 puntos.<\/p>\n","protected":false},"excerpt":{"rendered":"<div class=\"mh-excerpt\">I\u00e0tova ha recuperat un esdeveniment esportiu molt especial per al poble: la carrera ciclista en homenatge al seu pais\u00e0 i gran esportista, Eugenio Lisarde. \u00abEra una carrera que Eugenio es mereixia des de fa molt <a class=\"mh-excerpt-more\" href=\"https:\/\/tucomarca.whitekongsoftware.com\/ca\/yatova-recupera-su-carrera-ciclista-memorial-eugenio-lisarde\/\" title=\"I\u00e0tova recupera la seua carrera ciclista, memorial Eugenio Lisarde\">[+] <\/a><\/div>\n","protected":false},"author":1,"featured_media":71934,"comment_status":"open","ping_status":"open","sticky":false,"template":"","format":"standard","meta":{"footnotes":""},"categories":[11013,11003,10980,10912,10896],"tags":[11146,10661,11142,11108],"class_list":["post-72032","post","type-post","status-publish","format-standard","has-post-thumbnail","category-ciclismo-ca","category-sports","category-yatova-ca","category-la-hoya-ca","category-seccion-ca","tag-ciclismo-2-ca","tag-esports","tag-iatova","tag-la-foia-de-bunyol-xiva"],"_links":{"self":[{"href":"https:\/\/tucomarca.whitekongsoftware.com\/ca\/wp-json\/wp\/v2\/posts\/72032","targetHints":{"allow":["GET"]}}],"collection":[{"href":"https:\/\/tucomarca.whitekongsoftware.com\/ca\/wp-json\/wp\/v2\/posts"}],"about":[{"href":"https:\/\/tucomarca.whitekongsoftware.com\/ca\/wp-json\/wp\/v2\/types\/post"}],"author":[{"embeddable":true,"href":"https:\/\/tucomarca.whitekongsoftware.com\/ca\/wp-json\/wp\/v2\/users\/1"}],"replies":[{"embeddable":true,"href":"https:\/\/tucomarca.whitekongsoftware.com\/ca\/wp-json\/wp\/v2\/comments?post=72032"}],"version-history":[{"count":0,"href":"https:\/\/tucomarca.whitekongsoftware.com\/ca\/wp-json\/wp\/v2\/posts\/72032\/revisions"}],"wp:featuredmedia":[{"embeddable":true,"href":"https:\/\/tucomarca.whitekongsoftware.com\/ca\/wp-json\/wp\/v2\/media\/71934"}],"wp:attachment":[{"href":"https:\/\/tucomarca.whitekongsoftware.com\/ca\/wp-json\/wp\/v2\/media?parent=72032"}],"wp:term":[{"taxonomy":"category","embeddable":true,"href":"https:\/\/tucomarca.whitekongsoftware.com\/ca\/wp-json\/wp\/v2\/categories?post=72032"},{"taxonomy":"post_tag","embeddable":true,"href":"https:\/\/tucomarca.whitekongsoftware.com\/ca\/wp-json\/wp\/v2\/tags?post=72032"}],"curies":[{"name":"wp","href":"https:\/\/api.w.org\/{rel}","templated":true}]}}