{"id":71987,"date":"2018-08-10T17:26:10","date_gmt":"2018-08-10T15:26:10","guid":{"rendered":"http:\/\/www.tucomarca.com\/wordpress\/segunda\/?p=71987"},"modified":"2018-08-10T18:08:19","modified_gmt":"2018-08-10T16:08:19","slug":"franco-i-garcia-guanyen-el-campionat-de-padel-de-les-festes-de-turis","status":"publish","type":"post","link":"https:\/\/tucomarca.whitekongsoftware.com\/ca\/franco-i-garcia-guanyen-el-campionat-de-padel-de-les-festes-de-turis\/","title":{"rendered":"Franco i Garc\u00eda guanyen el campionat de p\u00e0del de les festes de Tur\u00eds"},"content":{"rendered":"<figure id=\"attachment_71985\" aria-describedby=\"caption-attachment-71985\" style=\"width: 629px\" class=\"wp-caption alignleft\"><img loading=\"lazy\" decoding=\"async\" class=\" wp-image-71984\" src=\"http:\/\/www.tucomarca.com\/wordpress\/segunda\/wp-content\/uploads\/2018\/08\/IMG_0156.jpg\" alt=\"Aquest dilluns l\u2019esdeveniment culmin\u00e0 amb la vict\u00f2ria d\u2019Edu Franco i Borja Garc\u00eda a la categoria S\u00e8nior, d\u2019Hugo Gonz\u00e1lez i Pablo Lled\u00f3 en J\u00fanior primera categoria i de Ferran Almonacil i Andr\u00e9s Tapia en J\u00fanior segona categoria.\" width=\"629\" height=\"359\" srcset=\"https:\/\/tucomarca.whitekongsoftware.com\/wp-content\/uploads\/2018\/08\/IMG_0156.jpg 4000w, https:\/\/tucomarca.whitekongsoftware.com\/wp-content\/uploads\/2018\/08\/IMG_0156-300x171.jpg 300w, https:\/\/tucomarca.whitekongsoftware.com\/wp-content\/uploads\/2018\/08\/IMG_0156-768x439.jpg 768w, https:\/\/tucomarca.whitekongsoftware.com\/wp-content\/uploads\/2018\/08\/IMG_0156-1024x585.jpg 1024w\" sizes=\"auto, (max-width: 629px) 100vw, 629px\" \/><figcaption id=\"caption-attachment-71985\" class=\"wp-caption-text\">Aquest dilluns l\u2019esdeveniment culmin\u00e0 amb la vict\u00f2ria d\u2019Edu Franco i Borja Garc\u00eda a la categoria S\u00e8nior, d\u2019Hugo Gonz\u00e1lez i Pablo Lled\u00f3 en J\u00fanior primera categoria i de Ferran Almonacil i Andr\u00e9s Tapia en J\u00fanior segona categoria.<\/figcaption><\/figure>\n<p>Tur\u00eds celebr\u00e0 les finals del torneig de p\u00e0del amb motiu de les seues festes. Amb partits que han estat realitzant-se des de principis de juliol, aquest dilluns l\u2019esdeveniment culmin\u00e0 amb la vict\u00f2ria d\u2019Edu Franco i Borja Garc\u00eda a la categoria S\u00e8nior, d\u2019Hugo Gonz\u00e1lez i Pablo Lled\u00f3 en J\u00fanior primera categoria i de Ferran Almonacil i Andr\u00e9s Tapia en J\u00fanior segona categoria.<\/p>\n<p>L\u2019acte compt\u00e0 amb la pres\u00e8ncia de l\u2019alcalde, Eugenio Forta\u00f1a, del regidor d\u2019esports, Iv\u00e1n Pic\u00f3, i del regidor de festes, Ismael Corell, adem\u00e9s, tamb\u00e9 amb la de la regina de festes, Sandra Cifre, que inaugur\u00e0 el partit amb un servei d\u2019honor.<\/p>\n<p><b>Guanyadors\/es<\/b><\/p>\n<p><u>J\u00fanior Segona categoria<\/u><br \/>\n1 Ferran Almonacil i Andres Tapia<br \/>\n2 Ivan Almela i Jaume Navarro<br \/>\n3 Sofia Guaita i Aitana Estell\u00e9s<\/p>\n<p><u>J\u00fanior primera categoria<\/u><br \/>\n1 Hugo Gonz\u00e1lez i Pablo Lled\u00f3<br \/>\n2 Andreu Tar\u00edn &#8211; Mart\u00edn S\u00e1ez<br \/>\n3 Ivan Esteve &#8211; Jaume Gim\u00e9nez<\/p>\n<p><u>S\u00e9nior<\/u><br \/>\n1 Edu Franco i Borja Garc\u00eda<br \/>\n2 Paco Ib\u00e1\u00f1ez &#8211; Jorge Mart\u00ednez<br \/>\n3 Enrique Nogueroles i Jose Antonio Mart\u00ednez<\/p>\n","protected":false},"excerpt":{"rendered":"<div class=\"mh-excerpt\">Tur\u00eds celebr\u00e0 les finals del torneig de p\u00e0del amb motiu de les seues festes. Amb partits que han estat realitzant-se des de principis de juliol, aquest dilluns l\u2019esdeveniment culmin\u00e0 amb la vict\u00f2ria d\u2019Edu Franco i <a class=\"mh-excerpt-more\" href=\"https:\/\/tucomarca.whitekongsoftware.com\/ca\/franco-i-garcia-guanyen-el-campionat-de-padel-de-les-festes-de-turis\/\" title=\"Franco i Garc\u00eda guanyen el campionat de p\u00e0del de les festes de Tur\u00eds\">[+] <\/a><\/div>\n","protected":false},"author":1,"featured_media":71985,"comment_status":"open","ping_status":"open","sticky":false,"template":"","format":"standard","meta":{"footnotes":""},"categories":[11003,10902,11004,11008,11009,10896,11047],"tags":[10661],"class_list":["post-71987","post","type-post","status-publish","format-standard","has-post-thumbnail","category-sports","category-la-ribera-ca","category-la-semana-en-imagenes-ca","category-pueblos-en-fiestas-ca","category-polideportivo-ca","category-seccion-ca","category-turis-ca","tag-esports"],"_links":{"self":[{"href":"https:\/\/tucomarca.whitekongsoftware.com\/ca\/wp-json\/wp\/v2\/posts\/71987","targetHints":{"allow":["GET"]}}],"collection":[{"href":"https:\/\/tucomarca.whitekongsoftware.com\/ca\/wp-json\/wp\/v2\/posts"}],"about":[{"href":"https:\/\/tucomarca.whitekongsoftware.com\/ca\/wp-json\/wp\/v2\/types\/post"}],"author":[{"embeddable":true,"href":"https:\/\/tucomarca.whitekongsoftware.com\/ca\/wp-json\/wp\/v2\/users\/1"}],"replies":[{"embeddable":true,"href":"https:\/\/tucomarca.whitekongsoftware.com\/ca\/wp-json\/wp\/v2\/comments?post=71987"}],"version-history":[{"count":0,"href":"https:\/\/tucomarca.whitekongsoftware.com\/ca\/wp-json\/wp\/v2\/posts\/71987\/revisions"}],"wp:featuredmedia":[{"embeddable":true,"href":"https:\/\/tucomarca.whitekongsoftware.com\/ca\/wp-json\/wp\/v2\/media\/71985"}],"wp:attachment":[{"href":"https:\/\/tucomarca.whitekongsoftware.com\/ca\/wp-json\/wp\/v2\/media?parent=71987"}],"wp:term":[{"taxonomy":"category","embeddable":true,"href":"https:\/\/tucomarca.whitekongsoftware.com\/ca\/wp-json\/wp\/v2\/categories?post=71987"},{"taxonomy":"post_tag","embeddable":true,"href":"https:\/\/tucomarca.whitekongsoftware.com\/ca\/wp-json\/wp\/v2\/tags?post=71987"}],"curies":[{"name":"wp","href":"https:\/\/api.w.org\/{rel}","templated":true}]}}