{"id":71954,"date":"2018-08-09T00:55:54","date_gmt":"2018-08-08T22:55:54","guid":{"rendered":"http:\/\/www.tucomarca.com\/wordpress\/segunda\/?p=71954"},"modified":"2018-08-09T00:55:54","modified_gmt":"2018-08-08T22:55:54","slug":"el-govern-anomena-ambaixador-davant-de-la-unesco-al-bunolense-andres-perello","status":"publish","type":"post","link":"https:\/\/tucomarca.whitekongsoftware.com\/ca\/el-govern-anomena-ambaixador-davant-de-la-unesco-al-bunolense-andres-perello\/","title":{"rendered":"El Govern anomena ambaixador davant de la Unesco al bu\u00f1olense Andr\u00e9s Perell\u00f3"},"content":{"rendered":"<figure id=\"attachment_71927\" aria-describedby=\"caption-attachment-71927\" style=\"width: 280px\" class=\"wp-caption alignleft\"><img loading=\"lazy\" decoding=\"async\" class=\" wp-image-71927\" src=\"http:\/\/www.tucomarca.com\/wordpress\/segunda\/wp-content\/uploads\/2018\/08\/andresperello.jpg\" alt=\"El socialista Andr\u00e9s Perell\u00f3.\" width=\"280\" height=\"280\" srcset=\"https:\/\/tucomarca.whitekongsoftware.com\/wp-content\/uploads\/2018\/08\/andresperello.jpg 768w, https:\/\/tucomarca.whitekongsoftware.com\/wp-content\/uploads\/2018\/08\/andresperello-290x290.jpg 290w, https:\/\/tucomarca.whitekongsoftware.com\/wp-content\/uploads\/2018\/08\/andresperello-300x300.jpg 300w, https:\/\/tucomarca.whitekongsoftware.com\/wp-content\/uploads\/2018\/08\/andresperello-50x50.jpg 50w\" sizes=\"auto, (max-width: 280px) 100vw, 280px\" \/><figcaption id=\"caption-attachment-71927\" class=\"wp-caption-text\">El socialista Andr\u00e9s Perell\u00f3.<\/figcaption><\/figure>\n<p>El Consell de Ministres del Govern d&#8217;Espanya, que presidix el socialista Pedro S\u00e1nchez, ha anomenat en la seua \u00faltima reuni\u00f3 al socialista bu\u00f1olense Andr\u00e9s Perell\u00f3, ambaixador permanent d&#8217;Espanya en la Unesco, ambaixada amb seu en la capital francesa, Par\u00eds.<\/p>\n<p>Andr\u00e9s Perell\u00f3 va ser alcalde de Bu\u00f1ol entre els exercicis 1991 i 1995, a m\u00e9s de diputat auton\u00f2mic durant cinc legislatures. Tamb\u00e9 ha ocupat el lloc de senador i d&#8217;eurodiputat entre els anys 2009 al 2014. Andr\u00e9s Perell\u00f3, que \u00e9s advocat penalista i t\u00e9 61 anys, va ser un dels destacats militants socialistes valencians que va recolzar Pedro S\u00e1nchez com a secretari general del PSOE enfront de Susana D\u00edaz.<\/p>\n<p>Actualment exercia com a secretari de Just\u00edcia i Nous Drets de la comissi\u00f3 executiva federal del PSOE des del desenrotllament del 39 congr\u00e9s del Partit Socialista d&#8217;Espanya.<\/p>\n","protected":false},"excerpt":{"rendered":"<div class=\"mh-excerpt\">El Consell de Ministres del Govern d&#8217;Espanya, que presidix el socialista Pedro S\u00e1nchez, ha anomenat en la seua \u00faltima reuni\u00f3 al socialista bu\u00f1olense Andr\u00e9s Perell\u00f3, ambaixador permanent d&#8217;Espanya en la Unesco, ambaixada amb seu en <a class=\"mh-excerpt-more\" href=\"https:\/\/tucomarca.whitekongsoftware.com\/ca\/el-govern-anomena-ambaixador-davant-de-la-unesco-al-bunolense-andres-perello\/\" title=\"El Govern anomena ambaixador davant de la Unesco al bu\u00f1olense Andr\u00e9s Perell\u00f3\">[+] <\/a><\/div>\n","protected":false},"author":1,"featured_media":71927,"comment_status":"open","ping_status":"open","sticky":false,"template":"","format":"standard","meta":{"footnotes":""},"categories":[10911,10898,10948,10894,10904,10912,10947,10896],"tags":[9906,11108],"class_list":["post-71954","post","type-post","status-publish","format-standard","has-post-thumbnail","category-bunol-ca","category-ventana-ca","category-infraestructuras-ca","category-la-comarca-ca","category-sin-categorizar-ca","category-la-hoya-ca","category-politica","category-seccion-ca","tag-bunyol","tag-la-foia-de-bunyol-xiva"],"_links":{"self":[{"href":"https:\/\/tucomarca.whitekongsoftware.com\/ca\/wp-json\/wp\/v2\/posts\/71954","targetHints":{"allow":["GET"]}}],"collection":[{"href":"https:\/\/tucomarca.whitekongsoftware.com\/ca\/wp-json\/wp\/v2\/posts"}],"about":[{"href":"https:\/\/tucomarca.whitekongsoftware.com\/ca\/wp-json\/wp\/v2\/types\/post"}],"author":[{"embeddable":true,"href":"https:\/\/tucomarca.whitekongsoftware.com\/ca\/wp-json\/wp\/v2\/users\/1"}],"replies":[{"embeddable":true,"href":"https:\/\/tucomarca.whitekongsoftware.com\/ca\/wp-json\/wp\/v2\/comments?post=71954"}],"version-history":[{"count":0,"href":"https:\/\/tucomarca.whitekongsoftware.com\/ca\/wp-json\/wp\/v2\/posts\/71954\/revisions"}],"wp:featuredmedia":[{"embeddable":true,"href":"https:\/\/tucomarca.whitekongsoftware.com\/ca\/wp-json\/wp\/v2\/media\/71927"}],"wp:attachment":[{"href":"https:\/\/tucomarca.whitekongsoftware.com\/ca\/wp-json\/wp\/v2\/media?parent=71954"}],"wp:term":[{"taxonomy":"category","embeddable":true,"href":"https:\/\/tucomarca.whitekongsoftware.com\/ca\/wp-json\/wp\/v2\/categories?post=71954"},{"taxonomy":"post_tag","embeddable":true,"href":"https:\/\/tucomarca.whitekongsoftware.com\/ca\/wp-json\/wp\/v2\/tags?post=71954"}],"curies":[{"name":"wp","href":"https:\/\/api.w.org\/{rel}","templated":true}]}}