{"id":71828,"date":"2018-08-06T21:53:25","date_gmt":"2018-08-06T19:53:25","guid":{"rendered":"http:\/\/www.tucomarca.com\/wordpress\/segunda\/?p=71828"},"modified":"2018-08-06T21:53:25","modified_gmt":"2018-08-06T19:53:25","slug":"del-31-dagost-al-8-de-setembre-leliana-obri-les-portes-al-cinema-amb-iii-edicio-del-festival-leliana-cinema","status":"publish","type":"post","link":"https:\/\/tucomarca.whitekongsoftware.com\/ca\/del-31-dagost-al-8-de-setembre-leliana-obri-les-portes-al-cinema-amb-iii-edicio-del-festival-leliana-cinema\/","title":{"rendered":"Del 31 d&#8217;agost al 8 de setembre L&#8217;Eliana obri les portes al cinema amb III Edici\u00f3 del Festival l&#8217;Eliana Cinema"},"content":{"rendered":"<figure id=\"attachment_71826\" aria-describedby=\"caption-attachment-71826\" style=\"width: 409px\" class=\"wp-caption alignleft\"><img loading=\"lazy\" decoding=\"async\" class=\" wp-image-71825\" src=\"http:\/\/www.tucomarca.com\/wordpress\/segunda\/wp-content\/uploads\/2018\/08\/Captura.PNG-cinema.png\" alt=\"El Festival inicia les seues tercera edici\u00f3 amb la convocat\u00f2ria del concurs \u201c72 HORES\u201d.\" width=\"409\" height=\"304\" srcset=\"https:\/\/tucomarca.whitekongsoftware.com\/wp-content\/uploads\/2018\/08\/Captura.PNG-cinema.png 561w, https:\/\/tucomarca.whitekongsoftware.com\/wp-content\/uploads\/2018\/08\/Captura.PNG-cinema-300x223.png 300w\" sizes=\"auto, (max-width: 409px) 100vw, 409px\" \/><figcaption id=\"caption-attachment-71826\" class=\"wp-caption-text\">El Festival inicia sus tercera edici\u00f3n con la convocatoria del concurso<br \/>\u201c72 HORAS\u201d.<\/figcaption><\/figure>\n<p>Durant el concurs, en tres dies els equips participants hauran de tramar<br \/>\nun gui\u00f3 i plasmar-ho en imatges per carrers, places o parcs de l&#8217;Eliana,<br \/>\nsegons els caiga en sort la localitzaci\u00f3 preparada per l&#8217;organitzaci\u00f3. Al<br \/>\nmateix temps hauran d&#8217;incorporar a la seua hist\u00f2ria un objecte que ser\u00e0<br \/>\ndonat per igual a tots els participants. Durant tres dies l&#8217;Eliana es<br \/>\nconvertir\u00e0 en un gegantesc plat\u00f3 on c\u00e0meres, micr\u00f2fons, maquillatges o<br \/>\nvestuaris competiran per fer-se amb l&#8217;Espiral Daurada d&#8217;aquesta categoria<br \/>\ndotada amb 500\u20ac.<\/p>\n<p>Durant la setmana es podr\u00e0 assistir a cursos de gui\u00f3 cinematogr\u00e0fic,<br \/>\nactuacions i projeccions en la pla\u00e7a del Pais Valenci\u00e0 dels films<br \/>\nsemifinalistes o de secci\u00f3 especial. Tots els actes s\u00f3n oberts i gratu\u00efts.<\/p>\n<p>El dilluns 3 de setembre ser\u00e0 l&#8217;obertura oficial del Festival amb la<br \/>\nprojecci\u00f3 del Llargmetratge HALC\u00d3N CIEGO del jove director elianero Mar\u00ed<br \/>\nDar\u00e9s. La pel\u2022l\u00edcula es projectar\u00e0 en la gran pantalla de la terrassa de<br \/>\nCinema d\u2019Estiu de l&#8217;Eliana i comptar\u00e0 amb la pres\u00e8ncia del director i<br \/>\nprotagonistes del film.<\/p>\n<p>El divendres 7 de setembre a les 19:30h, els actes passaran a la pantalla<br \/>\nde l&#8217;Auditori Municipal on es podran visionar els curts finalistes i els<br \/>\nrodats en la secci\u00f3 72 HORAS. El p\u00fablic assistent tindr\u00e0 ocasi\u00f3 de votar<br \/>\nal seu film preferit tenint opci\u00f3 a un sopar per a 2 persones.<\/p>\n<p>El dissabte 8 de setembre se celebrar\u00e0 la gran Gala Final a l&#8217;Auditori<br \/>\nMunicipal a les 19:30h. L&#8217;acte ser\u00e0 condu\u00eft i presentat per l&#8217;actriu<br \/>\nAmparo Climent i l&#8217;actor Joan Verd\u00fa i estar\u00e0 abrigallat per diverses<br \/>\nactuacions musicals i festives entre les quals destaca la veu de la<br \/>\nxicoteta Melani, guanyadora de la Veu Kid del present any, la m\u00fasica<br \/>\nfestiva del duo King Cool, la m\u00e0gia del Mag Medina i la veu jazzera de<br \/>\nNora Pator.<\/p>\n<p>En el transcurs de la gala es far\u00e0 p\u00fablic el guanyador de l&#8217;Espiral<br \/>\nDaurada en categoria general dotada amb 1.500\u20ac i la de 72 Hores. Tamb\u00e9 el<br \/>\nfilm seleccionat per l&#8217;Associaci\u00f3 Marietes de la LGTBI+ local, el premi<br \/>\ndel p\u00fablic i l&#8217;esment especial que atorga l&#8217;Organitzaci\u00f3 del Festival.<\/p>\n<p>S&#8217;espera que per la catifa roja del festival desfilen personatges del m\u00f3n<br \/>\nde l&#8217;espectacle com Juan Gea, Lola Mollt\u00f3, Ani T\u00e9bar, Ana Villar, Carlos<br \/>\nMadrid, Nacho Ruiz P\u00e9rez, entre uns altres, aix\u00ed com l&#8217;assist\u00e8ncia<br \/>\nd&#8217;artistes, directors i productors dels curtmetratges exhibits i membres<br \/>\ndel jurat qualificador.<\/p>\n","protected":false},"excerpt":{"rendered":"<div class=\"mh-excerpt\">Durant el concurs, en tres dies els equips participants hauran de tramar un gui\u00f3 i plasmar-ho en imatges per carrers, places o parcs de l&#8217;Eliana, segons els caiga en sort la localitzaci\u00f3 preparada per l&#8217;organitzaci\u00f3. <a class=\"mh-excerpt-more\" href=\"https:\/\/tucomarca.whitekongsoftware.com\/ca\/del-31-dagost-al-8-de-setembre-leliana-obri-les-portes-al-cinema-amb-iii-edicio-del-festival-leliana-cinema\/\" title=\"Del 31 d&#8217;agost al 8 de setembre L&#8217;Eliana obri les portes al cinema amb III Edici\u00f3 del Festival l&#8217;Eliana Cinema\">[+] <\/a><\/div>\n","protected":false},"author":1,"featured_media":71826,"comment_status":"open","ping_status":"open","sticky":false,"template":"","format":"standard","meta":{"footnotes":""},"categories":[10892,10894,10893,11007,10896],"tags":[10899,10433],"class_list":["post-71828","post","type-post","status-publish","format-standard","has-post-thumbnail","category-camp-de-turia-ca","category-la-comarca-ca","category-leliana-ca","category-ocio-y-cultura-ca","category-seccion-ca","tag-camp-de-turia-ca","tag-leliana"],"_links":{"self":[{"href":"https:\/\/tucomarca.whitekongsoftware.com\/ca\/wp-json\/wp\/v2\/posts\/71828","targetHints":{"allow":["GET"]}}],"collection":[{"href":"https:\/\/tucomarca.whitekongsoftware.com\/ca\/wp-json\/wp\/v2\/posts"}],"about":[{"href":"https:\/\/tucomarca.whitekongsoftware.com\/ca\/wp-json\/wp\/v2\/types\/post"}],"author":[{"embeddable":true,"href":"https:\/\/tucomarca.whitekongsoftware.com\/ca\/wp-json\/wp\/v2\/users\/1"}],"replies":[{"embeddable":true,"href":"https:\/\/tucomarca.whitekongsoftware.com\/ca\/wp-json\/wp\/v2\/comments?post=71828"}],"version-history":[{"count":0,"href":"https:\/\/tucomarca.whitekongsoftware.com\/ca\/wp-json\/wp\/v2\/posts\/71828\/revisions"}],"wp:featuredmedia":[{"embeddable":true,"href":"https:\/\/tucomarca.whitekongsoftware.com\/ca\/wp-json\/wp\/v2\/media\/71826"}],"wp:attachment":[{"href":"https:\/\/tucomarca.whitekongsoftware.com\/ca\/wp-json\/wp\/v2\/media?parent=71828"}],"wp:term":[{"taxonomy":"category","embeddable":true,"href":"https:\/\/tucomarca.whitekongsoftware.com\/ca\/wp-json\/wp\/v2\/categories?post=71828"},{"taxonomy":"post_tag","embeddable":true,"href":"https:\/\/tucomarca.whitekongsoftware.com\/ca\/wp-json\/wp\/v2\/tags?post=71828"}],"curies":[{"name":"wp","href":"https:\/\/api.w.org\/{rel}","templated":true}]}}