{"id":71818,"date":"2018-08-08T10:42:34","date_gmt":"2018-08-08T08:42:34","guid":{"rendered":"http:\/\/www.tucomarca.com\/wordpress\/segunda\/?p=71818"},"modified":"2018-08-08T10:42:34","modified_gmt":"2018-08-08T08:42:34","slug":"el-basquet-tambe-ocupa-la-seua-parcel%c2%b7la-en-les-festes-dagost-de-turis","status":"publish","type":"post","link":"https:\/\/tucomarca.whitekongsoftware.com\/ca\/el-basquet-tambe-ocupa-la-seua-parcel%c2%b7la-en-les-festes-dagost-de-turis\/","title":{"rendered":"El b\u00e0squet tamb\u00e9 ocupa la seua parcel\u00b7la en les festes d\u2019agost de Tur\u00eds"},"content":{"rendered":"<p><span lang=\"ES-TRAD\"><img loading=\"lazy\" decoding=\"async\" class=\"wp-image-71814 alignleft\" src=\"http:\/\/www.tucomarca.com\/wordpress\/segunda\/wp-content\/uploads\/2018\/08\/2\u00ba-3x3-cadete.jpg\" alt=\"\" width=\"541\" height=\"355\" srcset=\"https:\/\/tucomarca.whitekongsoftware.com\/wp-content\/uploads\/2018\/08\/2\u00ba-3x3-cadete.jpg 4000w, https:\/\/tucomarca.whitekongsoftware.com\/wp-content\/uploads\/2018\/08\/2\u00ba-3x3-cadete-300x197.jpg 300w, https:\/\/tucomarca.whitekongsoftware.com\/wp-content\/uploads\/2018\/08\/2\u00ba-3x3-cadete-768x504.jpg 768w, https:\/\/tucomarca.whitekongsoftware.com\/wp-content\/uploads\/2018\/08\/2\u00ba-3x3-cadete-1024x672.jpg 1024w\" sizes=\"auto, (max-width: 541px) 100vw, 541px\" \/><span lang=\"CA\"><br \/>\n<\/span><\/span><\/p>\n<p><span lang=\"ES-TRAD\">Els campionats de tres per tres i de triples de b\u00e0squet tamb\u00e9 han ocupat part important del calendari de festes de Tur\u00eds. La Regina de les Festes, Sandra Cifre, acompanyada per la seua cort, per l\u2019alcalde Eugenio Forta\u00f1a, i els regidors d\u2019Esports i Festes, Iv\u00e1n Pic\u00ed i Ismael Corell, fou l\u2019encarregada d\u2019entregar els trofeus.<\/span><\/p>\n<p><span lang=\"ES-TRAD\">Estos son els resultats:<\/span><\/p>\n<p><b><span lang=\"EN-US\">Cadet 3&#215;3<\/span><\/b><\/p>\n<p><span lang=\"EN-US\">1\u00ba Jaime, Lu\u00eds i Maite<\/span><\/p>\n<p><span lang=\"EN-US\">2\u00ba Jaume, Jose i Aleixandre<\/span><\/p>\n<p><span lang=\"EN-US\">\u00a0<\/span><\/p>\n<p><b><span lang=\"EN-US\">Infantil 3&#215;3<\/span><\/b><\/p>\n<p><span lang=\"EN-US\">1\u00ba Jose, David I \u00c1ngel<\/span><\/p>\n<p><span lang=\"EN-US\">2\u00ba Julio, Josep I David.<\/span><\/p>\n<p><span lang=\"EN-US\">\u00a0<\/span><\/p>\n<p><b><span lang=\"EN-US\">Triples cadet<\/span><\/b><\/p>\n<p><span lang=\"EN-US\">1\u00ba Jaume<\/span><\/p>\n<p><span lang=\"EN-US\">2\u00ba Jose<\/span><\/p>\n<p><span lang=\"EN-US\">3\u00ba Manuel<\/span><\/p>\n<p><span lang=\"EN-US\">\u00a0<\/span><\/p>\n<p><b>S\u00e9nior 3&#215;3<\/b><\/p>\n<p>1\u00ba Adri\u00e1n Alfaro, Carlos Hortelano, Alejandro D\u00edaz i Marcel Villalba.<\/p>\n<p>2\u00ba Pepe Soler, Miguel Camarero, Ximo Estell\u00e9s i Jaime Gim\u00e9nez<\/p>\n<p>&nbsp;<\/p>\n<p><b>Triples s\u00e9nior<\/b><\/p>\n<p>1\u00ba Ximo Estell\u00e9s<\/p>\n<p>2\u00ba Marcel Villalba<\/p>\n<p>3\u00ba Carlos Hortelano<\/p>\n<p><span lang=\"ES-TRAD\">\u00a0<\/span><\/p>\n","protected":false},"excerpt":{"rendered":"<div class=\"mh-excerpt\">Els campionats de tres per tres i de triples de b\u00e0squet tamb\u00e9 han ocupat part important del calendari de festes de Tur\u00eds. La Regina de les Festes, Sandra Cifre, acompanyada per la seua cort, per <a class=\"mh-excerpt-more\" href=\"https:\/\/tucomarca.whitekongsoftware.com\/ca\/el-basquet-tambe-ocupa-la-seua-parcel%c2%b7la-en-les-festes-dagost-de-turis\/\" title=\"El b\u00e0squet tamb\u00e9 ocupa la seua parcel\u00b7la en les festes d\u2019agost de Tur\u00eds\">[+] <\/a><\/div>\n","protected":false},"author":1,"featured_media":71815,"comment_status":"open","ping_status":"open","sticky":false,"template":"","format":"standard","meta":{"footnotes":""},"categories":[11016,11003,10894,10902,10896,11047],"tags":[10624,10661,11077,11093],"class_list":["post-71818","post","type-post","status-publish","format-standard","has-post-thumbnail","category-baloncesto-ca","category-sports","category-la-comarca-ca","category-la-ribera-ca","category-seccion-ca","category-turis-ca","tag-basket","tag-esports","tag-la-ribera-alta-ca","tag-turis-ca"],"_links":{"self":[{"href":"https:\/\/tucomarca.whitekongsoftware.com\/ca\/wp-json\/wp\/v2\/posts\/71818","targetHints":{"allow":["GET"]}}],"collection":[{"href":"https:\/\/tucomarca.whitekongsoftware.com\/ca\/wp-json\/wp\/v2\/posts"}],"about":[{"href":"https:\/\/tucomarca.whitekongsoftware.com\/ca\/wp-json\/wp\/v2\/types\/post"}],"author":[{"embeddable":true,"href":"https:\/\/tucomarca.whitekongsoftware.com\/ca\/wp-json\/wp\/v2\/users\/1"}],"replies":[{"embeddable":true,"href":"https:\/\/tucomarca.whitekongsoftware.com\/ca\/wp-json\/wp\/v2\/comments?post=71818"}],"version-history":[{"count":0,"href":"https:\/\/tucomarca.whitekongsoftware.com\/ca\/wp-json\/wp\/v2\/posts\/71818\/revisions"}],"wp:featuredmedia":[{"embeddable":true,"href":"https:\/\/tucomarca.whitekongsoftware.com\/ca\/wp-json\/wp\/v2\/media\/71815"}],"wp:attachment":[{"href":"https:\/\/tucomarca.whitekongsoftware.com\/ca\/wp-json\/wp\/v2\/media?parent=71818"}],"wp:term":[{"taxonomy":"category","embeddable":true,"href":"https:\/\/tucomarca.whitekongsoftware.com\/ca\/wp-json\/wp\/v2\/categories?post=71818"},{"taxonomy":"post_tag","embeddable":true,"href":"https:\/\/tucomarca.whitekongsoftware.com\/ca\/wp-json\/wp\/v2\/tags?post=71818"}],"curies":[{"name":"wp","href":"https:\/\/api.w.org\/{rel}","templated":true}]}}