{"id":71799,"date":"2018-08-06T21:48:09","date_gmt":"2018-08-06T19:48:09","guid":{"rendered":"http:\/\/www.tucomarca.com\/wordpress\/segunda\/?p=71799"},"modified":"2018-08-06T21:48:09","modified_gmt":"2018-08-06T19:48:09","slug":"bastidas-pp-eliminar-el-circuit-rapid-de-deteccio-del-cancer-de-mama-en-lhospital-de-la-ribera-es-un-greu-retroceso","status":"publish","type":"post","link":"https:\/\/tucomarca.whitekongsoftware.com\/ca\/bastidas-pp-eliminar-el-circuit-rapid-de-deteccio-del-cancer-de-mama-en-lhospital-de-la-ribera-es-un-greu-retroceso\/","title":{"rendered":"Bastidas (PP): &#8220;Eliminar el circuit r\u00e0pid de detecci\u00f3 del c\u00e0ncer de mama en l&#8217;Hospital de la Ribera \u00e9s un greu retroceso&#8221;"},"content":{"rendered":"<p>La vicesecret\u00e0ria regional del PPCV, Elena Bastidas, ha criticat amb duresa que una de la decisions que s&#8217;han pres des que es va produir la reversi\u00f3 de l&#8217;hospital de la Ribera haja sigut &#8220;eliminar el circuit r\u00e0pid de detecci\u00f3 del c\u00e0ncer de mama el que suposa un greu retroc\u00e9s en la qualitat asistencial&#8221;. Bastides ha recordat que este programa es va posar en marxa &#8220;con \u00e9xito&#8221; al juny de 2017 i un any despr\u00e9s -en juny de 2018- &#8220;se ha tancat a pesar que havia at\u00e9s ja a m\u00e9s de tres-centes persones i suposava una refer\u00e8ncia sanit\u00e0ria de primer nivel&#8221;. Este retall \u00e9s &#8220;incomprensible&#8221;, segons ha explicat la vicesecret\u00e0ria regional, perqu\u00e8 &#8220;era un model que s&#8217;ha de seguir i es va posar com a exemple de gesti\u00f3 hospital\u00e0ria a nivell nacional com va quedar de manifest en la celebraci\u00f3 d&#8217;uns quants f\u00f2rums sanitaris on es va realitzar eixe reconeixement per part dels professionals de la medicina&#8221;.<\/p>\n<p>La vicesecret\u00e0ria regional del PPCV, Elena Bastidas, ha criticat amb duresa que una de la decisions que s&#8217;han pres des que es va produir la reversi\u00f3 de l&#8217;hospital de la Ribera haja sigut &#8220;eliminar el circuit r\u00e0pid de detecci\u00f3 del c\u00e0ncer de mama el que suposa un greu retroc\u00e9s en la qualitat asistencial&#8221;. Bastides ha recordat que este programa es va posar en marxa &#8220;con \u00e9xito&#8221; al juny de 2017 i un any despr\u00e9s -en juny de 2018- &#8220;se ha tancat a pesar que havia at\u00e9s ja a m\u00e9s de tres-centes persones i suposava una refer\u00e8ncia sanit\u00e0ria de primer nivel&#8221;. Este retall \u00e9s &#8220;incomprensible&#8221;, segons ha explicat la vicesecret\u00e0ria regional, perqu\u00e8 &#8220;era un model que s&#8217;ha de seguir i es va posar com a exemple de gesti\u00f3 hospital\u00e0ria a nivell nacional com va quedar de manifest en la celebraci\u00f3 d&#8217;uns quants f\u00f2rums sanitaris on es va realitzar eixe reconeixement per part dels professionals de la medicina&#8221;.<\/p>\n<p><strong>Pr\u00e0ctiques d&#8217;enchufismo<\/strong><\/p>\n<p>&#8220;Las previsions l&#8217;excomissionat Jos\u00e9 Sanfeliu sobre que despr\u00e9s de la reversi\u00f3 ficaria a treballar en l&#8217;hospital a amics, familiars i coneguts s&#8217;est\u00e0 cumpliendo&#8221;, ha indicat Bastidas. Aix\u00ed, ha recordat que s&#8217;ha creat una nova pla\u00e7a de coordinadora de comares en atenci\u00f3 prim\u00e0ria &#8220;que ha sigut ocupada per l&#8217;exregidor del PSPV a Algemes\u00ed, Encarna Guillem&#8221;. Eixa pla\u00e7a ha sigut impulsada pel nou coordinador d&#8217;infermeria d&#8217;atenci\u00f3 prim\u00e0ria, Xavier Teodoro, que &#8220;curiosamente&#8221; tamb\u00e9 pertany al PSPV d&#8217;Algemes\u00ed, on va ser regidor durant huit anys. De la mateixa manera, la vicesecret\u00e0ria regional del PPCV ha lamentat que hi haja en estos moments &#8220;una vintena de baixes de treballadors que provenien de l&#8217;anterior model concessional per aca\u00e7ament laboral&#8221;. Esta \u00e9s una q\u00fcesti\u00f3, &#8220;preocupante que temem que vaja a patir un repunt en els pr\u00f2xims meses&#8221;.<\/p>\n<p>Ha recordat que esta \u00e9s una den\u00fancia que han realitzat sindicats i tamb\u00e9 associacions de professionals que tamb\u00e9 critiquen &#8220;los cessaments i trasllats forzosos&#8221; que s&#8217;han dut a terme des de la reversi\u00f3 i que superen ja la trentena. A eixos problemes de conflictivitat laboral se suma a la &#8220;imprevisi\u00f3n a l&#8217;hora d&#8217;elaborar un pla de vacacions que ha agreujat el problema de l&#8217;augment de les llistes d&#8217;espera que, segons han explicat els propis gestors de l&#8217;hospital, estan intentant maquillar&#8221;. Eixa imprevisi\u00f3 provocar\u00e0 que &#8220;a la volta de les vacacions el sistema es col\u00b7lapse encara m\u00e1s&#8221;.<\/p>\n","protected":false},"excerpt":{"rendered":"<div class=\"mh-excerpt\">La vicesecret\u00e0ria regional del PPCV, Elena Bastidas, ha criticat amb duresa que una de la decisions que s&#8217;han pres des que es va produir la reversi\u00f3 de l&#8217;hospital de la Ribera haja sigut &#8220;eliminar el <a class=\"mh-excerpt-more\" href=\"https:\/\/tucomarca.whitekongsoftware.com\/ca\/bastidas-pp-eliminar-el-circuit-rapid-de-deteccio-del-cancer-de-mama-en-lhospital-de-la-ribera-es-un-greu-retroceso\/\" title=\"Bastidas (PP): &#8220;Eliminar el circuit r\u00e0pid de detecci\u00f3 del c\u00e0ncer de mama en l&#8217;Hospital de la Ribera \u00e9s un greu retroceso&#8221;\">[+] <\/a><\/div>\n","protected":false},"author":1,"featured_media":71837,"comment_status":"open","ping_status":"open","sticky":false,"template":"","format":"standard","meta":{"footnotes":""},"categories":[10889,11010,10948,10894,10902,10947,10895,10896],"tags":[10402,11077,63],"class_list":["post-71799","post","type-post","status-publish","format-standard","has-post-thumbnail","category-alzira-cat","category-canal-salud","category-infraestructuras-ca","category-la-comarca-ca","category-la-ribera-ca","category-politica","category-premsavalenciana-ca","category-seccion-ca","tag-alzira","tag-la-ribera-alta-ca","tag-pp"],"_links":{"self":[{"href":"https:\/\/tucomarca.whitekongsoftware.com\/ca\/wp-json\/wp\/v2\/posts\/71799","targetHints":{"allow":["GET"]}}],"collection":[{"href":"https:\/\/tucomarca.whitekongsoftware.com\/ca\/wp-json\/wp\/v2\/posts"}],"about":[{"href":"https:\/\/tucomarca.whitekongsoftware.com\/ca\/wp-json\/wp\/v2\/types\/post"}],"author":[{"embeddable":true,"href":"https:\/\/tucomarca.whitekongsoftware.com\/ca\/wp-json\/wp\/v2\/users\/1"}],"replies":[{"embeddable":true,"href":"https:\/\/tucomarca.whitekongsoftware.com\/ca\/wp-json\/wp\/v2\/comments?post=71799"}],"version-history":[{"count":0,"href":"https:\/\/tucomarca.whitekongsoftware.com\/ca\/wp-json\/wp\/v2\/posts\/71799\/revisions"}],"wp:featuredmedia":[{"embeddable":true,"href":"https:\/\/tucomarca.whitekongsoftware.com\/ca\/wp-json\/wp\/v2\/media\/71837"}],"wp:attachment":[{"href":"https:\/\/tucomarca.whitekongsoftware.com\/ca\/wp-json\/wp\/v2\/media?parent=71799"}],"wp:term":[{"taxonomy":"category","embeddable":true,"href":"https:\/\/tucomarca.whitekongsoftware.com\/ca\/wp-json\/wp\/v2\/categories?post=71799"},{"taxonomy":"post_tag","embeddable":true,"href":"https:\/\/tucomarca.whitekongsoftware.com\/ca\/wp-json\/wp\/v2\/tags?post=71799"}],"curies":[{"name":"wp","href":"https:\/\/api.w.org\/{rel}","templated":true}]}}