{"id":71796,"date":"2018-08-06T21:26:54","date_gmt":"2018-08-06T19:26:54","guid":{"rendered":"http:\/\/www.tucomarca.com\/wordpress\/segunda\/?p=71796"},"modified":"2018-08-06T21:26:54","modified_gmt":"2018-08-06T19:26:54","slug":"el-consell-aprova-el-canvi-de-denominacio-del-municipi-de-naquera-per-la-seua-forma-bilingue","status":"publish","type":"post","link":"https:\/\/tucomarca.whitekongsoftware.com\/ca\/el-consell-aprova-el-canvi-de-denominacio-del-municipi-de-naquera-per-la-seua-forma-bilingue\/","title":{"rendered":"El Consell aprova el canvi de denominaci\u00f3 del municipi de N\u00e0quera per la seua forma biling\u00fce"},"content":{"rendered":"<p>El Consell ha aprovat el canvi de denominaci\u00f3 del municipi de N\u00e1quera per la forma biling\u00fce N\u00e0quera\/N\u00e1quera. L&#8217;acord s&#8217;ha adoptat despr\u00e9s que l&#8217;Ajuntament d&#8217;esta localitat de la prov\u00edncia de Val\u00e8ncia aprovara, en la sessi\u00f3 plen\u00e0ria celebrada el 29 de novembre de 2016, sol\u00b7licitar al Consell el canvi del nom actual del municipi per la forma biling\u00fce de N\u00e0quera\/N\u00e1quera. A m\u00e9s, el ple de l&#8217;Acad\u00e8mia Valenciana de la Llengua (AVL) va emetre un informe favorable el passat 4 de maig de 2018 sobre el canvi de denominaci\u00f3. L&#8217;article 21.1 de la Llei 8\/2010 de R\u00e8gim Local de la Comunitat Valenciana disposa que correspon al Consell l&#8217;aprovaci\u00f3 del canvi de la denominaci\u00f3 dels municipis.<\/p>\n","protected":false},"excerpt":{"rendered":"<div class=\"mh-excerpt\">El Consell ha aprovat el canvi de denominaci\u00f3 del municipi de N\u00e1quera per la forma biling\u00fce N\u00e0quera\/N\u00e1quera. L&#8217;acord s&#8217;ha adoptat despr\u00e9s que l&#8217;Ajuntament d&#8217;esta localitat de la prov\u00edncia de Val\u00e8ncia aprovara, en la sessi\u00f3 plen\u00e0ria <a class=\"mh-excerpt-more\" href=\"https:\/\/tucomarca.whitekongsoftware.com\/ca\/el-consell-aprova-el-canvi-de-denominacio-del-municipi-de-naquera-per-la-seua-forma-bilingue\/\" title=\"El Consell aprova el canvi de denominaci\u00f3 del municipi de N\u00e0quera per la seua forma biling\u00fce\">[+] <\/a><\/div>\n","protected":false},"author":1,"featured_media":71834,"comment_status":"open","ping_status":"open","sticky":false,"template":"","format":"standard","meta":{"footnotes":""},"categories":[10892,10948,10894,10936,10947,10896],"tags":[10899,11134],"class_list":["post-71796","post","type-post","status-publish","format-standard","has-post-thumbnail","category-camp-de-turia-ca","category-infraestructuras-ca","category-la-comarca-ca","category-naquera-ca","category-politica","category-seccion-ca","tag-camp-de-turia-ca","tag-naquera-ca"],"_links":{"self":[{"href":"https:\/\/tucomarca.whitekongsoftware.com\/ca\/wp-json\/wp\/v2\/posts\/71796","targetHints":{"allow":["GET"]}}],"collection":[{"href":"https:\/\/tucomarca.whitekongsoftware.com\/ca\/wp-json\/wp\/v2\/posts"}],"about":[{"href":"https:\/\/tucomarca.whitekongsoftware.com\/ca\/wp-json\/wp\/v2\/types\/post"}],"author":[{"embeddable":true,"href":"https:\/\/tucomarca.whitekongsoftware.com\/ca\/wp-json\/wp\/v2\/users\/1"}],"replies":[{"embeddable":true,"href":"https:\/\/tucomarca.whitekongsoftware.com\/ca\/wp-json\/wp\/v2\/comments?post=71796"}],"version-history":[{"count":0,"href":"https:\/\/tucomarca.whitekongsoftware.com\/ca\/wp-json\/wp\/v2\/posts\/71796\/revisions"}],"wp:featuredmedia":[{"embeddable":true,"href":"https:\/\/tucomarca.whitekongsoftware.com\/ca\/wp-json\/wp\/v2\/media\/71834"}],"wp:attachment":[{"href":"https:\/\/tucomarca.whitekongsoftware.com\/ca\/wp-json\/wp\/v2\/media?parent=71796"}],"wp:term":[{"taxonomy":"category","embeddable":true,"href":"https:\/\/tucomarca.whitekongsoftware.com\/ca\/wp-json\/wp\/v2\/categories?post=71796"},{"taxonomy":"post_tag","embeddable":true,"href":"https:\/\/tucomarca.whitekongsoftware.com\/ca\/wp-json\/wp\/v2\/tags?post=71796"}],"curies":[{"name":"wp","href":"https:\/\/api.w.org\/{rel}","templated":true}]}}