{"id":71715,"date":"2018-08-06T13:02:41","date_gmt":"2018-08-06T11:02:41","guid":{"rendered":"http:\/\/www.tucomarca.com\/wordpress\/segunda\/?p=71715"},"modified":"2018-08-06T13:02:41","modified_gmt":"2018-08-06T11:02:41","slug":"riba-roja-pagara-500-euros-lhectarea-als-agricultors-que-netegen-les-seues-parcel%c2%b7les-de-cultiu-ecologic-en-el-parc-del-turia","status":"publish","type":"post","link":"https:\/\/tucomarca.whitekongsoftware.com\/ca\/riba-roja-pagara-500-euros-lhectarea-als-agricultors-que-netegen-les-seues-parcel%c2%b7les-de-cultiu-ecologic-en-el-parc-del-turia\/","title":{"rendered":"Riba-roja pagar\u00e0 500 euros l&#8217;hect\u00e0rea als agricultors que netegen les seues parcel\u00b7les de cultiu ecol\u00f2gic en el Parc del T\u00faria"},"content":{"rendered":"<figure id=\"attachment_71712\" aria-describedby=\"caption-attachment-71712\" style=\"width: 419px\" class=\"wp-caption alignleft\"><img loading=\"lazy\" decoding=\"async\" class=\" wp-image-71711\" src=\"http:\/\/www.tucomarca.com\/wordpress\/segunda\/wp-content\/uploads\/2018\/08\/1070023.jpg\" alt=\"L'objectiu \u00e9s arreglar els terrenys per a evitar incendis en este \u00e0rea.\" width=\"419\" height=\"314\" srcset=\"https:\/\/tucomarca.whitekongsoftware.com\/wp-content\/uploads\/2018\/08\/1070023.jpg 1440w, https:\/\/tucomarca.whitekongsoftware.com\/wp-content\/uploads\/2018\/08\/1070023-300x225.jpg 300w, https:\/\/tucomarca.whitekongsoftware.com\/wp-content\/uploads\/2018\/08\/1070023-768x576.jpg 768w, https:\/\/tucomarca.whitekongsoftware.com\/wp-content\/uploads\/2018\/08\/1070023-1024x768.jpg 1024w\" sizes=\"auto, (max-width: 419px) 100vw, 419px\" \/><figcaption id=\"caption-attachment-71712\" class=\"wp-caption-text\">L&#8217;objectiu \u00e9s arreglar els terrenys per a evitar incendis en este \u00e0rea.<\/figcaption><\/figure>\n<p>L&#8217;Ajuntament de Riba-roja de T\u00faria pagar\u00e0 fins a un m\u00e0xim de 500 euros l&#8217;hect\u00e0rea a aquells agricultors que netegen les seues parcel\u00b7les incloses, totalment o parcialment, en l&#8217;\u00e0rea del parc natural del T\u00faria al llarg dels pr\u00f2xims mesos. L&#8217;objectiu \u00e9s arreglar este parc natural la superf\u00edcie global de les quals ocupa 4.692 hect\u00e0rees entre les comarques de l&amp;#39;Horta, el Camp de T\u00faria i la Muntanya. La regidoria de Medi Ambient de Riba-roja ha establit tres criteris per a la concessi\u00f3 de les ajudes econ\u00f2miques als beneficiaris que es dividixen en les parcel\u00b7les netes i en condicions per al seu cultiu que rebran 120 euros per cada hect\u00e0rea, altres 300 euros per a les parcel\u00b7les cultivades i, finalment, els propietaris de les parcel\u00b7les que demostren que el seu cultiu est\u00e0 certificat com a producci\u00f3 ecol\u00f2gic rebran altres 500 euros en total per cada hect\u00e0rea.<\/p>\n<p>La valoraci\u00f3 pr\u00e8via per a la concessi\u00f3 definitiva de les ajudes econ\u00f2miques s&#8217;elaborar\u00e0 per mitj\u00e0 d&#8217;un informe municipal una vegada finalitzat el termini de sol\u00b7licitud de la subvenci\u00f3 i la mateixa estiga correctament documentada. A continuaci\u00f3, la comissi\u00f3 avaluadora formular\u00e0 una proposta d&#8217;adjudicaci\u00f3 de les bonificacions darrere del qual s&#8217;establiran possibles al\u00b7legacions i, finalment, es traslladar\u00e0 la proposta a la Junta de Govern local per a la concessi\u00f3 definitiva.<\/p>\n<p>L&#8217;objectiu d&#8217;este projecte de l&#8217;equip de govern municipal -format pel PSPV, Comprom\u00eds i Esquerra Unida- \u00e9s &amp;#34;apoyar el sector agr\u00edcola en la localitat, el foment de la producci\u00f3 ecol\u00f2gica, potenciar la conservaci\u00f3 del Parc Natural del T\u00faria alhora que es prev\u00e9 i impedixen els incendis que en este entorn protegit pogueren oc\u00f3rrer amb un foment de la neteja o el cultiu de les parcel\u00b7les agr\u00edcoles de Riba-roja&amp;#34;. Les parcel\u00b7les benefici\u00e0ries d&#8217;este programa d&#8217;ajudes hauran d&#8217;estar incloses en el parc de forma total o parcial amb una superf\u00edcie major del 50%.<\/p>\n<p>Els t\u00e8cnics d&#8217;avaluaci\u00f3 de les ajudes de l&#8217;Ajuntament de Riba-roja de T\u00farai comprovaran que les parcel\u00b7les estan completament netes i en condicions de ser cultivades &amp;#34;cuando la parcel\u00b7la no present males herbes, en el major percentatge de la mateixa i les seues instal\u00b7lacions de reg de la mateixa es troba en condicions de ser utilitzades i no s&#8217;impedix el pas d&#8217;aigua als seus vecinos&amp;#34;. En el cas de la les parcel\u00b7les cultivades es considerar\u00e0 este condici\u00f3 en aquells casos en qu\u00e8 les hect\u00e0rees benefici\u00e0ries &amp;#34;se troben en estat d&#8217;explotaci\u00f3, b\u00e9 per plantaci\u00f3 d&#8217;arbratge, cultius d&#8217;hortalisses o cultius herbacis extensivos&amp;#34;. Les parcel\u00b7les d&#8217;explotaci\u00f3 ecol\u00f2gica hauran de demostrar-ho per mitj\u00e0 del certificat oficial per part d&#8217;un organisme p\u00fablic acreditat.<\/p>\n<p>La comissi\u00f3 avaluadora per a la concessi\u00f3 de les ajudes a Riba-roja estar\u00e0 composta d&#8217;un president titular a c\u00e0rrec del regidor de Medi Ambient, un secretari titular a c\u00e0rrec de la viceinterventora i, finalment, un vocal titular a c\u00e0rrec d&#8217;un t\u00e8cnic de l&#8217;\u00e0rea municipal de Medi Ambient. El regidor de Medi Ambient de Riba-roja de T\u00faria, Jos\u00e9 \u00c1ngel Hern\u00e1ndez, ha destacat la import\u00e0ncia&#8221;de mantindre net un patrimoni natural com este parc amb un valor ecol\u00f2gic i ambiental molt important alhora que evitem que es puguen produir incendis i un altre tipus de problemes en un futur, per aix\u00f2 s&#8217;ha assignat una partida pressupost\u00e0ria per a dur a terme este programa municipal&#8221;.<\/p>\n<p>Cal recordar que l&#8217;any 2016 es va constituir l&#8217;associaci\u00f3 de municipis vinculats al Parc del T\u00faria amb l&#8217;objectiu de preservar i protegir els valors d&#8217;este pulm\u00f3 verd. Formen part d&#8217;esta associaci\u00f3 les localitats de Riba-roja de T\u00faria, Val\u00e8ncia, Paterna, l&amp;#39;Eliana, Quart de Poblet, Manises, Loriguilla, Cheste, Ll\u00edria, Pedralba i Vilamarxant, englobats entre les comarques del Camp de T\u00faria, l&amp;#39;Horta, la Foia de Bu\u00f1ol i la Muntanya.<\/p>\n","protected":false},"excerpt":{"rendered":"<div class=\"mh-excerpt\">L&#8217;Ajuntament de Riba-roja de T\u00faria pagar\u00e0 fins a un m\u00e0xim de 500 euros l&#8217;hect\u00e0rea a aquells agricultors que netegen les seues parcel\u00b7les incloses, totalment o parcialment, en l&#8217;\u00e0rea del parc natural del T\u00faria al llarg <a class=\"mh-excerpt-more\" href=\"https:\/\/tucomarca.whitekongsoftware.com\/ca\/riba-roja-pagara-500-euros-lhectarea-als-agricultors-que-netegen-les-seues-parcel%c2%b7les-de-cultiu-ecologic-en-el-parc-del-turia\/\" title=\"Riba-roja pagar\u00e0 500 euros l&#8217;hect\u00e0rea als agricultors que netegen les seues parcel\u00b7les de cultiu ecol\u00f2gic en el Parc del T\u00faria\">[+] <\/a><\/div>\n","protected":false},"author":1,"featured_media":71712,"comment_status":"open","ping_status":"open","sticky":false,"template":"","format":"standard","meta":{"footnotes":""},"categories":[10905,10892,10898,10948,10894,10904,10903,10947,10906,10896],"tags":[10899,11102],"class_list":["post-71715","post","type-post","status-publish","format-standard","has-post-thumbnail","category-agricultura-la-comarca-ca","category-camp-de-turia-ca","category-ventana-ca","category-infraestructuras-ca","category-la-comarca-ca","category-sin-categorizar-ca","category-medio-ambiente-la-comarca-ca","category-politica","category-riba-roja-ca","category-seccion-ca","tag-camp-de-turia-ca","tag-riba-roja-2-ca"],"_links":{"self":[{"href":"https:\/\/tucomarca.whitekongsoftware.com\/ca\/wp-json\/wp\/v2\/posts\/71715","targetHints":{"allow":["GET"]}}],"collection":[{"href":"https:\/\/tucomarca.whitekongsoftware.com\/ca\/wp-json\/wp\/v2\/posts"}],"about":[{"href":"https:\/\/tucomarca.whitekongsoftware.com\/ca\/wp-json\/wp\/v2\/types\/post"}],"author":[{"embeddable":true,"href":"https:\/\/tucomarca.whitekongsoftware.com\/ca\/wp-json\/wp\/v2\/users\/1"}],"replies":[{"embeddable":true,"href":"https:\/\/tucomarca.whitekongsoftware.com\/ca\/wp-json\/wp\/v2\/comments?post=71715"}],"version-history":[{"count":0,"href":"https:\/\/tucomarca.whitekongsoftware.com\/ca\/wp-json\/wp\/v2\/posts\/71715\/revisions"}],"wp:featuredmedia":[{"embeddable":true,"href":"https:\/\/tucomarca.whitekongsoftware.com\/ca\/wp-json\/wp\/v2\/media\/71712"}],"wp:attachment":[{"href":"https:\/\/tucomarca.whitekongsoftware.com\/ca\/wp-json\/wp\/v2\/media?parent=71715"}],"wp:term":[{"taxonomy":"category","embeddable":true,"href":"https:\/\/tucomarca.whitekongsoftware.com\/ca\/wp-json\/wp\/v2\/categories?post=71715"},{"taxonomy":"post_tag","embeddable":true,"href":"https:\/\/tucomarca.whitekongsoftware.com\/ca\/wp-json\/wp\/v2\/tags?post=71715"}],"curies":[{"name":"wp","href":"https:\/\/api.w.org\/{rel}","templated":true}]}}