{"id":71647,"date":"2018-08-08T08:36:12","date_gmt":"2018-08-08T06:36:12","guid":{"rendered":"http:\/\/www.tucomarca.com\/wordpress\/segunda\/?p=71647"},"modified":"2018-08-08T08:36:12","modified_gmt":"2018-08-08T06:36:12","slug":"salvador-firma-5-convenis-de-rehabilitacio-i-regeneracio-urbana-amb-els-ajuntaments-de-xativa-ontinyent-almussafes-lliria-i-sagunt","status":"publish","type":"post","link":"https:\/\/tucomarca.whitekongsoftware.com\/ca\/salvador-firma-5-convenis-de-rehabilitacio-i-regeneracio-urbana-amb-els-ajuntaments-de-xativa-ontinyent-almussafes-lliria-i-sagunt\/","title":{"rendered":"Salvador firma 5 convenis de rehabilitaci\u00f3 i regeneraci\u00f3 urbana amb els ajuntaments de X\u00e0tiva, Ontinyent, Almussafes, Ll\u00edria, i Sagunt"},"content":{"rendered":"<figure id=\"attachment_71887\" aria-describedby=\"caption-attachment-71887\" style=\"width: 167px\" class=\"wp-caption alignleft\"><img loading=\"lazy\" decoding=\"async\" class=\"size-full wp-image-71887\" src=\"http:\/\/www.tucomarca.com\/wordpress\/segunda\/wp-content\/uploads\/2018\/08\/MariaJoseSalvador.jpg\" alt=\"La Consellera de Vivienda, Obras P\u00fablicas y Vertebraci\u00f3n de Territorio, Mar\u00eda Jos\u00e9 Salvador.\" width=\"167\" height=\"167\" srcset=\"https:\/\/tucomarca.whitekongsoftware.com\/wp-content\/uploads\/2018\/08\/MariaJoseSalvador.jpg 167w, https:\/\/tucomarca.whitekongsoftware.com\/wp-content\/uploads\/2018\/08\/MariaJoseSalvador-50x50.jpg 50w\" sizes=\"auto, (max-width: 167px) 100vw, 167px\" \/><figcaption id=\"caption-attachment-71887\" class=\"wp-caption-text\">La Consellera de Vivienda, Obras P\u00fablicas y Vertebraci\u00f3n de Territorio, Mar\u00eda Jos\u00e9 Salvador.<\/figcaption><\/figure>\n<p>La Consellera de Vivenda, Obres P\u00fabliques i Vertebraci\u00f3 de Territori, Mar\u00eda Jos\u00e9 Salvador, ha firmat cinc convenis de col\u00b7laboraci\u00f3 amb els ajuntaments de X\u00e0tiva, Ontinyent, Almussafes, Ll\u00edria i Sagunt per a escometre actuacions en mat\u00e8ria de regeneraci\u00f3 urbana (ARRU) , aix\u00ed com de rehabilitaci\u00f3 i altres temes de la seua compet\u00e8ncia com les adequacions en els accessos al monestir de Sant Miquel a Ll\u00edria. El valor dels convenis firmats este dimarts aconseguix una suma de 3 milions d&#8217;euros. D&#8217;esta manera, Salvador ha firmat amb l&#8217;alcalde de X\u00e0tiva, Roger Cerd\u00e1, el conveni per a la gesti\u00f3 de l&#8217;actuaci\u00f3 de regeneraci\u00f3 i renovaci\u00f3 urbana (ARRU) del nucli antic de la ciutat, a l&#8217;empara del Pla Estatal de Vivenda 2013-2016 que permet que les actuacions s&#8217;executen fins al 31 de desembre de 2018.<\/p>\n<p>El conveni establix una subvenci\u00f3 per a l&#8217;exercici 2018 de 1.815.257 euros, dels que el Ministeri de Foment aporta 1.275.000 euros, i la Generalitat participa amb 540.275 euros. Cal recordar que l&#8217;acord de 2015 entre el ministeri, la conselleria i l&#8217;ajuntament establia una inversi\u00f3 total de 4.428.799 euros, dels que 1.556.000 euros els aporta el Ministeri de Foment, 565.714,28 va a c\u00e0rrec de Generalitat, i la resta va a c\u00e0rrec de l&#8217;Ajuntament de X\u00e0tiva i dels particulars. El conjunt de les obres que s&#8217;estan realitzant comprenen la rehabilitaci\u00f3 de 90 vivendes, la substituci\u00f3 i nova edificaci\u00f3 d&#8217;altres 10 vivendes, amb qualificaci\u00f3 energ\u00e8tica m\u00ednima tipus B, a causa del seu estat de deteriorament, aix\u00ed com actuacions de reurbanitzaci\u00f3 en els espais p\u00fablics.<\/p>\n<p><strong>ARRU d&#8217;Ontinyent<\/strong><\/p>\n<p>De la mateixa manera, la consellera Mar\u00eda Jos\u00e9 Salvador ha firmat amb l&#8217;alcalde d&#8217;Ontinyent, Jorge Rodr\u00edguez, un conveni de col\u00b7laboraci\u00f3 per a gestionar les actuacions de l&#8217;\u00c0rea de Regeneraci\u00f3 i Renovaci\u00f3 urbana (ARRU) d&#8217;este municipi per a l&#8217;any 2018. El conveni establix una subvenci\u00f3 per a l&#8217;exercici 2018 de 684.916,59 euros de qu\u00e8 el Ministeri de Foment aporta 474.817 euros i la Generalitat participar\u00e0 amb 210.000 euros. Gr\u00e0cies a este conveni s&#8217;estan realitzant obres d&#8217;edificaci\u00f3 de 6 vivendes en substituci\u00f3 d&#8217;altres pr\u00e8viament demolides en el barri de La Vila i el Centre Hist\u00f2ric- Raval d&#8217;Ontinyent per trobar-se en un elevat estat de deteriorament. A m\u00e9s, s&#8217;ha programat la rehabilitaci\u00f3 de 59 vivendes junt amb les obres de recuperaci\u00f3 d&#8217;elements estructurals de l&#8217;edifici, d&#8217;accessibilitat, d&#8217;adequaci\u00f3 d&#8217;elements comuns i d&#8217;habitabilitat.<\/p>\n<p><strong>Monestir de Sant Miquel de Ll\u00edria <\/strong><\/p>\n<p>D&#8217;altra banda, la consellera de Vivenda, Obres P\u00fabliques i Vertebraci\u00f3 del Territori ha firmat un conveni amb l&#8217;alcalde de Ll\u00edria, Manuel Civera, para per a dur a terme obres d&#8217;adequaci\u00f3 en l&#8217;acc\u00e9s al Real Monestir de Sant Miquel de Ll\u00edria, de titularitat municipal. Per a l&#8217;execuci\u00f3 d&#8217;esta projecte, la Conselleria aportar\u00e0 una subvenci\u00f3 de 200.000 euros amb c\u00e0rrec als pressupostos de 2018, mentres que l&#8217;Ajuntament aporta 335.385 euros. El projecte contempla la pavimentaci\u00f3 i remodelaci\u00f3 de les zones de vianants i rodades, respectant l&#8217;estructura de les mateixes i ampliant en la mesura dels possible les voreres i zones enjardinades. Amb esta actuaci\u00f3, la Conselleria pret\u00e9n sanejar la zona de construccions insalubres existents, recuperar l&#8217;espai que ocupaven estes per a ser tornat a la muntanya i constituir una zona de descans per a les persones que accedisquen al Monestir de Sant Miquel.<\/p>\n<p>Sobre este conveni, la consellera ha expressat la seua voluntat de finan\u00e7ar part d&#8217;estes obres per la import\u00e0ncia que t\u00e9 el projecte tant per al municipi ja que el projecte es troba afrontant amb el jaciment arqueol\u00f2gic &#8220;Poblado Ib\u00e8ric Tur\u00f3 de Sant Miguel&#8221;,\u00a0declarat B\u00e9 d&#8217;Inter\u00e9s Cultural (BIC) .<\/p>\n<p><strong>Casa Ayora Almussafes <\/strong><\/p>\n<p>De la mateixa manera, Salvador ha firmat amb l&#8217;alcalde d&#8217;Almussafes, Antonio Gonz\u00e1lez, un conveni per a obres d&#8217;adequaci\u00f3 de la planta baixa de la Casa Ayora, a Almussafes, per a \u00fas de museu. A trav\u00e9s d&#8217;este conveni de col\u00b7laboraci\u00f3 entre la Generalitat i l&#8217;Ajuntament d&#8217;Almussafes, la Conselleria aportar\u00e0 una subvenci\u00f3 de 300.000 euros. Les actuacions a realitzar inclouran el refor\u00e7 estructural per a evitar l&#8217;afonament descontrolat d&#8217;alguns dels elements danyats. Es tracta d&#8217;un edifici emblem\u00e0tic per a la poblaci\u00f3 i de gran import\u00e0ncia pel seu valor art\u00edstic i hist\u00f2ric en el municipi.<\/p>\n<p>L&#8217;Ajuntament d&#8217;Almussafes va realitzar un estudi de les patologies existents en la Casa Ayora que van determinar la necessitat d&#8217;intervindre en este hist\u00f2ric edifici perqu\u00e8 es complisca la normativa existent. El termini de vig\u00e8ncia d&#8217;este conveni finalitza el 31 de desembre de 2018 i es finan\u00e7aran a c\u00e0rrec seu les actuacions realitzades des de l&#8217;1 de gener de 2018.<\/p>\n<p>Sagunt Finalment, la consellera Salvador i l&#8217;alcalde de Sagunt, Josep Francesc Fern\u00e1ndez, han firmat la resoluci\u00f3 (anul\u00b7laci\u00f3) del conveni subscrit en 2004 entre l&#8217;ajuntament i l&#8217;anterior IVVSA, hui Evha, corresponent al PAI Macrosector V, entre Sagunt i el Port de Sagunt, amb una superf\u00edcie de 115.000 metres quadrats i en el que es preveia construir un total de 872 vivendes. Els tr\u00e0mits es van paralitzar en 2007 a causa de la inviabilitat econ\u00f2mica del projecte que va planejar l&#8217;anterior Govern. Actualment, i at\u00e9s que els propietaris del s\u00f2l estan interessats a desenrotllar directament el sector (Agrupaci\u00f3 d&#8217;Inter\u00e9s Urban\u00edstic La Vila) , la Generalitat ha acordat amb l&#8217;ajuntament anul\u00b7lar de mutu acord el conveni subscrit en 2004.<\/p>\n<p>Tamb\u00e9 s&#8217;ha acordat que els propietaris de s\u00f2l han de compensar a l&#8217;Entitat Valenciana d&#8217;Habitatge i Sol (EVha) amb els gastos derivats dels treballs realitzats fins al moment com l&#8217;elaboraci\u00f3 dels documents de planejament i gesti\u00f3, al\u00e7ament topogr\u00e0fic i estudi d&#8217;arqueologia que ascendixen a 116.502 euros. D&#8217;esta manera, una vegada resolt el conveni, l&#8217;Ajuntament podr\u00e0 adjudicar el PAI directament als propietaris del s\u00f2l.<\/p>\n","protected":false},"excerpt":{"rendered":"<div class=\"mh-excerpt\">La Consellera de Vivenda, Obres P\u00fabliques i Vertebraci\u00f3 de Territori, Mar\u00eda Jos\u00e9 Salvador, ha firmat cinc convenis de col\u00b7laboraci\u00f3 amb els ajuntaments de X\u00e0tiva, Ontinyent, Almussafes, Ll\u00edria i Sagunt per a escometre actuacions en mat\u00e8ria <a class=\"mh-excerpt-more\" href=\"https:\/\/tucomarca.whitekongsoftware.com\/ca\/salvador-firma-5-convenis-de-rehabilitacio-i-regeneracio-urbana-amb-els-ajuntaments-de-xativa-ontinyent-almussafes-lliria-i-sagunt\/\" title=\"Salvador firma 5 convenis de rehabilitaci\u00f3 i regeneraci\u00f3 urbana amb els ajuntaments de X\u00e0tiva, Ontinyent, Almussafes, Ll\u00edria, i Sagunt\">[+] <\/a><\/div>\n","protected":false},"author":1,"featured_media":71887,"comment_status":"open","ping_status":"open","sticky":false,"template":"","format":"standard","meta":{"footnotes":""},"categories":[10892,10898,10948,10894,10904,10928,10947,10896],"tags":[10899,11070],"class_list":["post-71647","post","type-post","status-publish","format-standard","has-post-thumbnail","category-camp-de-turia-ca","category-ventana-ca","category-infraestructuras-ca","category-la-comarca-ca","category-sin-categorizar-ca","category-lliria-ca","category-politica","category-seccion-ca","tag-camp-de-turia-ca","tag-lliria-ca"],"_links":{"self":[{"href":"https:\/\/tucomarca.whitekongsoftware.com\/ca\/wp-json\/wp\/v2\/posts\/71647","targetHints":{"allow":["GET"]}}],"collection":[{"href":"https:\/\/tucomarca.whitekongsoftware.com\/ca\/wp-json\/wp\/v2\/posts"}],"about":[{"href":"https:\/\/tucomarca.whitekongsoftware.com\/ca\/wp-json\/wp\/v2\/types\/post"}],"author":[{"embeddable":true,"href":"https:\/\/tucomarca.whitekongsoftware.com\/ca\/wp-json\/wp\/v2\/users\/1"}],"replies":[{"embeddable":true,"href":"https:\/\/tucomarca.whitekongsoftware.com\/ca\/wp-json\/wp\/v2\/comments?post=71647"}],"version-history":[{"count":0,"href":"https:\/\/tucomarca.whitekongsoftware.com\/ca\/wp-json\/wp\/v2\/posts\/71647\/revisions"}],"wp:featuredmedia":[{"embeddable":true,"href":"https:\/\/tucomarca.whitekongsoftware.com\/ca\/wp-json\/wp\/v2\/media\/71887"}],"wp:attachment":[{"href":"https:\/\/tucomarca.whitekongsoftware.com\/ca\/wp-json\/wp\/v2\/media?parent=71647"}],"wp:term":[{"taxonomy":"category","embeddable":true,"href":"https:\/\/tucomarca.whitekongsoftware.com\/ca\/wp-json\/wp\/v2\/categories?post=71647"},{"taxonomy":"post_tag","embeddable":true,"href":"https:\/\/tucomarca.whitekongsoftware.com\/ca\/wp-json\/wp\/v2\/tags?post=71647"}],"curies":[{"name":"wp","href":"https:\/\/api.w.org\/{rel}","templated":true}]}}