{"id":71592,"date":"2018-07-31T22:30:06","date_gmt":"2018-07-31T20:30:06","guid":{"rendered":"http:\/\/www.tucomarca.com\/wordpress\/segunda\/?p=71592"},"modified":"2018-07-31T22:30:06","modified_gmt":"2018-07-31T20:30:06","slug":"este-divendres-3-dagost-tindra-lloc-a-vilamarxant-la-caminada-nocturna-2018","status":"publish","type":"post","link":"https:\/\/tucomarca.whitekongsoftware.com\/ca\/este-divendres-3-dagost-tindra-lloc-a-vilamarxant-la-caminada-nocturna-2018\/","title":{"rendered":"Este divendres, 3 d\u2019agost, tindr\u00e0 lloc a Vilamarxant la Caminada Nocturna 2018"},"content":{"rendered":"<figure id=\"attachment_71590\" aria-describedby=\"caption-attachment-71590\" style=\"width: 302px\" class=\"wp-caption alignleft\"><img loading=\"lazy\" decoding=\"async\" class=\" wp-image-71589\" src=\"http:\/\/www.tucomarca.com\/wordpress\/segunda\/wp-content\/uploads\/2018\/07\/VilamarxantCaminata.jpg\" alt=\"Encara podeu apuntar-vos a l\u2019Ajuntament de Vilamarxant o al web de Senderistes Les Rodanes.\" width=\"302\" height=\"427\" srcset=\"https:\/\/tucomarca.whitekongsoftware.com\/wp-content\/uploads\/2018\/07\/VilamarxantCaminata.jpg 906w, https:\/\/tucomarca.whitekongsoftware.com\/wp-content\/uploads\/2018\/07\/VilamarxantCaminata-212x300.jpg 212w, https:\/\/tucomarca.whitekongsoftware.com\/wp-content\/uploads\/2018\/07\/VilamarxantCaminata-768x1085.jpg 768w, https:\/\/tucomarca.whitekongsoftware.com\/wp-content\/uploads\/2018\/07\/VilamarxantCaminata-725x1024.jpg 725w\" sizes=\"auto, (max-width: 302px) 100vw, 302px\" \/><figcaption id=\"caption-attachment-71590\" class=\"wp-caption-text\">Encara podeu apuntar-vos a l\u2019Ajuntament de Vilamarxant o al web de Senderistes Les Rodanes.<\/figcaption><\/figure>\n<p><strong>Ja hi ha m\u00e9s de 200 persones inscrites. Encara podeu apuntar-vos a l\u2019Ajuntament de Vilamarxant o al web de Senderistes Les Rodanes.<\/strong><\/p>\n<p>Este divendres, 3 d\u2019agost, se celebrar\u00e0 la VIII Caminada Nocturna. Pujada a La Rodana. Una cita ja tradicional en el calendari estiuenc vilamarxanter i que sempre congrega un gran nombre de ve\u00efns i ve\u00efnes que volen gaudir dels nostres paratges naturals i de l\u2019esport a l\u2019aire lliure amb la fam\u00edlia o els amics.<\/p>\n<p>Ja hi ha m\u00e9s de 200 persones inscrites per acudir a este esdeveniment. Vos recordem que per participar-hi \u00e9s obligatori estar apuntat o apuntada i que les inscripcions es tancaran este mateix divendres (a les 14 h) o quan s\u2019arribe a la xifra m\u00e0xima de 300 participants.<\/p>\n<p>Podeu inscriure-vos a la p\u00e0gina web de Senderistes Les Rodanes:\u00a0http:\/\/senderistescavilamarxant.blogspot.com\/\u00a0o a l\u2019Ajuntament de Vilamarxant.<\/p>\n<p>Vos recordem que esta Caminada \u00e9s una prova gratu\u00efta i no competitiva, oberta a tota la poblaci\u00f3 per fomentar l\u2019esport i gaudir d\u2019una vetlada als nostres espais naturals m\u00e9s representatius.<\/p>\n<p>L\u2019eixida ser\u00e0 des de l\u2019avinguda 2 de Maig a les 19.15 h i l\u2019arribada est\u00e0 programada al voltant de la mitjanit, tamb\u00e9 a l\u2019avinguda 2 de Maig.<\/p>\n<p>El recorregut \u00e9s circular, de 12,700 quil\u00f2metres. La majoria del trajecte transcorrer\u00e0 per camins de terra, sendes i pistes d\u2019asfalt. A m\u00e9s, les persones participants podran decidir la dificultat del recorregut, de manera que aquelles o aquells que vulguen pujaran a La Rodana Gran, mentre que la resta continuar\u00e0 cap a la Bassa Barreta. En este \u00faltim punt, totes i tots els caminats soparan.<\/p>\n<p>Per aix\u00f2, les i els participants hauran de portar el sopar i beguda suficient per a tot el recorregut. La vetlada estar\u00e0 amenitzada, com en edicions anteriors, pel quintet de vent local Ad Libitum.<\/p>\n<p>A banda del sopar i la beguda, des de l\u2019organitzaci\u00f3 recorden que caldr\u00e0 portar roba i cal\u00e7at c\u00f2modes, llanterna o frontal. Aquells que vulguen tamb\u00e9 podran portar-se cadires per seure durant la parada a la Bassa Barreta. L\u2019organitzaci\u00f3 s\u00ed que facilitar\u00e0 llum artificial a este paratge.<\/p>\n<p>Esta activitat est\u00e0 organitzada per l\u2019Ajuntament de Vilamarxant amb la col\u00b7laboraci\u00f3 de Senderistes Les Rodanes, la secci\u00f3 de muntanya del Club d\u2019Atletisme Vilamarxant.<\/p>\n","protected":false},"excerpt":{"rendered":"<div class=\"mh-excerpt\">Ja hi ha m\u00e9s de 200 persones inscrites. Encara podeu apuntar-vos a l\u2019Ajuntament de Vilamarxant o al web de Senderistes Les Rodanes. Este divendres, 3 d\u2019agost, se celebrar\u00e0 la VIII Caminada Nocturna. Pujada a La <a class=\"mh-excerpt-more\" href=\"https:\/\/tucomarca.whitekongsoftware.com\/ca\/este-divendres-3-dagost-tindra-lloc-a-vilamarxant-la-caminada-nocturna-2018\/\" title=\"Este divendres, 3 d\u2019agost, tindr\u00e0 lloc a Vilamarxant la Caminada Nocturna 2018\">[+] <\/a><\/div>\n","protected":false},"author":2,"featured_media":71590,"comment_status":"open","ping_status":"open","sticky":false,"template":"","format":"standard","meta":{"footnotes":""},"categories":[11019,11018,10892,11010,11003,10894,10904,10903,10896,10927],"tags":[10943,10899],"class_list":["post-71592","post","type-post","status-publish","format-standard","has-post-thumbnail","category-agenda-ca","category-atletisme","category-camp-de-turia-ca","category-canal-salud","category-sports","category-la-comarca-ca","category-sin-categorizar-ca","category-medio-ambiente-la-comarca-ca","category-seccion-ca","category-vilamarxant-ca","tag-ajuntament-de-vilamarxant-ca","tag-camp-de-turia-ca"],"_links":{"self":[{"href":"https:\/\/tucomarca.whitekongsoftware.com\/ca\/wp-json\/wp\/v2\/posts\/71592","targetHints":{"allow":["GET"]}}],"collection":[{"href":"https:\/\/tucomarca.whitekongsoftware.com\/ca\/wp-json\/wp\/v2\/posts"}],"about":[{"href":"https:\/\/tucomarca.whitekongsoftware.com\/ca\/wp-json\/wp\/v2\/types\/post"}],"author":[{"embeddable":true,"href":"https:\/\/tucomarca.whitekongsoftware.com\/ca\/wp-json\/wp\/v2\/users\/2"}],"replies":[{"embeddable":true,"href":"https:\/\/tucomarca.whitekongsoftware.com\/ca\/wp-json\/wp\/v2\/comments?post=71592"}],"version-history":[{"count":0,"href":"https:\/\/tucomarca.whitekongsoftware.com\/ca\/wp-json\/wp\/v2\/posts\/71592\/revisions"}],"wp:featuredmedia":[{"embeddable":true,"href":"https:\/\/tucomarca.whitekongsoftware.com\/ca\/wp-json\/wp\/v2\/media\/71590"}],"wp:attachment":[{"href":"https:\/\/tucomarca.whitekongsoftware.com\/ca\/wp-json\/wp\/v2\/media?parent=71592"}],"wp:term":[{"taxonomy":"category","embeddable":true,"href":"https:\/\/tucomarca.whitekongsoftware.com\/ca\/wp-json\/wp\/v2\/categories?post=71592"},{"taxonomy":"post_tag","embeddable":true,"href":"https:\/\/tucomarca.whitekongsoftware.com\/ca\/wp-json\/wp\/v2\/tags?post=71592"}],"curies":[{"name":"wp","href":"https:\/\/api.w.org\/{rel}","templated":true}]}}