{"id":71415,"date":"2018-07-30T14:12:57","date_gmt":"2018-07-30T12:12:57","guid":{"rendered":"http:\/\/www.tucomarca.com\/wordpress\/segunda\/?p=71415"},"modified":"2018-07-30T14:14:02","modified_gmt":"2018-07-30T12:14:02","slug":"el-servei-de-transport-de-vilamarxant-incloura-connexions-diaries-amb-quasi-tots-els-metros-de-riba-roja-de-turia","status":"publish","type":"post","link":"https:\/\/tucomarca.whitekongsoftware.com\/ca\/el-servei-de-transport-de-vilamarxant-incloura-connexions-diaries-amb-quasi-tots-els-metros-de-riba-roja-de-turia\/","title":{"rendered":"El servei de transport de Vilamarxant inclour\u00e0 connexions di\u00e0ries amb quasi tots els metros de Riba-roja de T\u00faria"},"content":{"rendered":"<figure id=\"attachment_71419\" aria-describedby=\"caption-attachment-71419\" style=\"width: 339px\" class=\"wp-caption alignleft\"><img loading=\"lazy\" decoding=\"async\" class=\" wp-image-71419\" src=\"http:\/\/www.tucomarca.com\/wordpress\/segunda\/wp-content\/uploads\/2018\/07\/IMG_6711.png\" alt=\"Este proc\u00e9s augmentar\u00e0 considerablement les freq\u00fc\u00e8ncies de viatges.\" width=\"339\" height=\"447\" srcset=\"https:\/\/tucomarca.whitekongsoftware.com\/wp-content\/uploads\/2018\/07\/IMG_6711.png 1125w, https:\/\/tucomarca.whitekongsoftware.com\/wp-content\/uploads\/2018\/07\/IMG_6711-228x300.png 228w, https:\/\/tucomarca.whitekongsoftware.com\/wp-content\/uploads\/2018\/07\/IMG_6711-768x1011.png 768w, https:\/\/tucomarca.whitekongsoftware.com\/wp-content\/uploads\/2018\/07\/IMG_6711-778x1024.png 778w, https:\/\/tucomarca.whitekongsoftware.com\/wp-content\/uploads\/2018\/07\/IMG_6711-1024x1348.png 1024w\" sizes=\"auto, (max-width: 339px) 100vw, 339px\" \/><figcaption id=\"caption-attachment-71419\" class=\"wp-caption-text\">Este proc\u00e9s augmentar\u00e0 considerablement les freq\u00fc\u00e8ncies de viatges.<\/figcaption><\/figure>\n<p><strong>La Conselleria ha publicat hui el Projecte de servei de transport de la zona de Vilamarxant. Este proc\u00e9s augmentar\u00e0 considerablement les freq\u00fc\u00e8ncies de viatges i estar\u00e0 finan\u00e7at per la Generalitat.<\/strong><\/p>\n<p>La Conselleria d\u2019Habitatge, Obres P\u00fabliques i Vertebraci\u00f3 del Territori ha aprovat el Projecte de servei p\u00fablic de transport de viatgers per carretera de la zona nord-oest de l\u2019\u00c0rea Metropolitana de Val\u00e8ncia, que inclou el servei en autob\u00fas de Vilamarxant.<\/p>\n<p>Es tracta d\u2019un projecte de concessi\u00f3 que recull gran part de les millores que, des del principi de la legislatura, l\u2019Equip de Govern de l\u2019Ajuntament de Vilamarxant ha sol\u00b7licitat a trav\u00e9s de diferents reunions i escrits amb l\u2019administraci\u00f3 auton\u00f2mica per posar en marxa les actuacions necess\u00e0ries perqu\u00e8 els ve\u00efns i ve\u00efnes disposen d\u2019un servei millorat i que s\u2019adeq\u00fce m\u00e9s a les seues necessitats.<\/p>\n<p>El document publicat hui projecta 31 connexions directes d\u2019anada i tornada amb la major part dels metros de Riba-roja de T\u00faria, de dilluns a divendres laborables, des de les 6.15 i fins a les 21.30 h (cada mitja hora). Dissabtes hi haur\u00e0 8 trajectes d\u2019anada i 8 de tornada i diumenge s\u2019incorporen 7 viatges d\u2019anada i tornada.<\/p>\n<p>En per\u00edode no lectiu tamb\u00e9 es mant\u00e9 una freq\u00fc\u00e8ncia semblant, nom\u00e9s canviant alguns horaris per adaptar-se al metro.<\/p>\n<p><img loading=\"lazy\" decoding=\"async\" class=\"alignleft wp-image-71417\" src=\"http:\/\/www.tucomarca.com\/wordpress\/segunda\/wp-content\/uploads\/2018\/07\/IMG_6712.png\" alt=\"\" width=\"347\" height=\"477\" srcset=\"https:\/\/tucomarca.whitekongsoftware.com\/wp-content\/uploads\/2018\/07\/IMG_6712.png 1125w, https:\/\/tucomarca.whitekongsoftware.com\/wp-content\/uploads\/2018\/07\/IMG_6712-218x300.png 218w, https:\/\/tucomarca.whitekongsoftware.com\/wp-content\/uploads\/2018\/07\/IMG_6712-768x1055.png 768w, https:\/\/tucomarca.whitekongsoftware.com\/wp-content\/uploads\/2018\/07\/IMG_6712-745x1024.png 745w, https:\/\/tucomarca.whitekongsoftware.com\/wp-content\/uploads\/2018\/07\/IMG_6712-1024x1407.png 1024w\" sizes=\"auto, (max-width: 347px) 100vw, 347px\" \/><\/p>\n<p>A m\u00e9s, no es deixen de costat les comunicacions amb Ll\u00edria i Benaguasil amb 10 expedicions de dilluns a divendres, durant tot l\u2019any, des de les 7.45 fins a les 19.45 h. En el cas de Ll\u00edria, el servei inclou l\u2019arribada de forma directa a l\u2019Hospital.<\/p>\n<p><b>El transport p\u00fablic ser\u00e0 finan\u00e7at per la Generalitat<\/b><\/p>\n<p>Este document de la Generalitat recull les directrius i objectius generals que caldr\u00e0 que tinguen estes l\u00ednies de transport. A m\u00e9s, les despeses d\u2019esta nova concessi\u00f3 estaran a c\u00e0rrec de l\u2019administraci\u00f3 auton\u00f2mica i no de les arques municipals que anualment han hagut de desemborsar m\u00e9s de 90.000 euros euros per mantindre este servei sense cap ajuda d\u2019altres administracions.<\/p>\n<p>L\u2019aportaci\u00f3 global de la Generalitat per cobrir les despeses de tota esta concessi\u00f3 durant els 11 anys que engloba la mateixa \u00e9s de 12.542.328,85 euros, una part proporcional dels quals aniran destinats al transport de Vilamarxant.<\/p>\n<p>L\u2019alcalde Jes\u00fas Montesinos ha destacat que \u201camb este futur nou mapa, Vilamarxant tindr\u00e0 assegurada una substancial millora del \u00a0seu transport p\u00fablic i, a m\u00e9s, este servei estar\u00e0 sufragat per la Generalitat, amb l\u2019estalvi que aix\u00f2 tamb\u00e9 suposar\u00e0 per als comptes municipals. Han sigut tres anys de demandes de millores a la Conselleria que, tot i que no s\u2019han concedit amb la celeritat que hagu\u00e9rem volgut, han arribat amb la finalitat que els ve\u00efns i ve\u00efnes de Vilamarxant disposen d\u2019un transport digne que oferir\u00e0 una \u00e0mplia bateria d\u2019horaris\u201d.<\/p>\n<p>Tot i recon\u00e9ixer que este anunci \u00e9s un gran avan\u00e7 respecte a la situaci\u00f3 heretada, l&#8217;Equip de Govern de l&#8217;Ajuntament de Vilamarxant i el personal t\u00e8cnic estudiar\u00e0 el projecte al detall per si es considerara necessari demanar alguna millora durant el per\u00edode d\u2019informaci\u00f3 p\u00fablica al qual se sotmetr\u00e0 el text, i que estar\u00e0 obert fins al 21 de setembre.<\/p>\n","protected":false},"excerpt":{"rendered":"<div class=\"mh-excerpt\">La Conselleria ha publicat hui el Projecte de servei de transport de la zona de Vilamarxant. Este proc\u00e9s augmentar\u00e0 considerablement les freq\u00fc\u00e8ncies de viatges i estar\u00e0 finan\u00e7at per la Generalitat. La Conselleria d\u2019Habitatge, Obres P\u00fabliques <a class=\"mh-excerpt-more\" href=\"https:\/\/tucomarca.whitekongsoftware.com\/ca\/el-servei-de-transport-de-vilamarxant-incloura-connexions-diaries-amb-quasi-tots-els-metros-de-riba-roja-de-turia\/\" title=\"El servei de transport de Vilamarxant inclour\u00e0 connexions di\u00e0ries amb quasi tots els metros de Riba-roja de T\u00faria\">[+] <\/a><\/div>\n","protected":false},"author":2,"featured_media":71419,"comment_status":"open","ping_status":"open","sticky":false,"template":"","format":"standard","meta":{"footnotes":""},"categories":[10892,10948,10894,10928,10906,10896,10927],"tags":[11070,1504,11090],"class_list":["post-71415","post","type-post","status-publish","format-standard","has-post-thumbnail","category-camp-de-turia-ca","category-infraestructuras-ca","category-la-comarca-ca","category-lliria-ca","category-riba-roja-ca","category-seccion-ca","category-vilamarxant-ca","tag-lliria-ca","tag-riba-roja-2","tag-vilamarxant-ca"],"_links":{"self":[{"href":"https:\/\/tucomarca.whitekongsoftware.com\/ca\/wp-json\/wp\/v2\/posts\/71415","targetHints":{"allow":["GET"]}}],"collection":[{"href":"https:\/\/tucomarca.whitekongsoftware.com\/ca\/wp-json\/wp\/v2\/posts"}],"about":[{"href":"https:\/\/tucomarca.whitekongsoftware.com\/ca\/wp-json\/wp\/v2\/types\/post"}],"author":[{"embeddable":true,"href":"https:\/\/tucomarca.whitekongsoftware.com\/ca\/wp-json\/wp\/v2\/users\/2"}],"replies":[{"embeddable":true,"href":"https:\/\/tucomarca.whitekongsoftware.com\/ca\/wp-json\/wp\/v2\/comments?post=71415"}],"version-history":[{"count":0,"href":"https:\/\/tucomarca.whitekongsoftware.com\/ca\/wp-json\/wp\/v2\/posts\/71415\/revisions"}],"wp:featuredmedia":[{"embeddable":true,"href":"https:\/\/tucomarca.whitekongsoftware.com\/ca\/wp-json\/wp\/v2\/media\/71419"}],"wp:attachment":[{"href":"https:\/\/tucomarca.whitekongsoftware.com\/ca\/wp-json\/wp\/v2\/media?parent=71415"}],"wp:term":[{"taxonomy":"category","embeddable":true,"href":"https:\/\/tucomarca.whitekongsoftware.com\/ca\/wp-json\/wp\/v2\/categories?post=71415"},{"taxonomy":"post_tag","embeddable":true,"href":"https:\/\/tucomarca.whitekongsoftware.com\/ca\/wp-json\/wp\/v2\/tags?post=71415"}],"curies":[{"name":"wp","href":"https:\/\/api.w.org\/{rel}","templated":true}]}}