{"id":71337,"date":"2018-07-12T15:13:34","date_gmt":"2018-07-12T13:13:34","guid":{"rendered":"http:\/\/www.tucomarca.com\/wordpress\/segunda\/video-reportaje-inauguracion-de-la-bienal-de-bunol-de-2018-con-el-concierto-a-tres-bandas\/"},"modified":"2018-07-30T03:39:09","modified_gmt":"2018-07-30T01:39:09","slug":"video-reportaje-inauguracion-de-la-bienal-de-bunol-de-2018-con-el-concierto-a-tres-bandas","status":"publish","type":"post","link":"https:\/\/tucomarca.whitekongsoftware.com\/ca\/video-reportaje-inauguracion-de-la-bienal-de-bunol-de-2018-con-el-concierto-a-tres-bandas\/","title":{"rendered":"V\u00eddeo reportatge: Inauguraci\u00f3 de la Biennal de Bunyol de 2018 amb el concert &#8220;A tres bandes&#8221;"},"content":{"rendered":"<p>V\u00eddeo reportatge elaborat per tucomarca.com de la inauguraci\u00f3 de la Bienal de M\u00fasica de Bunyol de 2018 amb\u00a0el concert &#8220;A tres bandes&#8221; amb\u00a0La Uni\u00f3 de Ll\u00edria, El Ateneo de Cullera y &#8220;La Art\u00edstica&#8221; de Bunyol.<\/p>\n","protected":false},"excerpt":{"rendered":"<div class=\"mh-excerpt\">V\u00eddeo reportatge elaborat per tucomarca.com de la inauguraci\u00f3 de la Bienal de M\u00fasica de Bunyol de 2018 amb\u00a0el concert &#8220;A tres bandes&#8221; amb\u00a0La Uni\u00f3 de Ll\u00edria, El Ateneo de Cullera y &#8220;La Art\u00edstica&#8221; de Bunyol.<\/div>\n","protected":false},"author":1,"featured_media":71338,"comment_status":"open","ping_status":"open","sticky":false,"template":"","format":"standard","meta":{"footnotes":""},"categories":[10911,10892,11005,10898,10894,10904,10912,10928,11007,10896,11062],"tags":[10888,10385,10395,10401,4072,10484,5952,10887,10396],"class_list":["post-71337","post","type-post","status-publish","format-standard","has-post-thumbnail","category-bunol-ca","category-camp-de-turia-ca","category-canal-musica","category-ventana-ca","category-la-comarca-ca","category-sin-categorizar-ca","category-la-hoya-ca","category-lliria-ca","category-ocio-y-cultura-ca","category-seccion-ca","category-videos","tag-ateneo","tag-bunol","tag-camp-de-turia","tag-musica","tag-cullera","tag-la-artistica","tag-la-hoya-de-bunol-chiva","tag-la-unio-musical","tag-lliria"],"_links":{"self":[{"href":"https:\/\/tucomarca.whitekongsoftware.com\/ca\/wp-json\/wp\/v2\/posts\/71337","targetHints":{"allow":["GET"]}}],"collection":[{"href":"https:\/\/tucomarca.whitekongsoftware.com\/ca\/wp-json\/wp\/v2\/posts"}],"about":[{"href":"https:\/\/tucomarca.whitekongsoftware.com\/ca\/wp-json\/wp\/v2\/types\/post"}],"author":[{"embeddable":true,"href":"https:\/\/tucomarca.whitekongsoftware.com\/ca\/wp-json\/wp\/v2\/users\/1"}],"replies":[{"embeddable":true,"href":"https:\/\/tucomarca.whitekongsoftware.com\/ca\/wp-json\/wp\/v2\/comments?post=71337"}],"version-history":[{"count":0,"href":"https:\/\/tucomarca.whitekongsoftware.com\/ca\/wp-json\/wp\/v2\/posts\/71337\/revisions"}],"wp:featuredmedia":[{"embeddable":true,"href":"https:\/\/tucomarca.whitekongsoftware.com\/ca\/wp-json\/wp\/v2\/media\/71338"}],"wp:attachment":[{"href":"https:\/\/tucomarca.whitekongsoftware.com\/ca\/wp-json\/wp\/v2\/media?parent=71337"}],"wp:term":[{"taxonomy":"category","embeddable":true,"href":"https:\/\/tucomarca.whitekongsoftware.com\/ca\/wp-json\/wp\/v2\/categories?post=71337"},{"taxonomy":"post_tag","embeddable":true,"href":"https:\/\/tucomarca.whitekongsoftware.com\/ca\/wp-json\/wp\/v2\/tags?post=71337"}],"curies":[{"name":"wp","href":"https:\/\/api.w.org\/{rel}","templated":true}]}}