{"id":71162,"date":"2018-07-30T15:29:53","date_gmt":"2018-07-30T13:29:53","guid":{"rendered":"http:\/\/www.tucomarca.com\/wordpress\/segunda\/?p=71162"},"modified":"2018-07-30T15:29:53","modified_gmt":"2018-07-30T13:29:53","slug":"livace-concedeix-el-100-de-les-ajudes-economiques-sol%c2%b7licitades-per-a-millorar-la-competitivitat-del-poligon-industrial-mes-de-tous","status":"publish","type":"post","link":"https:\/\/tucomarca.whitekongsoftware.com\/ca\/livace-concedeix-el-100-de-les-ajudes-economiques-sol%c2%b7licitades-per-a-millorar-la-competitivitat-del-poligon-industrial-mes-de-tous\/","title":{"rendered":"L&#8217;IVACE concedeix el 100% de les ajudes econ\u00f2miques sol\u00b7licitades per a millorar la competitivitat del pol\u00edgon industrial &#8216;Mes de Tous&#8217;"},"content":{"rendered":"<figure id=\"attachment_71160\" aria-describedby=\"caption-attachment-71160\" style=\"width: 379px\" class=\"wp-caption alignleft\"><img loading=\"lazy\" decoding=\"async\" class=\" wp-image-71159\" src=\"http:\/\/www.tucomarca.com\/wordpress\/segunda\/wp-content\/uploads\/2018\/07\/MasdeTous.jpg\" alt=\"El pol\u00edgon industrial 'Mes de Tous' explica en l'actualitat amb una superf\u00edcie de m\u00e9s de 780.000 metres quadrats.\" width=\"379\" height=\"213\" srcset=\"https:\/\/tucomarca.whitekongsoftware.com\/wp-content\/uploads\/2018\/07\/MasdeTous.jpg 960w, https:\/\/tucomarca.whitekongsoftware.com\/wp-content\/uploads\/2018\/07\/MasdeTous-300x169.jpg 300w, https:\/\/tucomarca.whitekongsoftware.com\/wp-content\/uploads\/2018\/07\/MasdeTous-768x432.jpg 768w\" sizes=\"auto, (max-width: 379px) 100vw, 379px\" \/><figcaption id=\"caption-attachment-71160\" class=\"wp-caption-text\">El pol\u00edgon industrial &#8216;Mes de Tous&#8217; explica en l&#8217;actualitat amb una superf\u00edcie de m\u00e9s de 780.000 metres quadrats.<\/figcaption><\/figure>\n<p><span class=\"Apple-converted-space\">\u00a0<\/span>L&#8217;Institut Valenci\u00e0 de Competitivitat Empresarial (IVACE), organisme depenent de la Generalitat Valenciana, ha assignat a la Pobla de Vallbona el 100% de les ajudes econ\u00f2miques sol\u00b7licitades per a escometre millores en el pol\u00edgon industrial &#8216;Mes de Tous&#8217;. En total s\u00f3n 332.717 euros, corresponents als anys 2018 i 2019.<\/p>\n<p>L&#8217;IVACE ha concedit a l&#8217;Ajuntament de la Pobla de Vallbona el 100% de la quantia sol\u00b7licitada en el seu projecte, que es dividia en quatre apartats: instal\u00b7laci\u00f3 de c\u00e0meres de videovigil\u00e0ncia que estaran connectades a la Policia local; millores en l&#8217;enllumenat p\u00fablic, que inclouen un increment en l&#8217;efici\u00e8ncia energ\u00e8tica; creaci\u00f3 d&#8217;una eina web que tinga informaci\u00f3 sobre les empreses assentades i les parcel\u00b7les disponibles, que tamb\u00e9 estar\u00e0 connectada al mateix IVACE; i renovaci\u00f3 en la senyalitzaci\u00f3 vi\u00e0ria i la identificaci\u00f3 de carrers.<\/p>\n<p>Tant Javier N\u00f3voa, edil d&#8217;Activitats Econ\u00f2miques en el consistori pobl\u00e0, com Juan Aguilar, responsable de Serveis, s&#8217;han mostrat molt satisfets per la resposta rebuda des de l&#8217;IVACE: &#8220;La concessi\u00f3 d&#8217;aquestes ajudes ens permet escometre importants millores en el nostre pol\u00edgon industrial de &#8216;Mas de Tous&#8217;, la qual cosa contribuir\u00e0 a millorar la nostra competitivitat. A m\u00e9s, amb aquestes inversions resultarem m\u00e9s atractius per a empreses que estiguen interessades a assentar-se en aquesta comarca. Esperem que aquest pol\u00edgon industrial tinga un impacte encara major en l&#8217;economia del nostre municipi, i siga un motor que genere molta m\u00e9s ocupaci\u00f3 a la Pobla de Vallbona&#8221;.<\/p>\n<p>Aguilar i N\u00f3voa han felicitat al personal que s&#8217;ha encarregat d&#8217;elaborar el projecte presentat davant l&#8217;IVACE, aix\u00ed com a la mateixa Generalitat Valenciana: &#8220;\u00c9s d&#8217;agrair que el govern auton\u00f2mic aposte de deb\u00f2 per la modernitzaci\u00f3 dels nostres pol\u00edgons industrials, cosa que es demostra no solament amb paraules sin\u00f3 dotant a aquest projecte d&#8217;una partida econ\u00f2mica. D&#8217;altra banda, es demostra que l&#8217;elecci\u00f3 efectuada perqu\u00e8 se&#8217;ns oferira una assist\u00e8ncia t\u00e8cnica externa ha sigut encertada, ja que IVACE ens ha concedit el 100% de la subvenci\u00f3 sol\u00b7licitada&#8221;.<\/p>\n<p>El pol\u00edgon industrial &#8216;Mes de Tous&#8217; explica en l&#8217;actualitat amb una superf\u00edcie de m\u00e9s de 780.000 metres quadrats, situat en l&#8217;eixida 17-A de la carretera CV-35. Compte aproximadament 75 empreses, que donen ocupaci\u00f3 a m\u00e9s de 500 treballadors. Personal t\u00e8cnic i autoritats municipals consideren que l&#8217;impuls que rebr\u00e0 aquest empla\u00e7ament, gr\u00e0cies als m\u00e9s de 332.000 euros es que es s&#8217;invertiran, es pot experimentar un notable increment: &#8220;Una administraci\u00f3 responsable \u00e9s la que escomet iniciatives que afavoreixen la florida i l&#8217;expansi\u00f3 d&#8217;empreses, a trav\u00e9s de la iniciativa privada. L&#8217;Ajuntament no pot donar ocupaci\u00f3 a totes les persones en atur, per\u00f2 s\u00ed pot generar unes condicions favorables perqu\u00e8 s&#8217;incremente la producci\u00f3 i arriben noves empreses a la nostra localitat, i en aqueix sentit s&#8217;ha treballat quan sol\u00b7licitem les ajudes al IVACE&#8221;.<\/p>\n","protected":false},"excerpt":{"rendered":"<div class=\"mh-excerpt\">\u00a0L&#8217;Institut Valenci\u00e0 de Competitivitat Empresarial (IVACE), organisme depenent de la Generalitat Valenciana, ha assignat a la Pobla de Vallbona el 100% de les ajudes econ\u00f2miques sol\u00b7licitades per a escometre millores en el pol\u00edgon industrial &#8216;Mes <a class=\"mh-excerpt-more\" href=\"https:\/\/tucomarca.whitekongsoftware.com\/ca\/livace-concedeix-el-100-de-les-ajudes-economiques-sol%c2%b7licitades-per-a-millorar-la-competitivitat-del-poligon-industrial-mes-de-tous\/\" title=\"L&#8217;IVACE concedeix el 100% de les ajudes econ\u00f2miques sol\u00b7licitades per a millorar la competitivitat del pol\u00edgon industrial &#8216;Mes de Tous&#8217;\">[+] <\/a><\/div>\n","protected":false},"author":1,"featured_media":71160,"comment_status":"open","ping_status":"open","sticky":false,"template":"","format":"standard","meta":{"footnotes":""},"categories":[10892,10898,10948,10894,10915,10947,10896],"tags":[10899,10949],"class_list":["post-71162","post","type-post","status-publish","format-standard","has-post-thumbnail","category-camp-de-turia-ca","category-ventana-ca","category-infraestructuras-ca","category-la-comarca-ca","category-la-pobla-ca","category-politica","category-seccion-ca","tag-camp-de-turia-ca","tag-la-pobla-ca"],"_links":{"self":[{"href":"https:\/\/tucomarca.whitekongsoftware.com\/ca\/wp-json\/wp\/v2\/posts\/71162","targetHints":{"allow":["GET"]}}],"collection":[{"href":"https:\/\/tucomarca.whitekongsoftware.com\/ca\/wp-json\/wp\/v2\/posts"}],"about":[{"href":"https:\/\/tucomarca.whitekongsoftware.com\/ca\/wp-json\/wp\/v2\/types\/post"}],"author":[{"embeddable":true,"href":"https:\/\/tucomarca.whitekongsoftware.com\/ca\/wp-json\/wp\/v2\/users\/1"}],"replies":[{"embeddable":true,"href":"https:\/\/tucomarca.whitekongsoftware.com\/ca\/wp-json\/wp\/v2\/comments?post=71162"}],"version-history":[{"count":0,"href":"https:\/\/tucomarca.whitekongsoftware.com\/ca\/wp-json\/wp\/v2\/posts\/71162\/revisions"}],"wp:featuredmedia":[{"embeddable":true,"href":"https:\/\/tucomarca.whitekongsoftware.com\/ca\/wp-json\/wp\/v2\/media\/71160"}],"wp:attachment":[{"href":"https:\/\/tucomarca.whitekongsoftware.com\/ca\/wp-json\/wp\/v2\/media?parent=71162"}],"wp:term":[{"taxonomy":"category","embeddable":true,"href":"https:\/\/tucomarca.whitekongsoftware.com\/ca\/wp-json\/wp\/v2\/categories?post=71162"},{"taxonomy":"post_tag","embeddable":true,"href":"https:\/\/tucomarca.whitekongsoftware.com\/ca\/wp-json\/wp\/v2\/tags?post=71162"}],"curies":[{"name":"wp","href":"https:\/\/api.w.org\/{rel}","templated":true}]}}