{"id":70792,"date":"2018-07-24T13:18:36","date_gmt":"2018-07-24T11:18:36","guid":{"rendered":"http:\/\/www.tucomarca.com\/wordpress\/segunda\/?p=70792"},"modified":"2018-07-27T10:53:39","modified_gmt":"2018-07-27T08:53:39","slug":"la-gent-major-de-vilamarxant-celebra-la-seua-setmana","status":"publish","type":"post","link":"https:\/\/tucomarca.whitekongsoftware.com\/ca\/la-gent-major-de-vilamarxant-celebra-la-seua-setmana\/","title":{"rendered":"La gent major de Vilamarxant celebra la seua setmana"},"content":{"rendered":"<figure id=\"attachment_70793\" aria-describedby=\"caption-attachment-70793\" style=\"width: 410px\" class=\"wp-caption alignleft\"><img loading=\"lazy\" decoding=\"async\" class=\" wp-image-70793\" src=\"http:\/\/www.tucomarca.com\/wordpress\/segunda\/wp-content\/uploads\/2018\/07\/PHOTO-2018-07-23-09-03-24-1.jpg\" alt=\"Balls, sopars, espectacles d\u2019humor i un dinar de germanor han sigut alguns dels esdeveniments que ha organitzat la Uni\u00f3 de Jubilats i Pensionistes de Vilamarxant\" width=\"410\" height=\"231\" srcset=\"https:\/\/tucomarca.whitekongsoftware.com\/wp-content\/uploads\/2018\/07\/PHOTO-2018-07-23-09-03-24-1.jpg 1600w, https:\/\/tucomarca.whitekongsoftware.com\/wp-content\/uploads\/2018\/07\/PHOTO-2018-07-23-09-03-24-1-300x169.jpg 300w, https:\/\/tucomarca.whitekongsoftware.com\/wp-content\/uploads\/2018\/07\/PHOTO-2018-07-23-09-03-24-1-768x432.jpg 768w, https:\/\/tucomarca.whitekongsoftware.com\/wp-content\/uploads\/2018\/07\/PHOTO-2018-07-23-09-03-24-1-1024x576.jpg 1024w\" sizes=\"auto, (max-width: 410px) 100vw, 410px\" \/><figcaption id=\"caption-attachment-70793\" class=\"wp-caption-text\">Balls, sopars, espectacles d\u2019humor i un dinar de germanor han sigut alguns dels esdeveniments que ha organitzat la Uni\u00f3 de Jubilats i Pensionistes de Vilamarxant<\/figcaption><\/figure>\n<p>Des de dimecres passat i fins a ahir, diumenge, ha tingut lloc la Setmana de la Gent Major de Vilamarxant. La Uni\u00f3 de Jubilats i Pensionistes local (UDP) ha organitzat diferents actes durant estos dies.<\/p>\n<p>Les activitats comen\u00e7aven amb una xarrada per previndre l\u2019ictus i una exhibici\u00f3 de ball. Continuaren amb un espectacle oferit pels jubilats voluntaris del centre Nou Moles de Val\u00e8ncia i una classe de tai-txi-txuan.<\/p>\n<p>Divendres, la Casa de la Cultura va rebre l\u2019humor del duo Los Quillos, en una actuaci\u00f3 plena de rialles i de m\u00fasica popular, amb lletres i acudits tamb\u00e9 plens de personatges i situacions c\u00f2miques.<\/p>\n<p>Dissabte per la nit, el Centre Club de Conviv\u00e8ncia va acollir l\u2019actuaci\u00f3 d\u2019una tuna i despr\u00e9s va tindre lloc un sopar i un animat ball.<\/p>\n<p>Les activitats conclo\u00efen ahir amb un passacarrer, acompanyat amb la m\u00fasica de la Colla de dol\u00e7ainers i tabaleters A Contratemps, missa i un dinar de germanor que es va celebrar al restaurant Montem\u00edo de Benaguasil.<\/p>\n<p>Van ser molt\u00edssims els ve\u00efns i ve\u00efnes que van acudir a esta cita, entre elles i ells la presidenta de la UDP local, Elisa Buenache; l\u2019alcalde de Vilamarxant, Jes\u00fas Montesinos; el primer i segon tinent d\u2019alcalde, Voro Golfe i Eliseo Sanz, i el rector Alberto Mart\u00edn.<span class=\"Apple-converted-space\">\u00a0<\/span><\/p>\n<p>Una setmana plena d\u2019activitats de les quals han pogut gaudir les persones majors del poble i, en general, tota la poblaci\u00f3 que ha volgut apropar-se als actes.<\/p>\n<p>Tots els esdeveniments han estat organitzats per la UDP de Vilamarxant, amb la col\u00b7laboraci\u00f3 de la Regidoria de Benestar Social i Pol\u00edtiques d\u2019Igualtat de l\u2019Ajuntament i Sergevama.<\/p>\n","protected":false},"excerpt":{"rendered":"<div class=\"mh-excerpt\">Des de dimecres passat i fins a ahir, diumenge, ha tingut lloc la Setmana de la Gent Major de Vilamarxant. La Uni\u00f3 de Jubilats i Pensionistes local (UDP) ha organitzat diferents actes durant estos dies. <a class=\"mh-excerpt-more\" href=\"https:\/\/tucomarca.whitekongsoftware.com\/ca\/la-gent-major-de-vilamarxant-celebra-la-seua-setmana\/\" title=\"La gent major de Vilamarxant celebra la seua setmana\">[+] <\/a><\/div>\n","protected":false},"author":1,"featured_media":70793,"comment_status":"open","ping_status":"open","sticky":false,"template":"","format":"standard","meta":{"footnotes":""},"categories":[10892,10894,10896],"tags":[10899],"class_list":["post-70792","post","type-post","status-publish","format-standard","has-post-thumbnail","category-camp-de-turia-ca","category-la-comarca-ca","category-seccion-ca","tag-camp-de-turia-ca"],"_links":{"self":[{"href":"https:\/\/tucomarca.whitekongsoftware.com\/ca\/wp-json\/wp\/v2\/posts\/70792","targetHints":{"allow":["GET"]}}],"collection":[{"href":"https:\/\/tucomarca.whitekongsoftware.com\/ca\/wp-json\/wp\/v2\/posts"}],"about":[{"href":"https:\/\/tucomarca.whitekongsoftware.com\/ca\/wp-json\/wp\/v2\/types\/post"}],"author":[{"embeddable":true,"href":"https:\/\/tucomarca.whitekongsoftware.com\/ca\/wp-json\/wp\/v2\/users\/1"}],"replies":[{"embeddable":true,"href":"https:\/\/tucomarca.whitekongsoftware.com\/ca\/wp-json\/wp\/v2\/comments?post=70792"}],"version-history":[{"count":0,"href":"https:\/\/tucomarca.whitekongsoftware.com\/ca\/wp-json\/wp\/v2\/posts\/70792\/revisions"}],"wp:featuredmedia":[{"embeddable":true,"href":"https:\/\/tucomarca.whitekongsoftware.com\/ca\/wp-json\/wp\/v2\/media\/70793"}],"wp:attachment":[{"href":"https:\/\/tucomarca.whitekongsoftware.com\/ca\/wp-json\/wp\/v2\/media?parent=70792"}],"wp:term":[{"taxonomy":"category","embeddable":true,"href":"https:\/\/tucomarca.whitekongsoftware.com\/ca\/wp-json\/wp\/v2\/categories?post=70792"},{"taxonomy":"post_tag","embeddable":true,"href":"https:\/\/tucomarca.whitekongsoftware.com\/ca\/wp-json\/wp\/v2\/tags?post=70792"}],"curies":[{"name":"wp","href":"https:\/\/api.w.org\/{rel}","templated":true}]}}