{"id":312365,"date":"2026-09-03T09:15:00","date_gmt":"2026-09-03T07:15:00","guid":{"rendered":"https:\/\/www.tucomarca.com\/wordpress\/segunda\/?p=312365"},"modified":"2026-09-03T09:59:00","modified_gmt":"2026-09-03T07:59:00","slug":"la-fvmp-destaca-la-solidaritat-dels-municipis-de-linterior-de-la-comunitat-valenciana-amb-ceuta","status":"publish","type":"post","link":"https:\/\/tucomarca.whitekongsoftware.com\/ca\/la-fvmp-destaca-la-solidaritat-dels-municipis-de-linterior-de-la-comunitat-valenciana-amb-ceuta\/","title":{"rendered":"La FVMP destaca la solidaritat dels municipis de l&#8217;interior de la Comunitat Valenciana amb Ceuta"},"content":{"rendered":"\n<h3 class=\"wp-block-heading\">La Federaci\u00f3 posa en valor la participaci\u00f3 dels pobles i ciutats valencians en l&#8217;acte convocat ahir per la FEMP.<\/h3>\n\n\n\n<p class=\"wp-block-paragraph\">La Federaci\u00f3 Valenciana de Municipis i Prov\u00edncies (FVMP) vol posar en valor la resposta de nombrosos municipis de la Comunitat Valenciana a les concentracions celebrades ahir, 2 de setembre, en suport i solidaritat amb la ciutat aut\u00f2noma de Ceuta.<br>Els actes, convocats per la Federaci\u00f3 Espanyola de Municipis i Prov\u00edncies (FEMP) i celebrats en places i espais p\u00fablics de municipis de tota la Comunitat, van permetre traslladar un missatge de proximitat, suport i solidaritat a la ciutadania de Ceuta davant la situaci\u00f3 que travessa la ciutat aut\u00f2noma.<br>Des de la FVMP es considera especialment significatiu que els municipis valencians hagen tornat a demostrar la seua capacitat per a respondre de manera solid\u00e0ria davant situacions excepcionals, posant per davant all\u00f2 que uneix a la ciutadania i deixant al marge les difer\u00e8ncies.<br>Les entitats locals han sigut hist\u00f2ricament espais de trobada i solidaritat i, en nombroses ocasions, els ajuntaments han respost de manera conjunta davant situacions que afecten o commouen a la societat. Aix\u00ed va oc\u00f3rrer, per exemple, en solidaritat amb les v\u00edctimes de Adamuz, de la dana o del recent terratr\u00e9mol de Vene\u00e7uela..<br>En aquest sentit, la FVMP considera que la participaci\u00f3 en aquesta mena d&#8217;actes ha d&#8217;entendre&#8217;s des de la voluntat de les institucions locals d&#8217;acompanyar i mostrar el seu suport davant una situaci\u00f3 excepcional, amb independ\u00e8ncia del signe pol\u00edtic dels governs municipals.<br>La Federaci\u00f3 agraeix a tots els ajuntaments que es van sumar a la convocat\u00f2ria, aix\u00ed com als ve\u00efns i ve\u00efnes que van participar en les concentracions, contribuint a fer visible la solidaritat dels pobles i ciutats valencians amb Ceuta.<br>La FVMP reafirma aix\u00ed el paper dels municipis com a institucions pr\u00f2ximes a la ciutadania i com a espais de conviv\u00e8ncia, participaci\u00f3 i solidaritat, capaces de traslladar, en moments determinats, un missatge com\u00fa per damunt de qualsevol difer\u00e8ncia.<\/p>\n\n\n\n<figure class=\"wp-block-gallery has-nested-images columns-1 is-cropped wp-block-gallery-1 is-layout-flex wp-block-gallery-is-layout-flex\">\n<figure class=\"wp-block-image size-large\"><img loading=\"lazy\" decoding=\"async\" width=\"945\" height=\"638\" data-id=\"312361\" src=\"https:\/\/www.tucomarca.com\/wordpress\/segunda\/wp-content\/uploads\/2026\/09\/Higueruelas.jpeg\" alt=\"\" class=\"wp-image-312361\" srcset=\"https:\/\/tucomarca.whitekongsoftware.com\/wp-content\/uploads\/2026\/09\/Higueruelas.jpeg 945w, https:\/\/tucomarca.whitekongsoftware.com\/wp-content\/uploads\/2026\/09\/Higueruelas-564x381.jpeg 564w, https:\/\/tucomarca.whitekongsoftware.com\/wp-content\/uploads\/2026\/09\/Higueruelas-768x519.jpeg 768w\" sizes=\"auto, (max-width: 945px) 100vw, 945px\" \/><\/figure>\n\n\n\n<figure class=\"wp-block-image size-large\"><img loading=\"lazy\" decoding=\"async\" width=\"945\" height=\"638\" data-id=\"312355\" src=\"https:\/\/www.tucomarca.com\/wordpress\/segunda\/wp-content\/uploads\/2026\/09\/Alpuente.jpeg\" alt=\"\" class=\"wp-image-312355\" srcset=\"https:\/\/tucomarca.whitekongsoftware.com\/wp-content\/uploads\/2026\/09\/Alpuente.jpeg 945w, https:\/\/tucomarca.whitekongsoftware.com\/wp-content\/uploads\/2026\/09\/Alpuente-564x381.jpeg 564w, https:\/\/tucomarca.whitekongsoftware.com\/wp-content\/uploads\/2026\/09\/Alpuente-768x519.jpeg 768w\" sizes=\"auto, (max-width: 945px) 100vw, 945px\" \/><\/figure>\n\n\n\n<figure class=\"wp-block-image size-large\"><img loading=\"lazy\" decoding=\"async\" width=\"945\" height=\"545\" data-id=\"312359\" src=\"https:\/\/www.tucomarca.com\/wordpress\/segunda\/wp-content\/uploads\/2026\/09\/CeutaBetera.jpeg\" alt=\"\" class=\"wp-image-312359\" srcset=\"https:\/\/tucomarca.whitekongsoftware.com\/wp-content\/uploads\/2026\/09\/CeutaBetera.jpeg 945w, https:\/\/tucomarca.whitekongsoftware.com\/wp-content\/uploads\/2026\/09\/CeutaBetera-661x381.jpeg 661w, https:\/\/tucomarca.whitekongsoftware.com\/wp-content\/uploads\/2026\/09\/CeutaBetera-768x443.jpeg 768w\" sizes=\"auto, (max-width: 945px) 100vw, 945px\" \/><\/figure>\n<\/figure>\n","protected":false},"excerpt":{"rendered":"<div class=\"mh-excerpt\">La Federaci\u00f3 posa en valor la participaci\u00f3 dels pobles i ciutats valencians en l&#8217;acte convocat ahir per la FEMP. La Federaci\u00f3 Valenciana de Municipis i Prov\u00edncies (FVMP) vol posar en valor la resposta de nombrosos <a class=\"mh-excerpt-more\" href=\"https:\/\/tucomarca.whitekongsoftware.com\/ca\/la-fvmp-destaca-la-solidaritat-dels-municipis-de-linterior-de-la-comunitat-valenciana-amb-ceuta\/\" title=\"La FVMP destaca la solidaritat dels municipis de l&#8217;interior de la Comunitat Valenciana amb Ceuta\">[+] <\/a><\/div>\n","protected":false},"author":12,"featured_media":312358,"comment_status":"closed","ping_status":"open","sticky":false,"template":"","format":"gallery","meta":{"footnotes":""},"categories":[11044,10937,10892,11046,10898,11033,10948,10894,10904,10902,10947,10896,10897],"tags":[24817,12035],"class_list":["post-312365","post","type-post","status-publish","format-gallery","has-post-thumbnail","category-alpuente-ca","category-betera-ca","category-camp-de-turia-ca","category-los-serranos-ca","category-ventana-ca","category-higueruelas-ca","category-infraestructuras-ca","category-la-comarca-ca","category-sin-categorizar-ca","category-la-ribera-ca","category-politica","category-seccion-ca","category-sucesos-la-comarca-ca","tag-ceuta","tag-comunidad-valenciana-2-ca","post_format-post-format-gallery"],"_links":{"self":[{"href":"https:\/\/tucomarca.whitekongsoftware.com\/ca\/wp-json\/wp\/v2\/posts\/312365","targetHints":{"allow":["GET"]}}],"collection":[{"href":"https:\/\/tucomarca.whitekongsoftware.com\/ca\/wp-json\/wp\/v2\/posts"}],"about":[{"href":"https:\/\/tucomarca.whitekongsoftware.com\/ca\/wp-json\/wp\/v2\/types\/post"}],"author":[{"embeddable":true,"href":"https:\/\/tucomarca.whitekongsoftware.com\/ca\/wp-json\/wp\/v2\/users\/12"}],"replies":[{"embeddable":true,"href":"https:\/\/tucomarca.whitekongsoftware.com\/ca\/wp-json\/wp\/v2\/comments?post=312365"}],"version-history":[{"count":2,"href":"https:\/\/tucomarca.whitekongsoftware.com\/ca\/wp-json\/wp\/v2\/posts\/312365\/revisions"}],"predecessor-version":[{"id":312372,"href":"https:\/\/tucomarca.whitekongsoftware.com\/ca\/wp-json\/wp\/v2\/posts\/312365\/revisions\/312372"}],"wp:featuredmedia":[{"embeddable":true,"href":"https:\/\/tucomarca.whitekongsoftware.com\/ca\/wp-json\/wp\/v2\/media\/312358"}],"wp:attachment":[{"href":"https:\/\/tucomarca.whitekongsoftware.com\/ca\/wp-json\/wp\/v2\/media?parent=312365"}],"wp:term":[{"taxonomy":"category","embeddable":true,"href":"https:\/\/tucomarca.whitekongsoftware.com\/ca\/wp-json\/wp\/v2\/categories?post=312365"},{"taxonomy":"post_tag","embeddable":true,"href":"https:\/\/tucomarca.whitekongsoftware.com\/ca\/wp-json\/wp\/v2\/tags?post=312365"}],"curies":[{"name":"wp","href":"https:\/\/api.w.org\/{rel}","templated":true}]}}