{"id":312364,"date":"2026-09-03T09:30:00","date_gmt":"2026-09-03T07:30:00","guid":{"rendered":"https:\/\/www.tucomarca.com\/wordpress\/segunda\/?p=312364"},"modified":"2026-09-03T09:53:46","modified_gmt":"2026-09-03T07:53:46","slug":"mompo-se-suma-al-suport-dels-pobles-valencians-a-ceuta-estem-amb-la-ciutat-autonoma-perque-es-i-sera-espanyola","status":"publish","type":"post","link":"https:\/\/tucomarca.whitekongsoftware.com\/ca\/mompo-se-suma-al-suport-dels-pobles-valencians-a-ceuta-estem-amb-la-ciutat-autonoma-perque-es-i-sera-espanyola\/","title":{"rendered":"Momp\u00f3 se suma al suport dels pobles valencians a Ceuta: \u201cEstem amb la ciutat aut\u00f2noma perqu\u00e8 \u00e9s i ser\u00e0 espanyola\u201d"},"content":{"rendered":"\n<h3 class=\"wp-block-heading\">El president del PP de la prov\u00edncia de Val\u00e8ncia participa en la concentraci\u00f3 convocada per l&#8217;Ajuntament de Val\u00e8ncia, al costat de l&#8217;alcaldessa, Mar\u00eda Jos\u00e9 Catal\u00e1, el president de la Generalitat i altres representants municipals.<\/h3>\n\n\n\n<h3 class=\"wp-block-heading\">Acusa a Morant de \u201cdonar l&#8217;esquena als de Ceuta, amagar-se darrere d&#8217;insults i convertir una crisi en una batalla partidista\u201d.<\/h3>\n\n\n<div class=\"wp-block-image\">\n<figure class=\"alignleft size-full is-resized\"><img loading=\"lazy\" decoding=\"async\" width=\"945\" height=\"638\" src=\"https:\/\/www.tucomarca.com\/wordpress\/segunda\/wp-content\/uploads\/2026\/09\/MompoCatalaLlorca.jpg\" alt=\"\" class=\"wp-image-312354\" style=\"aspect-ratio:1.4811767870017334;width:346px;height:auto\" srcset=\"https:\/\/tucomarca.whitekongsoftware.com\/wp-content\/uploads\/2026\/09\/MompoCatalaLlorca.jpg 945w, https:\/\/tucomarca.whitekongsoftware.com\/wp-content\/uploads\/2026\/09\/MompoCatalaLlorca-564x381.jpg 564w, https:\/\/tucomarca.whitekongsoftware.com\/wp-content\/uploads\/2026\/09\/MompoCatalaLlorca-768x519.jpg 768w\" sizes=\"auto, (max-width: 945px) 100vw, 945px\" \/><\/figure>\n<\/div>\n\n\n<p class=\"wp-block-paragraph\">El Partit Popular de la prov\u00edncia de Val\u00e8ncia s&#8217;ha bolcat en els actes de suport a la ciutat aut\u00f2noma de Ceuta, que des del passat 30 de juliol travessa una situaci\u00f3 d&#8217;extrema tensi\u00f3 en els seus servicis p\u00fablics i en la seua vida quotidiana a conseq\u00fc\u00e8ncia de l&#8217;entrada massiva de migrants a trav\u00e9s de la frontera amb el Marroc. Els ajuntaments governats pel PP a la prov\u00edncia, aix\u00ed com nombrosos grups municipals populars, han convocat concentracions per a traslladar el seu suport als de Ceuta.<\/p>\n\n\n\n<p class=\"wp-block-paragraph\">El president del PP de la prov\u00edncia de Val\u00e8ncia, Vicent Momp\u00f3, ha participat en la concentraci\u00f3 de Val\u00e8ncia, on ha reivindicat que \u201cels valencians sabem perfectament el que significa que tota Espanya estiga al costat dels qui travessen una situaci\u00f3 dif\u00edcil\u201d. \u201cEstem amb Ceuta perqu\u00e8 Ceuta \u00e9s i ser\u00e0 espanyola. I quan uns espanyols estan patint, els valencians no mirem cap a un altre costat\u201d, ha afirmat Momp\u00f3.<\/p>\n\n\n\n<p class=\"wp-block-paragraph\">El l\u00edder provincial del PP ha advertit que \u201cel que est\u00e0 ocorrent a Ceuta no \u00e9s un problema local ni una q\u00fcesti\u00f3 partidista\u201d, sin\u00f3 \u201cuna situaci\u00f3 que afecta directament la seguretat, a la integritat territorial d&#8217;Espanya i a les fronteres de la Uni\u00f3 Europea\u201d. Per aix\u00f2, ha reclamat al Govern de Pedro S\u00e1nchez \u201cuna resposta ferma, immediata i a l&#8217;altura de la gravetat de la situaci\u00f3\u201d.<\/p>\n\n\n\n<p class=\"wp-block-paragraph\">Momp\u00f3 ha sigut especialment cr\u00edtic amb la secret\u00e0ria general del PSPV i ministra, Diana Morant, despr\u00e9s que haja rebutjat que el PSOE valenci\u00e0 secunde les concentracions de suport a Ceuta. \u201cDiana Morant ha decidit que defendre a Ceuta \u00e9s una q\u00fcesti\u00f3 de partits. Nosaltres creiem que defendre a Ceuta \u00e9s una q\u00fcesti\u00f3 de pa\u00eds\u201d, ha assenyalat Momp\u00f3.<\/p>\n\n\n\n<p class=\"wp-block-paragraph\">\u201cEl que hauria d&#8217;explicar Morant \u00e9s per qu\u00e8 el molesta que els valencians isquen al carrer per a fer costat a altres espanyols. Quin problema t\u00e9 que els valencians diguem alt i clar que Ceuta \u00e9s Espanya?\u201d, ha preguntat.<\/p>\n\n\n\n<p class=\"wp-block-paragraph\">El president provincial del PP considera \u201cespecialment greu\u201d que Morant \u201chaja preferit desqualificar al president de la Generalitat abans que dedicar una sola paraula als de Ceuta\u201d. \u201cMorant no vol parlar Ceuta; la seua obsessi\u00f3 \u00e9s el PP i atacar al PP. No ha vingut a defendre a espanyols; ha vingut a defendre a S\u00e1nchez\u201d, ha denunciat.<\/p>\n\n\n\n<p class=\"wp-block-paragraph\">Momp\u00f3 ha acusat la ministra de \u201camagar-se darrere de l&#8217;insult\u201d despr\u00e9s que qualificara de \u201cracista\u201d al president de la Generalitat. \u201cQuan no tenen arguments, insulten. Quan no saben qu\u00e8 dir davant una crisi, ataquen a l&#8217;adversari. I quan se&#8217;ls demana que estiguen amb Espanya, miren cap a un altre costat\u201d, ha afirmat. \u201cMentres Morant es dedica a insultar al president de la Generalitat i a desautoritzar les concentracions de solidaritat, els alcaldes i regidors valencians estan fent una cosa molt m\u00e9s \u00fatil que ella: estar al costat dels qui l&#8217;estan passant malament\u201d, ha afegit.<\/p>\n\n\n\n<p class=\"wp-block-paragraph\"><strong>\u201cAix\u00f2 dels \u2018ni\u00f1os rubios\u2019 \u00e9s indigne d&#8217;una ministra\u201d<\/strong><\/p>\n\n\n\n<p class=\"wp-block-paragraph\">Momp\u00f3 tamb\u00e9 ha carregat contra les declaracions de Morant en les quals va comparar l&#8217;acolliment de menors ucra\u00efnesos amb la situaci\u00f3 dels menors que es troben a Ceuta. \u201cUtilitzar el color de la pell o l&#8217;origen per a establir comparacions entre xiquets \u00e9s indigne d&#8217;una ministra. Els menors s\u00f3n menors, i precisament per aix\u00f2 no es pot convertir la seua situaci\u00f3 en una arma pol\u00edtica\u201d, ha ressaltat.<\/p>\n\n\n\n<p class=\"wp-block-paragraph\">Igualment, ha reclamat a Morant \u201cm\u00e9s responsabilitat i menys consignes partidistes\u201d. \u201cAc\u00ed no estem parlant d&#8217;esquerres o dretes. Estem parlant de Ceuta, d&#8217;Espanya i de l&#8217;obligaci\u00f3 de l&#8217;Estat de protegir les seues fronteres i garantir la seguretat dels seus ciutadans\u201d, ha subratllat.<\/p>\n\n\n\n<p class=\"wp-block-paragraph\"><strong>\u201cEls valencians han donat una lli\u00e7\u00f3 a Morant\u201d<\/strong><\/p>\n\n\n\n<p class=\"wp-block-paragraph\">Momp\u00f3 tamb\u00e9 ha destacat que la resposta dels ajuntaments valencians \u201cha deixat en evid\u00e8ncia la posici\u00f3 de Morant i del PSOE valenci\u00e0\u201d. \u201cMentres Morant desautoritza les concentracions des d&#8217;un despatx, les valencianes i els valencians estan eixint a les places amb els seus ve\u00efns per a dir-los als de Ceuta que no estan sols\u201d, ha afirmat.<\/p>\n\n\n\n<p class=\"wp-block-paragraph\">\u201cI el m\u00e9s significatiu \u00e9s que fins i tot hi ha representants socialistes que han ent\u00e9s alguna cosa que Diana Morant sembla no entendre: que quan Espanya est\u00e0 en joc, no cal preguntar de quin partit \u00e9s el que necessita ajuda\u201d, ha afegit.<\/p>\n\n\n\n<p class=\"wp-block-paragraph\">Per aix\u00f2, Momp\u00f3 ha llan\u00e7at un missatge directe a la ministra: \u201cDiana Morant hauria d&#8217;escoltar un poc m\u00e9s als valencians i als seus propis alcaldes i preocupar-se un poc menys d&#8217;obeir a Ferraz\u201d. \u201cEls valencians no necessitem que Morant ens done lli\u00e7ons de solidaritat. La solidaritat es demostra sent ac\u00ed, no donant excuses per a no estar\u201d, ha sentenciat.<\/p>\n\n\n\n<p class=\"wp-block-paragraph\">Finalment, el president provincial del PP tamb\u00e9 ha considerat un \u201ccontrasentit\u201d que Pedro S\u00e1nchez \u201ccontinue defenent al Marroc mentres els de Ceuta suporten una situaci\u00f3 que es prolonga durant setmanes\u201d. Momp\u00f3 ha criticat que \u201cmentres Pedro S\u00e1nchez considera que t\u00e9 dret a estar de vacacions, els de Ceuta no tenen dret ni tan sols a viure amb normalitat\u201d.<\/p>\n\n\n\n<p class=\"wp-block-paragraph\">A m\u00e9s, ha agra\u00eft als de Ceuta \u201cla seua paci\u00e8ncia i fortalesa\u201d i als professionals p\u00fablics \u201cel seu enorme treball\u201d durant estes setmanes. \u201cCeuta no est\u00e0 sola. Els valencians estem amb Ceuta. I enfront dels qui insulten, s&#8217;amaguen o miren cap a un altre costat, nosaltres continuarem estant on creiem que cal estar: al costat dels espanyols que necessiten que Espanya els defenga\u201d, ha concl\u00f2s.<\/p>\n","protected":false},"excerpt":{"rendered":"<div class=\"mh-excerpt\">El president del PP de la prov\u00edncia de Val\u00e8ncia participa en la concentraci\u00f3 convocada per l&#8217;Ajuntament de Val\u00e8ncia, al costat de l&#8217;alcaldessa, Mar\u00eda Jos\u00e9 Catal\u00e1, el president de la Generalitat i altres representants municipals. Acusa <a class=\"mh-excerpt-more\" href=\"https:\/\/tucomarca.whitekongsoftware.com\/ca\/mompo-se-suma-al-suport-dels-pobles-valencians-a-ceuta-estem-amb-la-ciutat-autonoma-perque-es-i-sera-espanyola\/\" title=\"Momp\u00f3 se suma al suport dels pobles valencians a Ceuta: \u201cEstem amb la ciutat aut\u00f2noma perqu\u00e8 \u00e9s i ser\u00e0 espanyola\u201d\">[+] <\/a><\/div>\n","protected":false},"author":1,"featured_media":312352,"comment_status":"closed","ping_status":"open","sticky":false,"template":"","format":"standard","meta":{"footnotes":""},"categories":[10898,10948,10894,10904,10947,10896,10897],"tags":[24817,11199],"class_list":["post-312364","post","type-post","status-publish","format-standard","has-post-thumbnail","category-ventana-ca","category-infraestructuras-ca","category-la-comarca-ca","category-sin-categorizar-ca","category-politica","category-seccion-ca","category-sucesos-la-comarca-ca","tag-ceuta","tag-la-comunitat-ca"],"_links":{"self":[{"href":"https:\/\/tucomarca.whitekongsoftware.com\/ca\/wp-json\/wp\/v2\/posts\/312364","targetHints":{"allow":["GET"]}}],"collection":[{"href":"https:\/\/tucomarca.whitekongsoftware.com\/ca\/wp-json\/wp\/v2\/posts"}],"about":[{"href":"https:\/\/tucomarca.whitekongsoftware.com\/ca\/wp-json\/wp\/v2\/types\/post"}],"author":[{"embeddable":true,"href":"https:\/\/tucomarca.whitekongsoftware.com\/ca\/wp-json\/wp\/v2\/users\/1"}],"replies":[{"embeddable":true,"href":"https:\/\/tucomarca.whitekongsoftware.com\/ca\/wp-json\/wp\/v2\/comments?post=312364"}],"version-history":[{"count":2,"href":"https:\/\/tucomarca.whitekongsoftware.com\/ca\/wp-json\/wp\/v2\/posts\/312364\/revisions"}],"predecessor-version":[{"id":312368,"href":"https:\/\/tucomarca.whitekongsoftware.com\/ca\/wp-json\/wp\/v2\/posts\/312364\/revisions\/312368"}],"wp:featuredmedia":[{"embeddable":true,"href":"https:\/\/tucomarca.whitekongsoftware.com\/ca\/wp-json\/wp\/v2\/media\/312352"}],"wp:attachment":[{"href":"https:\/\/tucomarca.whitekongsoftware.com\/ca\/wp-json\/wp\/v2\/media?parent=312364"}],"wp:term":[{"taxonomy":"category","embeddable":true,"href":"https:\/\/tucomarca.whitekongsoftware.com\/ca\/wp-json\/wp\/v2\/categories?post=312364"},{"taxonomy":"post_tag","embeddable":true,"href":"https:\/\/tucomarca.whitekongsoftware.com\/ca\/wp-json\/wp\/v2\/tags?post=312364"}],"curies":[{"name":"wp","href":"https:\/\/api.w.org\/{rel}","templated":true}]}}