{"id":312325,"date":"2026-09-02T11:33:00","date_gmt":"2026-09-02T09:33:00","guid":{"rendered":"https:\/\/www.tucomarca.com\/wordpress\/segunda\/?p=312325"},"modified":"2026-09-02T19:27:31","modified_gmt":"2026-09-02T17:27:31","slug":"natalia-enguix-la-politica-de-memoria-de-la-diputacio-recuperara-tambe-la-historia-de-lexili-valencia-a-mexic","status":"publish","type":"post","link":"https:\/\/tucomarca.whitekongsoftware.com\/ca\/natalia-enguix-la-politica-de-memoria-de-la-diputacio-recuperara-tambe-la-historia-de-lexili-valencia-a-mexic\/","title":{"rendered":"Nat\u00e0lia Enguix: \u201cLa pol\u00edtica de mem\u00f2ria de la Diputaci\u00f3 recuperar\u00e0 tamb\u00e9 la hist\u00f2ria de l&#8217;exili valenci\u00e0 a M\u00e8xic\u201d"},"content":{"rendered":"\n<h3 class=\"wp-block-heading\"><strong>La vicepresidenta primera participa en l&#8217;obertura de les jornades internacionals sobre exili i mem\u00f2ria democr\u00e0tica en l&#8217;Ateneo Espa\u00f1ol de M\u00e9xico<\/strong>.<\/h3>\n\n\n\n<h3 class=\"wp-block-heading\"><strong>Enguix reivindica l&#8217;evoluci\u00f3 de les pol\u00edtiques de la Diputaci\u00f3, que al costat de la recuperaci\u00f3 i identificaci\u00f3 de v\u00edctimes incorporen investigaci\u00f3, divulgaci\u00f3 i educaci\u00f3<\/strong>.<\/h3>\n\n\n\n<p class=\"wp-block-paragraph\">La vicepresidenta primera de la Diputaci\u00f3 de Val\u00e8ncia i responsable de Mem\u00f2ria Democr\u00e0tica, Nat\u00e0lia Enguix, ha def\u00e9s este dimarts a Ciutat de M\u00e8xic que la pol\u00edtica de mem\u00f2ria de la Diputaci\u00f3 ha de recuperar tamb\u00e9 la hist\u00f2ria de l&#8217;exili valenci\u00e0 a M\u00e8xic. L&#8217;Ateneo Espa\u00f1ol de M\u00e9xico ha acollit l&#8217;obertura de les jornades internacionals \u2018Del refugi espanyol republic\u00e0 a les expulsions contempor\u00e0nies: Exilis, mem\u00f2ria democr\u00e0tica i mobilitats for\u00e7ades\u2019, que ha reunit a la Sala Mar\u00eda Zambrano a desenes de persones per a abordar la mem\u00f2ria democr\u00e0tica, l&#8217;exili i les diferents formes de despla\u00e7ament for\u00e7at. Durant l&#8217;acte, Enguix ha explicat l&#8217;evoluci\u00f3 de les pol\u00edtiques de mem\u00f2ria democr\u00e0tica de la instituci\u00f3 i la seua aposta per la investigaci\u00f3, la divulgaci\u00f3 i l&#8217;educaci\u00f3.<\/p>\n\n\n\n<p class=\"wp-block-paragraph\">En l&#8217;acte inaugural, Enguix ha compartit taula amb el president de l&#8217;Ateneo Espa\u00f1ol de M\u00e9xico, Juan Luis Bonilla Rius; el director de la Divisi\u00f3n de Humanidades y Comunicaci\u00f3n de la Universidad Iberoamericana, Joseba Buj Corrals, i el coordinador de la C\u00e1tedra M\u00e9xico-Espa\u00f1a de El Colegio de M\u00e9xico, Pablo Yankelevich. Entre les persones presents es trobava tamb\u00e9 Ester Alba, vicerectora de Cultura i Esports de la Universitat de Val\u00e8ncia i directora acad\u00e8mica de la C\u00e0tedra de l&#8217;Exili Republic\u00e0 Espanyol.<\/p>\n\n\n\n<p class=\"wp-block-paragraph\">Durant la seua intervenci\u00f3, Enguix ha explicat que la pol\u00edtica de mem\u00f2ria de la Diputaci\u00f3 no es limita ja a localitzar, exhumar i identificar v\u00edctimes, sin\u00f3 que incorpora tamb\u00e9 la investigaci\u00f3 i la divulgaci\u00f3 de les seues hist\u00f2ries. La vicepresidenta ha def\u00e9s que \u201crecuperar una fossa, identificar a una v\u00edctima o conservar un document continua sent imprescindible\u201d, per\u00f2 ha advertit que \u201cno \u00e9s el final del cam\u00ed\u201d, perqu\u00e8 \u201ccal investigar eixes hist\u00f2ries i aconseguir que arriben a la gent\u201d.&nbsp;<\/p>\n\n\n\n<p class=\"wp-block-paragraph\">Enguix ha explicat tamb\u00e9 que la Diputaci\u00f3 porta prop d&#8217;una d\u00e8cada treballant en l&#8217;exhumaci\u00f3 de fosses i que el cementeri de Paterna mant\u00e9 encara persones pendents d&#8217;identificaci\u00f3. La vicepresidenta ha situat este treball dins d&#8217;una pol\u00edtica m\u00e9s \u00e0mplia, en la qual, al costat de la recuperaci\u00f3 i identificaci\u00f3 de les v\u00edctimes, s&#8217;han refor\u00e7at la investigaci\u00f3 i la divulgaci\u00f3 per a con\u00e9ixer qui eren eixes persones i qu\u00e8 va oc\u00f3rrer amb elles.&nbsp;<\/p>\n\n\n\n<p class=\"wp-block-paragraph\">L&#8217;educaci\u00f3 i la joventut han ocupat una part central de la seua intervenci\u00f3, en connexi\u00f3 amb la transmissi\u00f3 intergeneracional de la mem\u00f2ria, un dels assumptes que aborda el congr\u00e9s. Enguix ha plantejat la pregunta de \u201cqui conservar\u00e0 i contar totes eixes hist\u00f2ries quan els qui les van viure ja no estiguen?\u201d i ha situat la resposta en les noves generacions: \u201cLa resposta passa per la joventut\u201d.&nbsp;<\/p>\n\n\n\n<p class=\"wp-block-paragraph\">Per a Enguix, esta transmissi\u00f3 ja s&#8217;est\u00e0 treballant des de la Diputaci\u00f3 a trav\u00e9s de Mem\u00f2ria a l\u2019Escola, un programa en el qual l&#8217;alumnat investiga la mem\u00f2ria del seu propi entorn; Mem\u00f2ria a les Biblioteques, que ha portat lots de llibres a 250 municipis; i els Laboratoris de Democr\u00e0cia, desenvolupats al costat de la Fundaci\u00f3 Baltasar Garz\u00f3n per a treballar amb j\u00f3vens q\u00fcestions relacionades amb la mem\u00f2ria, la just\u00edcia, la pau, la llibertat i els drets humans. Tamb\u00e9 ha destacat la segona edici\u00f3 del premi Mar\u00eda la Jabalina, dirigida a estudiants universitaris i j\u00f3vens graduats menors de 30 anys. En paraules de la vicepresidenta, \u201cno volem una mem\u00f2ria guardada en els arxius ni reservada als especialistes. La volem discutida, compartida i transmesa\u201d.&nbsp;<\/p>\n\n\n\n<p class=\"wp-block-paragraph\">Enguix ha vinculat esta necessitat de transmissi\u00f3 amb la recuperaci\u00f3 de la hist\u00f2ria de l&#8217;exili republic\u00e0 valenci\u00e0 a M\u00e8xic. La vicepresidenta ha explicat que recuperar esta mem\u00f2ria permet \u201cparlar ac\u00ed, a M\u00e8xic, d&#8217;una part de la nostra pr\u00f2pia hist\u00f2ria\u201d, ja que \u201cmilers de republicans i republicanes espanyols van trobar refugi en este pa\u00eds despr\u00e9s de la Guerra Civil\u201d. A partir d&#8217;ac\u00ed, ha def\u00e9s la necessitat d&#8217;investigar les traject\u00f2ries dels qui van haver d&#8217;abandonar Val\u00e8ncia i van reconstruir les seues vides a M\u00e8xic.<\/p>\n\n\n\n<p class=\"wp-block-paragraph\"><strong>Les altres veus&nbsp;<\/strong><\/p>\n\n\n\n<p class=\"wp-block-paragraph\">El president de l&#8217;Ateneo Espa\u00f1ol de M\u00e9xico, Juan Luis Bonilla Rius, ha reivindicat la necessitat de posar rostre a les experi\u00e8ncies de l&#8217;exili i ha recordat que \u201cdarrere de la paraula refugiat, hi ha una persona; darrere d&#8217;un moviment for\u00e7at, hi ha una fam\u00edlia\u201d. Bonilla tamb\u00e9 ha destacat que els qui van arribar a M\u00e8xic no ho van fer \u00fanicament amb les seues pertinences, sin\u00f3 tamb\u00e9 amb els seus coneixements, que van contribuir a generar nous espais d&#8217;intercanvi al pa\u00eds.<\/p>\n\n\n\n<p class=\"wp-block-paragraph\">Per part seua, Joseba Buj Corrals ha destacat la relaci\u00f3 hist\u00f2rica de la Universidad Iberoamericana amb l&#8217;exili espanyol, amb professors les traject\u00f2ries familiars dels quals estan vinculades a les conseq\u00fc\u00e8ncies de la Guerra Civil, i ha situat estes jornades com una oportunitat per a abordar l&#8217;exili espanyol com a \u201cparadigma cr\u00edtic\u201d davant determinades viol\u00e8ncies i la precaritzaci\u00f3 de la vida que continuen produint-se en l&#8217;actualitat.<\/p>\n\n\n\n<p class=\"wp-block-paragraph\">Pablo Yankelevich ha explicat que les jornades partixen de la commemoraci\u00f3 del 90 aniversari de l&#8217;inici de la Guerra Civil espanyola i de la col\u00b7laboraci\u00f3 entre les institucions organitzadores per a abordar l&#8217;exili espanyol al costat d&#8217;altres experi\u00e8ncies de despla\u00e7ament i refugi. Entre elles ha citat l&#8217;exili guatemalenc a M\u00e8xic, el siri\u00e0 a Alemanya o el palest\u00ed a Espanya, amb l&#8217;objectiu de posar en conversa el passat i el present.<\/p>\n\n\n\n<p class=\"wp-block-paragraph\"><strong>Projecte de la Diputaci\u00f3<\/strong><\/p>\n\n\n\n<p class=\"wp-block-paragraph\">En el marc de les jornades tamb\u00e9 s&#8217;exhibix l&#8217;exposici\u00f3 \u2018Roses de Paterna\u2019, una proposta vinculada a la mem\u00f2ria de l&#8217;exili i la repressi\u00f3, per\u00f2 independent del projecte d&#8217;Eva M\u00e1\u00f1ez. Aix\u00ed mateix, la Diputaci\u00f3 de Val\u00e8ncia col\u00b7labora al costat de la fotoperiodista en un projecte per a recuperar i donar a con\u00e9ixer la vida dels valencians i valencianes que es van exiliar a M\u00e8xic a conseq\u00fc\u00e8ncia del conflicte b\u00e8l\u00b7lic, a trav\u00e9s de testimoniatges i de la documentaci\u00f3 d&#8217;aquells llocs en els quals encara es conserva la mem\u00f2ria dels qui van haver d&#8217;abandonar la seua terra.<\/p>\n\n\n\n<p class=\"wp-block-paragraph\">El treball de M\u00e1\u00f1ez, segons ha explicat Enguix, permetr\u00e0 \u201cpassar de les grans dades de l&#8217;exili a les hist\u00f2ries personals, a les fam\u00edlies i als llocs en els quals aquelles persones van viure i van treballar\u201d. La Diputaci\u00f3 donar\u00e0 continu\u00eftat a la investigaci\u00f3 mitjan\u00e7ant l&#8217;edici\u00f3 d&#8217;una publicaci\u00f3 i el seu posterior trasllat a una exposici\u00f3 a Val\u00e8ncia, acostant aix\u00ed els seus resultats a la ciutadania valenciana.<\/p>\n","protected":false},"excerpt":{"rendered":"<div class=\"mh-excerpt\">La vicepresidenta primera participa en l&#8217;obertura de les jornades internacionals sobre exili i mem\u00f2ria democr\u00e0tica en l&#8217;Ateneo Espa\u00f1ol de M\u00e9xico. Enguix reivindica l&#8217;evoluci\u00f3 de les pol\u00edtiques de la Diputaci\u00f3, que al costat de la recuperaci\u00f3 <a class=\"mh-excerpt-more\" href=\"https:\/\/tucomarca.whitekongsoftware.com\/ca\/natalia-enguix-la-politica-de-memoria-de-la-diputacio-recuperara-tambe-la-historia-de-lexili-valencia-a-mexic\/\" title=\"Nat\u00e0lia Enguix: \u201cLa pol\u00edtica de mem\u00f2ria de la Diputaci\u00f3 recuperar\u00e0 tamb\u00e9 la hist\u00f2ria de l&#8217;exili valenci\u00e0 a M\u00e8xic\u201d\">[+] <\/a><\/div>\n","protected":false},"author":13,"featured_media":312321,"comment_status":"closed","ping_status":"open","sticky":false,"template":"","format":"standard","meta":{"footnotes":""},"categories":[10898,10948,10894,10904,10947,10896],"tags":[11246,11199,16620],"class_list":["post-312325","post","type-post","status-publish","format-standard","has-post-thumbnail","category-ventana-ca","category-infraestructuras-ca","category-la-comarca-ca","category-sin-categorizar-ca","category-politica","category-seccion-ca","tag-diputacio-de-valencia-ca","tag-la-comunitat-ca","tag-memoria-democratica-ca"],"_links":{"self":[{"href":"https:\/\/tucomarca.whitekongsoftware.com\/ca\/wp-json\/wp\/v2\/posts\/312325","targetHints":{"allow":["GET"]}}],"collection":[{"href":"https:\/\/tucomarca.whitekongsoftware.com\/ca\/wp-json\/wp\/v2\/posts"}],"about":[{"href":"https:\/\/tucomarca.whitekongsoftware.com\/ca\/wp-json\/wp\/v2\/types\/post"}],"author":[{"embeddable":true,"href":"https:\/\/tucomarca.whitekongsoftware.com\/ca\/wp-json\/wp\/v2\/users\/13"}],"replies":[{"embeddable":true,"href":"https:\/\/tucomarca.whitekongsoftware.com\/ca\/wp-json\/wp\/v2\/comments?post=312325"}],"version-history":[{"count":1,"href":"https:\/\/tucomarca.whitekongsoftware.com\/ca\/wp-json\/wp\/v2\/posts\/312325\/revisions"}],"predecessor-version":[{"id":312326,"href":"https:\/\/tucomarca.whitekongsoftware.com\/ca\/wp-json\/wp\/v2\/posts\/312325\/revisions\/312326"}],"wp:featuredmedia":[{"embeddable":true,"href":"https:\/\/tucomarca.whitekongsoftware.com\/ca\/wp-json\/wp\/v2\/media\/312321"}],"wp:attachment":[{"href":"https:\/\/tucomarca.whitekongsoftware.com\/ca\/wp-json\/wp\/v2\/media?parent=312325"}],"wp:term":[{"taxonomy":"category","embeddable":true,"href":"https:\/\/tucomarca.whitekongsoftware.com\/ca\/wp-json\/wp\/v2\/categories?post=312325"},{"taxonomy":"post_tag","embeddable":true,"href":"https:\/\/tucomarca.whitekongsoftware.com\/ca\/wp-json\/wp\/v2\/tags?post=312325"}],"curies":[{"name":"wp","href":"https:\/\/api.w.org\/{rel}","templated":true}]}}