{"id":312291,"date":"2026-09-02T11:30:00","date_gmt":"2026-09-02T09:30:00","guid":{"rendered":"https:\/\/www.tucomarca.com\/wordpress\/segunda\/?p=312291"},"modified":"2026-09-02T18:44:07","modified_gmt":"2026-09-02T16:44:07","slug":"la-diputacio-transforma-una-interseccio-de-la-cv-424-a-godelleta-en-una-nova-glorieta-per-a-millorar-la-seguretat-viaria","status":"publish","type":"post","link":"https:\/\/tucomarca.whitekongsoftware.com\/ca\/la-diputacio-transforma-una-interseccio-de-la-cv-424-a-godelleta-en-una-nova-glorieta-per-a-millorar-la-seguretat-viaria\/","title":{"rendered":"La Diputaci\u00f3 transforma una intersecci\u00f3 de la CV-424 a Godelleta en una nova glorieta per a millorar la seguretat vi\u00e0ria"},"content":{"rendered":"\n<h3 class=\"wp-block-heading\"><strong>L&#8217;actuaci\u00f3 ordena els moviments del tr\u00e0nsit en un tram que registra m\u00e9s de 1.000 vehicles diaris en una carretera d&#8217;especial rellev\u00e0ncia per a la comarca de la Hoya de Bu\u00f1ol<\/strong>.<\/h3>\n\n\n\n<h3 class=\"wp-block-heading\"><strong>Els treballs inclouen la renovaci\u00f3 de prop de 500 metres de ferm i la millora del pas de vianants d&#8217;acc\u00e9s al CEIP Enrique Tierno Galv\u00e1n<\/strong>.<\/h3>\n\n\n\n<p class=\"wp-block-paragraph\">La Diputaci\u00f3 de Val\u00e8ncia, a trav\u00e9s de l&#8217;\u00c0rea de Carreteres que dirigix Reme Mazzolari, ha completat una actuaci\u00f3 de millora de la seguretat vi\u00e0ria i de les condicions de circulaci\u00f3 en la CV-424, a Godelleta, la qual t\u00e9 com a principal intervenci\u00f3 la transformaci\u00f3 d&#8217;una intersecci\u00f3 del nucli urb\u00e0 en una nova glorieta.<\/p>\n\n\n\n<p class=\"wp-block-paragraph\">Els treballs s&#8217;han desenvolupat principalment entre els punts quilom\u00e8trics 11+800 i 11+850 de la CV-424, una carretera de titularitat provincial que comunica Chiva, Godelleta y Bu\u00f1ol i constitu\u00efx una de les vies de comunicaci\u00f3 de la comarca de la Hoya de Bu\u00f1ol.<\/p>\n\n\n\n<p class=\"wp-block-paragraph\">La transformaci\u00f3 de la intersecci\u00f3 en una glorieta permet ordenar millor els diferents moviments de tr\u00e0nsit i millorar les condicions de seguretat en un punt situat dins de l&#8217;entorn urb\u00e0 de Godelleta.<\/p>\n\n\n\n<p class=\"wp-block-paragraph\">La nova glorieta compta amb un carril de circulaci\u00f3 de set metres d&#8217;ampl\u00e0ria. Per a la seua construcci\u00f3 s&#8217;ha ampliat la plataforma de la carretera, s&#8217;han instal\u00b7lat nous rastells i s&#8217;han condicionat les voreres, incorporant paviment t\u00e0ctil i connectant-les amb els itineraris per als vianants existents.<\/p>\n\n\n\n<p class=\"wp-block-paragraph\">Els treballs s&#8217;han completat amb millores en l&#8217;evacuaci\u00f3 de l&#8217;aigua de pluja, la renovaci\u00f3 del paviment en el conjunt de l&#8217;actuaci\u00f3 i l&#8217;actualitzaci\u00f3 de la senyalitzaci\u00f3 horitzontal i vertical.<\/p>\n\n\n\n<p class=\"wp-block-paragraph\">La diputada de Carreteres, Reme Mazzolari, destaca que &#8220;la transformaci\u00f3 d&#8217;una intersecci\u00f3 convencional en una glorieta permet ordenar millor els moviments dels vehicles, moderar la velocitat i reduir els punts de conflicte, fent m\u00e9s segur i fluid el pas per este entorn urb\u00e0&#8221;.<\/p>\n\n\n\n<p class=\"wp-block-paragraph\">Este tram de la CV-424 registra una intensitat mitjana di\u00e0ria de 1.096 vehicles, segons les dades corresponents a 2025, dels quals un 2,48 % s\u00f3n vehicles pesants.<\/p>\n\n\n\n<p class=\"wp-block-paragraph\"><strong>Millora del ferm i de l&#8217;acc\u00e9s al col\u00b7legi<\/strong><\/p>\n\n\n\n<p class=\"wp-block-paragraph\">Dins de la intervenci\u00f3 de la Diputaci\u00f3 en este itinerari tamb\u00e9 s&#8217;ha renovat el ferm de la CV-424 entre els punts quilom\u00e8trics 11+420 i 11+915. Els treballs comprenen l&#8217;asfaltatge del pont sobre el barranc del Murtal, la glorieta d&#8217;enlla\u00e7 de la CV-424 amb la CV-50 i el tram compr\u00e9s entre esta intersecci\u00f3 i la glorieta urbana situada en el PK 11+915.<\/p>\n\n\n\n<p class=\"wp-block-paragraph\">Aix\u00ed mateix, s&#8217;ha millorat la seguretat dels vianants mitjan\u00e7ant la reubicaci\u00f3 d&#8217;un pas de vianants elevat, que s&#8217;ha traslladat a un empla\u00e7ament m\u00e9s adequat per als despla\u00e7aments a peu i, especialment, per a facilitar l&#8217;acc\u00e9s al CEIP Enrique Tierno Galv\u00e1n de l&#8217;alumnat i de les fam\u00edlies que l&#8217;acompanyen al centre educatiu.<\/p>\n\n\n\n<p class=\"wp-block-paragraph\">L&#8217;actuaci\u00f3 permet aix\u00ed millorar els itineraris per als vianants en este entorn urb\u00e0 i compatibilitzar d&#8217;una manera m\u00e9s segura la circulaci\u00f3 de vehicles per la CV-424 amb els despla\u00e7aments a peu vinculats al col\u00b7legi.<\/p>\n\n\n\n<p class=\"wp-block-paragraph\">En este sentit, la vicepresidenta Mazzolari subratlla que &#8220;l&#8217;actuaci\u00f3 global sobre esta carretera no es limita al tr\u00e0nsit rodat: la millora i reubicaci\u00f3 del pas de vianants elevat facilita un acc\u00e9s m\u00e9s segur al col\u00b7legi per als xiquets i xiquetes i per a les fam\u00edlies que els acompanyen cada dia&#8221;.<\/p>\n\n\n\n<p class=\"wp-block-paragraph\">Per la seua part, l&#8217;alcaldessa de Godelleta, Amparo Pardo, valora &#8220;molt positivament&#8221; l&#8217;actuaci\u00f3 i destaca especialment els seus efectes en l&#8217;entorn escolar. &#8220;\u00c9s una millora directa per a l&#8217;alumnat i les fam\u00edlies que accedixen cada dia al CEIP Enrique Tierno Galv\u00e1n&#8221;, assenyala Pardo, qui agra\u00efx &#8220;la col\u00b7laboraci\u00f3 de la Diputaci\u00f3 en una actuaci\u00f3 que respon a una necessitat important del municipi&#8221;.<\/p>\n\n\n\n<p class=\"wp-block-paragraph\">En conjunt, els treballs afecten prop de 500 metres de la CV-424 i han suposat una inversi\u00f3 de m\u00e9s de 217.000 euros, tant per a la construcci\u00f3 de la nova glorieta com per a la renovaci\u00f3 del ferm i la resta d&#8217;actuacions de millora de la seguretat vi\u00e0ria i dels vianants.<\/p>\n\n\n\n<p class=\"wp-block-paragraph\"><\/p>\n","protected":false},"excerpt":{"rendered":"<div class=\"mh-excerpt\">L&#8217;actuaci\u00f3 ordena els moviments del tr\u00e0nsit en un tram que registra m\u00e9s de 1.000 vehicles diaris en una carretera d&#8217;especial rellev\u00e0ncia per a la comarca de la Hoya de Bu\u00f1ol. Els treballs inclouen la renovaci\u00f3 <a class=\"mh-excerpt-more\" href=\"https:\/\/tucomarca.whitekongsoftware.com\/ca\/la-diputacio-transforma-una-interseccio-de-la-cv-424-a-godelleta-en-una-nova-glorieta-per-a-millorar-la-seguretat-viaria\/\" title=\"La Diputaci\u00f3 transforma una intersecci\u00f3 de la CV-424 a Godelleta en una nova glorieta per a millorar la seguretat vi\u00e0ria\">[+] <\/a><\/div>\n","protected":false},"author":13,"featured_media":312289,"comment_status":"closed","ping_status":"open","sticky":false,"template":"","format":"standard","meta":{"footnotes":""},"categories":[10898,10977,10948,10894,10912,10947,10896],"tags":[11246,11087,12903,10914],"class_list":["post-312291","post","type-post","status-publish","format-standard","has-post-thumbnail","category-ventana-ca","category-godelleta-ca","category-infraestructuras-ca","category-la-comarca-ca","category-la-hoya-ca","category-politica","category-seccion-ca","tag-diputacio-de-valencia-ca","tag-godelleta-ca","tag-infraestructuras-ca","tag-la-hoya-de-bunol-chiva-ca"],"_links":{"self":[{"href":"https:\/\/tucomarca.whitekongsoftware.com\/ca\/wp-json\/wp\/v2\/posts\/312291","targetHints":{"allow":["GET"]}}],"collection":[{"href":"https:\/\/tucomarca.whitekongsoftware.com\/ca\/wp-json\/wp\/v2\/posts"}],"about":[{"href":"https:\/\/tucomarca.whitekongsoftware.com\/ca\/wp-json\/wp\/v2\/types\/post"}],"author":[{"embeddable":true,"href":"https:\/\/tucomarca.whitekongsoftware.com\/ca\/wp-json\/wp\/v2\/users\/13"}],"replies":[{"embeddable":true,"href":"https:\/\/tucomarca.whitekongsoftware.com\/ca\/wp-json\/wp\/v2\/comments?post=312291"}],"version-history":[{"count":2,"href":"https:\/\/tucomarca.whitekongsoftware.com\/ca\/wp-json\/wp\/v2\/posts\/312291\/revisions"}],"predecessor-version":[{"id":312303,"href":"https:\/\/tucomarca.whitekongsoftware.com\/ca\/wp-json\/wp\/v2\/posts\/312291\/revisions\/312303"}],"wp:featuredmedia":[{"embeddable":true,"href":"https:\/\/tucomarca.whitekongsoftware.com\/ca\/wp-json\/wp\/v2\/media\/312289"}],"wp:attachment":[{"href":"https:\/\/tucomarca.whitekongsoftware.com\/ca\/wp-json\/wp\/v2\/media?parent=312291"}],"wp:term":[{"taxonomy":"category","embeddable":true,"href":"https:\/\/tucomarca.whitekongsoftware.com\/ca\/wp-json\/wp\/v2\/categories?post=312291"},{"taxonomy":"post_tag","embeddable":true,"href":"https:\/\/tucomarca.whitekongsoftware.com\/ca\/wp-json\/wp\/v2\/tags?post=312291"}],"curies":[{"name":"wp","href":"https:\/\/api.w.org\/{rel}","templated":true}]}}