{"id":312258,"date":"2026-09-02T11:50:00","date_gmt":"2026-09-02T09:50:00","guid":{"rendered":"https:\/\/www.tucomarca.com\/wordpress\/segunda\/?p=312258"},"modified":"2026-09-02T18:47:34","modified_gmt":"2026-09-02T16:47:34","slug":"la-fvmp-demana-una-reunio-urgent-amb-la-chj-aixi-com-amb-les-confederacions-hidrografiques-del-segura-i-de-lebre-per-a-abordar-lestat-dels-llits-davant-la-proximitat-de-lepoca-de-pluges","status":"publish","type":"post","link":"https:\/\/tucomarca.whitekongsoftware.com\/ca\/la-fvmp-demana-una-reunio-urgent-amb-la-chj-aixi-com-amb-les-confederacions-hidrografiques-del-segura-i-de-lebre-per-a-abordar-lestat-dels-llits-davant-la-proximitat-de-lepoca-de-pluges\/","title":{"rendered":"La FVMP demana una reuni\u00f3 urgent amb la CHJ aix\u00ed com amb les Confederacions Hidrogr\u00e0fiques del Segura i de l&#8217;Ebre per a abordar l&#8217;estat dels llits davant la proximitat de l&#8217;\u00e8poca de pluges"},"content":{"rendered":"\n<h3 class=\"wp-block-heading\">L&#8217;entitat municipalista assenyala que la seguretat ciutadana ha de prevaldre sobre debats competencials o jurisprudencials.<\/h3>\n\n\n\n<p class=\"wp-block-paragraph\">La Federaci\u00f3 Valenciana de Municipis i Prov\u00edncies (FVMP), a trav\u00e9s de la seua presidenta, Paqui Bartual, ha rem\u00e9s hui una carta a la Confederaci\u00f3 Hidrogr\u00e0fica de X\u00faquer (CHJ) en resposta a la missiva enviada el passat 31 d&#8217;agost pel seu president, Miguel Polo. Bartual sol\u00b7licita una \u201creuni\u00f3 urgent de coordinaci\u00f3 abans de l&#8217;inici de la temporada de pluges, fixant per a aix\u00f2 una data certa\u201d.&nbsp;<\/p>\n\n\n\n<p class=\"wp-block-paragraph\">Aix\u00ed mateix, en resposta a la carta de Polo, la presidenta de la FVMP ha afegit que \u201cla seguretat dels nostres municipis \u00e9s una prioritat absoluta que ha de prevaldre sobre qualsevol controv\u00e8rsia o debat jur\u00eddic\u201d. Bartual ha lamentat aix\u00ed mateix que la resposta de la CHJ \u201cno respon a la inquietud real dels ajuntaments\u201d i \u201comet qualsevol diagn\u00f2stic t\u00e8cnic sobre l&#8217;estat actual del llit\u201d. Afig que la carta de la CHJ eludeix fixar un calendari d&#8217;actuacions concretes, per la qual cosa la presidenta ha insistit a fixar la data de la reuni\u00f3.&nbsp;<\/p>\n\n\n\n<p class=\"wp-block-paragraph\">Aquesta petici\u00f3 s&#8217;ha fet extensiva a la Confederaci\u00f3 Hidrogr\u00e0fica del Segura (CHS) i a la Confederaci\u00f3 Hidrogr\u00e0fica de l&#8217;Ebre (CHE), en sengles missives en les quals se&#8217;ls sol\u00b7licita una reuni\u00f3 de treball relativa a l&#8217;estat de conservaci\u00f3 i manteniment dels llits p\u00fablics (rius, rambles i barrancs) que discorren pel territori de la Comunitat Valenciana i la gesti\u00f3 de la qual correspon a aquests organismes de conca.&nbsp;<\/p>\n\n\n\n<p class=\"wp-block-paragraph\">La presidenta ha recordat que la regi\u00f3 \u00e9s un territori especialment vulnerable a episodis de pluges torrencials i DANA durant els mesos de tardor, tal com es va posar tr\u00e0gicament de manifest a l&#8217;octubre de 2024.&nbsp;<\/p>\n\n\n\n<p class=\"wp-block-paragraph\">Davant l&#8217;arribada de la tardor, i amb l&#8217;objectiu de refor\u00e7ar la prevenci\u00f3 i minimitzar els riscos per a la seguretat de les persones i els b\u00e9ns, \u201csol\u00b7licitem una reuni\u00f3 de treball en la qual es puga valorar conjuntament l&#8217;estat actual de neteja i desbrossament dels llits afectats, con\u00e9ixer el calendari i les actuacions de neteja, retirada de sediments i manteniment previstes abans de l&#8217;arribada de les pluges, identificar de manera conjunta els punts cr\u00edtics o de major risc (ponts, obres de pas, trams urbans i periurbans) que requerisquen actuaci\u00f3 priorit\u00e0ria, i establir un llit de coordinaci\u00f3 permanent entre eixa Confederaci\u00f3 i aquesta entitat de cara a futures campanyes de prevenci\u00f3\u201d.<\/p>\n","protected":false},"excerpt":{"rendered":"<div class=\"mh-excerpt\">L&#8217;entitat municipalista assenyala que la seguretat ciutadana ha de prevaldre sobre debats competencials o jurisprudencials. La Federaci\u00f3 Valenciana de Municipis i Prov\u00edncies (FVMP), a trav\u00e9s de la seua presidenta, Paqui Bartual, ha rem\u00e9s hui una <a class=\"mh-excerpt-more\" href=\"https:\/\/tucomarca.whitekongsoftware.com\/ca\/la-fvmp-demana-una-reunio-urgent-amb-la-chj-aixi-com-amb-les-confederacions-hidrografiques-del-segura-i-de-lebre-per-a-abordar-lestat-dels-llits-davant-la-proximitat-de-lepoca-de-pluges\/\" title=\"La FVMP demana una reuni\u00f3 urgent amb la CHJ aix\u00ed com amb les Confederacions Hidrogr\u00e0fiques del Segura i de l&#8217;Ebre per a abordar l&#8217;estat dels llits davant la proximitat de l&#8217;\u00e8poca de pluges\">[+] <\/a><\/div>\n","protected":false},"author":13,"featured_media":256168,"comment_status":"closed","ping_status":"open","sticky":false,"template":"","format":"standard","meta":{"footnotes":""},"categories":[21466,10898,10948,10894,10904,10903,10947,10896,10897],"tags":[15409,11199,12166,11140],"class_list":["post-312258","post","type-post","status-publish","format-standard","has-post-thumbnail","category-dana-ca","category-ventana-ca","category-infraestructuras-ca","category-la-comarca-ca","category-sin-categorizar-ca","category-medio-ambiente-la-comarca-ca","category-politica","category-seccion-ca","category-sucesos-la-comarca-ca","tag-dana-2-ca","tag-la-comunitat-ca","tag-medio-ambiente-ca","tag-politica-ca"],"_links":{"self":[{"href":"https:\/\/tucomarca.whitekongsoftware.com\/ca\/wp-json\/wp\/v2\/posts\/312258","targetHints":{"allow":["GET"]}}],"collection":[{"href":"https:\/\/tucomarca.whitekongsoftware.com\/ca\/wp-json\/wp\/v2\/posts"}],"about":[{"href":"https:\/\/tucomarca.whitekongsoftware.com\/ca\/wp-json\/wp\/v2\/types\/post"}],"author":[{"embeddable":true,"href":"https:\/\/tucomarca.whitekongsoftware.com\/ca\/wp-json\/wp\/v2\/users\/13"}],"replies":[{"embeddable":true,"href":"https:\/\/tucomarca.whitekongsoftware.com\/ca\/wp-json\/wp\/v2\/comments?post=312258"}],"version-history":[{"count":1,"href":"https:\/\/tucomarca.whitekongsoftware.com\/ca\/wp-json\/wp\/v2\/posts\/312258\/revisions"}],"predecessor-version":[{"id":312259,"href":"https:\/\/tucomarca.whitekongsoftware.com\/ca\/wp-json\/wp\/v2\/posts\/312258\/revisions\/312259"}],"wp:featuredmedia":[{"embeddable":true,"href":"https:\/\/tucomarca.whitekongsoftware.com\/ca\/wp-json\/wp\/v2\/media\/256168"}],"wp:attachment":[{"href":"https:\/\/tucomarca.whitekongsoftware.com\/ca\/wp-json\/wp\/v2\/media?parent=312258"}],"wp:term":[{"taxonomy":"category","embeddable":true,"href":"https:\/\/tucomarca.whitekongsoftware.com\/ca\/wp-json\/wp\/v2\/categories?post=312258"},{"taxonomy":"post_tag","embeddable":true,"href":"https:\/\/tucomarca.whitekongsoftware.com\/ca\/wp-json\/wp\/v2\/tags?post=312258"}],"curies":[{"name":"wp","href":"https:\/\/api.w.org\/{rel}","templated":true}]}}