{"id":312228,"date":"2026-09-02T12:00:00","date_gmt":"2026-09-02T10:00:00","guid":{"rendered":"https:\/\/www.tucomarca.com\/wordpress\/segunda\/?p=312228"},"modified":"2026-09-02T14:18:19","modified_gmt":"2026-09-02T12:18:19","slug":"la-generalitat-abona-el-98-de-les-ajudes-a-familiars-de-victimes-de-la-dana-per-import-de-1702-milions","status":"publish","type":"post","link":"https:\/\/tucomarca.whitekongsoftware.com\/ca\/la-generalitat-abona-el-98-de-les-ajudes-a-familiars-de-victimes-de-la-dana-per-import-de-1702-milions\/","title":{"rendered":"La Generalitat abona el 98% de les ajudes a familiars de v\u00edctimes de la DANA per import de 17,02 milions"},"content":{"rendered":"\n<h3 class=\"wp-block-heading\">L\u2019\u00faltima orde de pagament s\u2019ha cursat este dimecres i en els pr\u00f2xims dies els diners arribar\u00e0 als afectats.<\/h3>\n\n\n\n<h3 class=\"wp-block-heading\">Es destinen 80.000 euros per v\u00edctima a repartir entre els beneficiaris segons l\u2019orde establit en la norma (c\u00f2njuge, parella, fills, o en defecte d\u2019aix\u00f2, pares, avis i germans).<\/h3>\n\n\n\n<p class=\"wp-block-paragraph\">La Generalitat ha abonat 17.019.999 milions corresponents a ajudes destinades a familiars de v\u00edctimes mortals de la dana, xifra que suposa el 98% del total concedit.<\/p>\n\n\n\n<p class=\"wp-block-paragraph\">L\u2019\u00faltima orde de pagament s\u2019ha cursat este dimecres i en els pr\u00f2xims dies els diners arribar\u00e0 als afectats. Mentres, la Generalitat continuar\u00e0 treballant en els expedients que queden per resoldre perqu\u00e8 ha calgut sol\u00b7licitar esmenes o m\u00e9s documentaci\u00f3.<\/p>\n\n\n\n<p class=\"wp-block-paragraph\">En total, la Generalitat ha aprovat la concessi\u00f3 de 439 subvencions dirigides a familiars de v\u00edctimes mortals per un import global de 17,28 milions d\u2019euros.<\/p>\n\n\n\n<p class=\"wp-block-paragraph\">Estes ajudes s\u2019emmarquen en el Decret 23\/2026, de 20 de febrer, del Consell, que establix una quantitat de 80.000 euros per v\u00edctima mortal, xifra que es distribu\u00efx entre els beneficiaris que acrediten el seu dret d\u2019acord amb l\u2019orde establit en la normativa.<\/p>\n\n\n\n<p class=\"wp-block-paragraph\">Aix\u00ed, els beneficiaris poden ser el c\u00f2njuge no separat legalment o la persona que mantinguera una relaci\u00f3 an\u00e0loga d\u2019afectivitat; els fills de la persona morta, aix\u00ed com els fills que, no sent-ho del mort, ho foren de la persona c\u00f2njuge o parella; i, en defecte d\u2019aix\u00f2, els pares, avis o germans.<\/p>\n\n\n\n<p class=\"wp-block-paragraph\">Les subvencions concedides es corresponen amb un total de 216 v\u00edctimes mortals els familiars de les quals les han sol\u00b7licitades. En la resta de casos, no s\u2019ha presentat cap sol\u00b7licitud per part de possibles beneficiaris.<\/p>\n\n\n\n<p class=\"wp-block-paragraph\">Tamb\u00e9 s\u2019han pogut beneficiar d\u2019estes ajudes les persones amb incapacitat permanent absoluta declarada per l\u2019Institut Nacional de la Seguretat Social (INSS), que haja sigut causada a conseq\u00fc\u00e8ncia de la dana del 29 d\u2019octubre de 2024.<\/p>\n\n\n\n<p class=\"wp-block-paragraph\"><strong>Ajudes directes, compatibles i exemptes de tributaci\u00f3<\/strong><\/p>\n\n\n\n<p class=\"wp-block-paragraph\">Estes ajudes del Consell s\u00f3n directes, compatibles amb altres subvencions o indemnitzacions procedents d\u2019administracions p\u00fabliques, entitats privades o companyies asseguradores i, a m\u00e9s, estan exemptes de tributaci\u00f3 en l\u2019impost sobre la renda de les persones f\u00edsiques.<\/p>\n\n\n\n<p class=\"wp-block-paragraph\">Segons el comissionat per a la Recuperaci\u00f3, Ra\u00fal M\u00e9rida, \u201cs\u2019ha acomplit un dels principals compromisos assumits per la Generalitat amb els familiars de les v\u00edctimes de la dana, garantint que les ajudes arriben de manera \u00e0gil i efectiva als qui han patit les conseq\u00fc\u00e8ncies m\u00e9s dures d\u2019esta trag\u00e8dia\u201d.<\/p>\n\n\n\n<p class=\"wp-block-paragraph\">\u201cSom conscients que cap ajuda econ\u00f2mica pot compensar la p\u00e8rdua irreparable d\u2019un ser estimat, per\u00f2 esta mesura representa el comprom\u00eds institucional d\u2019oferir un suport econ\u00f2mic destinat a alleujar les dificultats que moltes fam\u00edlies han hagut d\u2019afrontar despr\u00e9s del succe\u00eft. El nostre objectiu ha sigut tractar d\u2019aportar estabilitat i seguretat despr\u00e9s d\u2019una experi\u00e8ncia molt dura\u201d, ha explicat M\u00e9rida.<\/p>\n","protected":false},"excerpt":{"rendered":"<div class=\"mh-excerpt\">L\u2019\u00faltima orde de pagament s\u2019ha cursat este dimecres i en els pr\u00f2xims dies els diners arribar\u00e0 als afectats. Es destinen 80.000 euros per v\u00edctima a repartir entre els beneficiaris segons l\u2019orde establit en la norma <a class=\"mh-excerpt-more\" href=\"https:\/\/tucomarca.whitekongsoftware.com\/ca\/la-generalitat-abona-el-98-de-les-ajudes-a-familiars-de-victimes-de-la-dana-per-import-de-1702-milions\/\" title=\"La Generalitat abona el 98% de les ajudes a familiars de v\u00edctimes de la DANA per import de 17,02 milions\">[+] <\/a><\/div>\n","protected":false},"author":13,"featured_media":243885,"comment_status":"closed","ping_status":"open","sticky":false,"template":"","format":"standard","meta":{"footnotes":""},"categories":[21466,10898,10948,10894,10904,10903,10947,10896],"tags":[15409,11199],"class_list":["post-312228","post","type-post","status-publish","format-standard","has-post-thumbnail","category-dana-ca","category-ventana-ca","category-infraestructuras-ca","category-la-comarca-ca","category-sin-categorizar-ca","category-medio-ambiente-la-comarca-ca","category-politica","category-seccion-ca","tag-dana-2-ca","tag-la-comunitat-ca"],"_links":{"self":[{"href":"https:\/\/tucomarca.whitekongsoftware.com\/ca\/wp-json\/wp\/v2\/posts\/312228","targetHints":{"allow":["GET"]}}],"collection":[{"href":"https:\/\/tucomarca.whitekongsoftware.com\/ca\/wp-json\/wp\/v2\/posts"}],"about":[{"href":"https:\/\/tucomarca.whitekongsoftware.com\/ca\/wp-json\/wp\/v2\/types\/post"}],"author":[{"embeddable":true,"href":"https:\/\/tucomarca.whitekongsoftware.com\/ca\/wp-json\/wp\/v2\/users\/13"}],"replies":[{"embeddable":true,"href":"https:\/\/tucomarca.whitekongsoftware.com\/ca\/wp-json\/wp\/v2\/comments?post=312228"}],"version-history":[{"count":2,"href":"https:\/\/tucomarca.whitekongsoftware.com\/ca\/wp-json\/wp\/v2\/posts\/312228\/revisions"}],"predecessor-version":[{"id":312282,"href":"https:\/\/tucomarca.whitekongsoftware.com\/ca\/wp-json\/wp\/v2\/posts\/312228\/revisions\/312282"}],"wp:featuredmedia":[{"embeddable":true,"href":"https:\/\/tucomarca.whitekongsoftware.com\/ca\/wp-json\/wp\/v2\/media\/243885"}],"wp:attachment":[{"href":"https:\/\/tucomarca.whitekongsoftware.com\/ca\/wp-json\/wp\/v2\/media?parent=312228"}],"wp:term":[{"taxonomy":"category","embeddable":true,"href":"https:\/\/tucomarca.whitekongsoftware.com\/ca\/wp-json\/wp\/v2\/categories?post=312228"},{"taxonomy":"post_tag","embeddable":true,"href":"https:\/\/tucomarca.whitekongsoftware.com\/ca\/wp-json\/wp\/v2\/tags?post=312228"}],"curies":[{"name":"wp","href":"https:\/\/api.w.org\/{rel}","templated":true}]}}