{"id":312216,"date":"2026-09-02T11:00:00","date_gmt":"2026-09-02T09:00:00","guid":{"rendered":"https:\/\/www.tucomarca.com\/wordpress\/segunda\/?p=312216"},"modified":"2026-09-02T14:11:54","modified_gmt":"2026-09-02T12:11:54","slug":"fotogaleria-el-tradicional-trasllat-de-sant-lluis-a-la-seua-ermita-tanca-la-fira-i-festes-de-bunyol-2026","status":"publish","type":"post","link":"https:\/\/tucomarca.whitekongsoftware.com\/ca\/fotogaleria-el-tradicional-trasllat-de-sant-lluis-a-la-seua-ermita-tanca-la-fira-i-festes-de-bunyol-2026\/","title":{"rendered":"Fotogaleria: el tradicional trasllat de Sant Llu\u00eds a la seua ermita tanca la Fira i Festes de Bunyol 2026"},"content":{"rendered":"\n<p class=\"wp-block-paragraph\">El trasllat del patr\u00f3, Sant Llu\u00eds Bertr\u00e1n, acompanyat a la seua ermita pel CIM &#8220;La Arm\u00f3nica&#8221;, situada en el passeig del mateix nom, ha posat un any m\u00e9s el punt i final a la Fira i Festes de Bunyol d&#8217;aquest 2026. Han sigut dues setmanes de festejos que <strong>tucomarca.com<\/strong> els ha acostat a trav\u00e9s de la seua edici\u00f3 digital, aix\u00ed com a trav\u00e9s de les diverses xarxes socials. Informa y fotos, <strong>A. Pall\u00e1s<\/strong>.<\/p>\n\n\n\n<figure class=\"wp-block-gallery has-nested-images columns-1 is-cropped wp-block-gallery-1 is-layout-flex wp-block-gallery-is-layout-flex\">\n<figure class=\"wp-block-image size-large\"><img loading=\"lazy\" decoding=\"async\" width=\"787\" height=\"523\" data-id=\"312201\" src=\"https:\/\/www.tucomarca.com\/wordpress\/segunda\/wp-content\/uploads\/2026\/09\/SanLuisaErmita26_01.jpg\" alt=\"\" class=\"wp-image-312201\" srcset=\"https:\/\/tucomarca.whitekongsoftware.com\/wp-content\/uploads\/2026\/09\/SanLuisaErmita26_01.jpg 787w, https:\/\/tucomarca.whitekongsoftware.com\/wp-content\/uploads\/2026\/09\/SanLuisaErmita26_01-573x381.jpg 573w, https:\/\/tucomarca.whitekongsoftware.com\/wp-content\/uploads\/2026\/09\/SanLuisaErmita26_01-768x510.jpg 768w\" sizes=\"auto, (max-width: 787px) 100vw, 787px\" \/><\/figure>\n\n\n\n<figure class=\"wp-block-image size-large\"><img loading=\"lazy\" decoding=\"async\" width=\"787\" height=\"523\" data-id=\"312203\" src=\"https:\/\/www.tucomarca.com\/wordpress\/segunda\/wp-content\/uploads\/2026\/09\/SanLuisaErmita26_02.jpg\" alt=\"\" class=\"wp-image-312203\" srcset=\"https:\/\/tucomarca.whitekongsoftware.com\/wp-content\/uploads\/2026\/09\/SanLuisaErmita26_02.jpg 787w, https:\/\/tucomarca.whitekongsoftware.com\/wp-content\/uploads\/2026\/09\/SanLuisaErmita26_02-573x381.jpg 573w, https:\/\/tucomarca.whitekongsoftware.com\/wp-content\/uploads\/2026\/09\/SanLuisaErmita26_02-768x510.jpg 768w\" sizes=\"auto, (max-width: 787px) 100vw, 787px\" \/><\/figure>\n\n\n\n<figure class=\"wp-block-image size-large\"><img loading=\"lazy\" decoding=\"async\" width=\"787\" height=\"523\" data-id=\"312205\" src=\"https:\/\/www.tucomarca.com\/wordpress\/segunda\/wp-content\/uploads\/2026\/09\/SanLuisaErmita26_03.jpg\" alt=\"\" class=\"wp-image-312205\" srcset=\"https:\/\/tucomarca.whitekongsoftware.com\/wp-content\/uploads\/2026\/09\/SanLuisaErmita26_03.jpg 787w, https:\/\/tucomarca.whitekongsoftware.com\/wp-content\/uploads\/2026\/09\/SanLuisaErmita26_03-573x381.jpg 573w, https:\/\/tucomarca.whitekongsoftware.com\/wp-content\/uploads\/2026\/09\/SanLuisaErmita26_03-768x510.jpg 768w\" sizes=\"auto, (max-width: 787px) 100vw, 787px\" \/><\/figure>\n\n\n\n<figure class=\"wp-block-image size-large\"><img loading=\"lazy\" decoding=\"async\" width=\"787\" height=\"528\" data-id=\"312207\" src=\"https:\/\/www.tucomarca.com\/wordpress\/segunda\/wp-content\/uploads\/2026\/09\/SanLuisaErmita26_04.jpg\" alt=\"\" class=\"wp-image-312207\" srcset=\"https:\/\/tucomarca.whitekongsoftware.com\/wp-content\/uploads\/2026\/09\/SanLuisaErmita26_04.jpg 787w, https:\/\/tucomarca.whitekongsoftware.com\/wp-content\/uploads\/2026\/09\/SanLuisaErmita26_04-568x381.jpg 568w, https:\/\/tucomarca.whitekongsoftware.com\/wp-content\/uploads\/2026\/09\/SanLuisaErmita26_04-768x515.jpg 768w\" sizes=\"auto, (max-width: 787px) 100vw, 787px\" \/><\/figure>\n\n\n\n<figure class=\"wp-block-image size-large\"><img loading=\"lazy\" decoding=\"async\" width=\"787\" height=\"523\" data-id=\"312209\" src=\"https:\/\/www.tucomarca.com\/wordpress\/segunda\/wp-content\/uploads\/2026\/09\/SanLuisaErmita26_05.jpg\" alt=\"\" class=\"wp-image-312209\" srcset=\"https:\/\/tucomarca.whitekongsoftware.com\/wp-content\/uploads\/2026\/09\/SanLuisaErmita26_05.jpg 787w, https:\/\/tucomarca.whitekongsoftware.com\/wp-content\/uploads\/2026\/09\/SanLuisaErmita26_05-573x381.jpg 573w, https:\/\/tucomarca.whitekongsoftware.com\/wp-content\/uploads\/2026\/09\/SanLuisaErmita26_05-768x510.jpg 768w\" sizes=\"auto, (max-width: 787px) 100vw, 787px\" \/><\/figure>\n\n\n\n<figure class=\"wp-block-image size-large\"><img loading=\"lazy\" decoding=\"async\" width=\"787\" height=\"523\" data-id=\"312199\" src=\"https:\/\/www.tucomarca.com\/wordpress\/segunda\/wp-content\/uploads\/2026\/09\/SanLuisaErmita26_07.jpg\" alt=\"\" class=\"wp-image-312199\" srcset=\"https:\/\/tucomarca.whitekongsoftware.com\/wp-content\/uploads\/2026\/09\/SanLuisaErmita26_07.jpg 787w, https:\/\/tucomarca.whitekongsoftware.com\/wp-content\/uploads\/2026\/09\/SanLuisaErmita26_07-573x381.jpg 573w, https:\/\/tucomarca.whitekongsoftware.com\/wp-content\/uploads\/2026\/09\/SanLuisaErmita26_07-768x510.jpg 768w\" sizes=\"auto, (max-width: 787px) 100vw, 787px\" \/><\/figure>\n\n\n\n<figure class=\"wp-block-image size-large\"><img loading=\"lazy\" decoding=\"async\" width=\"787\" height=\"523\" data-id=\"312213\" src=\"https:\/\/www.tucomarca.com\/wordpress\/segunda\/wp-content\/uploads\/2026\/09\/SanLuisaErmita26_08.jpg\" alt=\"\" class=\"wp-image-312213\" srcset=\"https:\/\/tucomarca.whitekongsoftware.com\/wp-content\/uploads\/2026\/09\/SanLuisaErmita26_08.jpg 787w, https:\/\/tucomarca.whitekongsoftware.com\/wp-content\/uploads\/2026\/09\/SanLuisaErmita26_08-573x381.jpg 573w, https:\/\/tucomarca.whitekongsoftware.com\/wp-content\/uploads\/2026\/09\/SanLuisaErmita26_08-768x510.jpg 768w\" sizes=\"auto, (max-width: 787px) 100vw, 787px\" \/><\/figure>\n<\/figure>\n","protected":false},"excerpt":{"rendered":"<div class=\"mh-excerpt\">El trasllat del patr\u00f3, Sant Llu\u00eds Bertr\u00e1n, acompanyat a la seua ermita pel CIM &#8220;La Arm\u00f3nica&#8221;, situada en el passeig del mateix nom, ha posat un any m\u00e9s el punt i final a la Fira <a class=\"mh-excerpt-more\" href=\"https:\/\/tucomarca.whitekongsoftware.com\/ca\/fotogaleria-el-tradicional-trasllat-de-sant-lluis-a-la-seua-ermita-tanca-la-fira-i-festes-de-bunyol-2026\/\" title=\"Fotogaleria: el tradicional trasllat de Sant Llu\u00eds a la seua ermita tanca la Fira i Festes de Bunyol 2026\">[+] <\/a><\/div>\n","protected":false},"author":12,"featured_media":312212,"comment_status":"closed","ping_status":"open","sticky":false,"template":"","format":"gallery","meta":{"footnotes":""},"categories":[10911,10894,10912,11004,11007,11008,10896],"tags":[10913,24756,10914],"class_list":["post-312216","post","type-post","status-publish","format-gallery","has-post-thumbnail","category-bunol-ca","category-la-comarca-ca","category-la-hoya-ca","category-la-semana-en-imagenes-ca","category-ocio-y-cultura-ca","category-pueblos-en-fiestas-ca","category-seccion-ca","tag-bunol-ca","tag-feria-y-fiestas-2026","tag-la-hoya-de-bunol-chiva-ca","post_format-post-format-gallery"],"_links":{"self":[{"href":"https:\/\/tucomarca.whitekongsoftware.com\/ca\/wp-json\/wp\/v2\/posts\/312216","targetHints":{"allow":["GET"]}}],"collection":[{"href":"https:\/\/tucomarca.whitekongsoftware.com\/ca\/wp-json\/wp\/v2\/posts"}],"about":[{"href":"https:\/\/tucomarca.whitekongsoftware.com\/ca\/wp-json\/wp\/v2\/types\/post"}],"author":[{"embeddable":true,"href":"https:\/\/tucomarca.whitekongsoftware.com\/ca\/wp-json\/wp\/v2\/users\/12"}],"replies":[{"embeddable":true,"href":"https:\/\/tucomarca.whitekongsoftware.com\/ca\/wp-json\/wp\/v2\/comments?post=312216"}],"version-history":[{"count":4,"href":"https:\/\/tucomarca.whitekongsoftware.com\/ca\/wp-json\/wp\/v2\/posts\/312216\/revisions"}],"predecessor-version":[{"id":312275,"href":"https:\/\/tucomarca.whitekongsoftware.com\/ca\/wp-json\/wp\/v2\/posts\/312216\/revisions\/312275"}],"wp:featuredmedia":[{"embeddable":true,"href":"https:\/\/tucomarca.whitekongsoftware.com\/ca\/wp-json\/wp\/v2\/media\/312212"}],"wp:attachment":[{"href":"https:\/\/tucomarca.whitekongsoftware.com\/ca\/wp-json\/wp\/v2\/media?parent=312216"}],"wp:term":[{"taxonomy":"category","embeddable":true,"href":"https:\/\/tucomarca.whitekongsoftware.com\/ca\/wp-json\/wp\/v2\/categories?post=312216"},{"taxonomy":"post_tag","embeddable":true,"href":"https:\/\/tucomarca.whitekongsoftware.com\/ca\/wp-json\/wp\/v2\/tags?post=312216"}],"curies":[{"name":"wp","href":"https:\/\/api.w.org\/{rel}","templated":true}]}}