{"id":312112,"date":"2026-09-02T11:15:00","date_gmt":"2026-09-02T09:15:00","guid":{"rendered":"https:\/\/www.tucomarca.com\/wordpress\/segunda\/?p=312112"},"modified":"2026-09-02T14:15:29","modified_gmt":"2026-09-02T12:15:29","slug":"un-incendi-de-camio-a-la-3-afecta-tambe-la-vegetacio-proxima","status":"publish","type":"post","link":"https:\/\/tucomarca.whitekongsoftware.com\/ca\/un-incendi-de-camio-a-la-3-afecta-tambe-la-vegetacio-proxima\/","title":{"rendered":"Un incendi de cami\u00f3 a l\u2019A-3 afecta tamb\u00e9 la vegetaci\u00f3 pr\u00f2xima"},"content":{"rendered":"\n<h3 class=\"wp-block-heading\">Els bombers de Requena i efectius forestals de la Generalitat han intervingut en l\u2019incendi, que s\u2019ha iniciat durant la matinada d&#8217;aquest dimarts.<\/h3>\n\n\n\n<p class=\"wp-block-paragraph\">Un incendi de cami\u00f3 registrat durant la matinada d\u2019aquest dimarts a l\u2019<strong>A-3<\/strong>&nbsp;ha afectat tamb\u00e9 la vegetaci\u00f3 pr\u00f2xima a la via. L\u2019av\u00eds s\u2019ha rebut a les&nbsp;<strong>2.45 hores<\/strong>&nbsp;i, a l\u2019arribada dels efectius d\u2019emerg\u00e8ncia, el conductor del vehicle ja es trobava fora del cami\u00f3.<\/p>\n\n\n\n<p class=\"wp-block-paragraph\">En l\u2019operatiu han intervingut els&nbsp;<strong>bombers de Requena, amb sergent<\/strong>, aix\u00ed com efectius dels&nbsp;<strong>bombers forestals de la Generalitat Valenciana (GVA)<\/strong>, que han treballat per a controlar i extingir les flames i evitar que el foc es propagara a la vegetaci\u00f3 pr\u00f2xima.<\/p>\n\n\n\n<p class=\"wp-block-paragraph\">Al voltant de les&nbsp;<strong>8.00 hores<\/strong>, els efectius han hagut de tornar al lloc dels fets, ja que, pel que sembla, era necessari realitzar tasques de refresc del cami\u00f3. Els bombers de Requena, acompanyats novament per un sergent, han actuat per a assegurar la zona i completar l\u2019extinci\u00f3 de l\u2019incendi.<\/p>\n\n\n\n<p class=\"wp-block-paragraph\"><\/p>\n","protected":false},"excerpt":{"rendered":"<div class=\"mh-excerpt\">Els bombers de Requena i efectius forestals de la Generalitat han intervingut en l\u2019incendi, que s\u2019ha iniciat durant la matinada d&#8217;aquest dimarts. Un incendi de cami\u00f3 registrat durant la matinada d\u2019aquest dimarts a l\u2019A-3&nbsp;ha afectat <a class=\"mh-excerpt-more\" href=\"https:\/\/tucomarca.whitekongsoftware.com\/ca\/un-incendi-de-camio-a-la-3-afecta-tambe-la-vegetacio-proxima\/\" title=\"Un incendi de cami\u00f3 a l\u2019A-3 afecta tamb\u00e9 la vegetaci\u00f3 pr\u00f2xima\">[+] <\/a><\/div>\n","protected":false},"author":13,"featured_media":282031,"comment_status":"closed","ping_status":"open","sticky":false,"template":"","format":"standard","meta":{"footnotes":""},"categories":[10898,10948,10894,10912,10903,10909,10896,10897],"tags":[12755,10914,10910],"class_list":["post-312112","post","type-post","status-publish","format-standard","has-post-thumbnail","category-ventana-ca","category-infraestructuras-ca","category-la-comarca-ca","category-la-hoya-ca","category-medio-ambiente-la-comarca-ca","category-requena-utiel-ca","category-seccion-ca","category-sucesos-la-comarca-ca","tag-incendio-ca","tag-la-hoya-de-bunol-chiva-ca","tag-requena-utiel-ca"],"_links":{"self":[{"href":"https:\/\/tucomarca.whitekongsoftware.com\/ca\/wp-json\/wp\/v2\/posts\/312112","targetHints":{"allow":["GET"]}}],"collection":[{"href":"https:\/\/tucomarca.whitekongsoftware.com\/ca\/wp-json\/wp\/v2\/posts"}],"about":[{"href":"https:\/\/tucomarca.whitekongsoftware.com\/ca\/wp-json\/wp\/v2\/types\/post"}],"author":[{"embeddable":true,"href":"https:\/\/tucomarca.whitekongsoftware.com\/ca\/wp-json\/wp\/v2\/users\/13"}],"replies":[{"embeddable":true,"href":"https:\/\/tucomarca.whitekongsoftware.com\/ca\/wp-json\/wp\/v2\/comments?post=312112"}],"version-history":[{"count":2,"href":"https:\/\/tucomarca.whitekongsoftware.com\/ca\/wp-json\/wp\/v2\/posts\/312112\/revisions"}],"predecessor-version":[{"id":312279,"href":"https:\/\/tucomarca.whitekongsoftware.com\/ca\/wp-json\/wp\/v2\/posts\/312112\/revisions\/312279"}],"wp:featuredmedia":[{"embeddable":true,"href":"https:\/\/tucomarca.whitekongsoftware.com\/ca\/wp-json\/wp\/v2\/media\/282031"}],"wp:attachment":[{"href":"https:\/\/tucomarca.whitekongsoftware.com\/ca\/wp-json\/wp\/v2\/media?parent=312112"}],"wp:term":[{"taxonomy":"category","embeddable":true,"href":"https:\/\/tucomarca.whitekongsoftware.com\/ca\/wp-json\/wp\/v2\/categories?post=312112"},{"taxonomy":"post_tag","embeddable":true,"href":"https:\/\/tucomarca.whitekongsoftware.com\/ca\/wp-json\/wp\/v2\/tags?post=312112"}],"curies":[{"name":"wp","href":"https:\/\/api.w.org\/{rel}","templated":true}]}}