{"id":312096,"date":"2026-09-01T12:00:00","date_gmt":"2026-09-01T10:00:00","guid":{"rendered":"https:\/\/www.tucomarca.com\/wordpress\/segunda\/?p=312096"},"modified":"2026-09-01T18:18:36","modified_gmt":"2026-09-01T16:18:36","slug":"metrobus-millora-frequencies-a-xest-i-introdueix-modificacions-per-a-atendre-les-urbanitzacions-de-xiva","status":"publish","type":"post","link":"https:\/\/tucomarca.whitekongsoftware.com\/ca\/metrobus-millora-frequencies-a-xest-i-introdueix-modificacions-per-a-atendre-les-urbanitzacions-de-xiva\/","title":{"rendered":"Metrob\u00fas millora freq\u00fc\u00e8ncies a Xest i introdueix modificacions per a atendre les urbanitzacions de Xiva"},"content":{"rendered":"\n<h3 class=\"wp-block-heading\">La Generalitat adapta, a partir del 7 de setembre, els serveis de les l\u00ednies 431, 432 i 435 per a millorar la connexi\u00f3 amb el Complex Educatiu i Olimar.<\/h3>\n\n\n\n<h3 class=\"wp-block-heading\">Mart\u00ednez Mus assenyala que la recuperaci\u00f3 dels municipis afectats per la DANA tamb\u00e9 implica millorar la seua oferta de transport.<\/h3>\n\n\n\n<p class=\"wp-block-paragraph\">La Generalitat adapta, a partir del 7 de setembre i coincidint amb l&#8217;inici de curs, els serveis de Metrob\u00fas en l&#8217;eix La Foia de Bunyol-Val\u00e8ncia per a millorar l&#8217;atenci\u00f3 a les necessitats de mobilitat del Complex Educatiu de Xest i ampliar la cobertura de transport p\u00fablic a la urbanitzaci\u00f3 Olimar, en el municipi de Xiva.<\/p>\n\n\n\n<p class=\"wp-block-paragraph\">Aix\u00ed ho ha anunciat el vicepresident tercer i conseller de Medi Ambient, Infraestructures, Territori i de la Recuperaci\u00f3, Vicente Mart\u00ednez Mus, qui ha destacat que aquestes modificacions permeten \u201cadaptar el servei de transport p\u00fablic a les necessitats de mobilitat de la ciutadania i millorar la connexi\u00f3 amb punts que requereixen una atenci\u00f3 espec\u00edfica\u201d. En aquest sentit, ha ressaltat la import\u00e0ncia de millorar les connexions en municipis que es troben en fase de recuperaci\u00f3 despr\u00e9s de la dana.<\/p>\n\n\n\n<p class=\"wp-block-paragraph\">Mart\u00ednez Mus ha recordat que durant tota la legislatura \u201chem estat adaptant les concessions de transport p\u00fablic, que estaven totes caducades, amb serveis, per tant, deficients i pendents d&#8217;actualitzar\u201d. En aquest sentit, ha assenyalat que la Generalitat \u201cha anat actualitzant cadascuna d&#8217;elles amb serveis que fins ara no es prestaven i que cal continuar millorant en cadascun dels municipis de la Comunitat Valenciana\u201d.<\/p>\n\n\n\n<p class=\"wp-block-paragraph\">Aix\u00ed mateix, ha assenyalat que les actuacions previstes a Xest i Xiva \u201cresponen a la necessitat d&#8217;actualitzar el servei a la realitat actual d&#8217;unes urbanitzacions on cada vegada viu m\u00e9s gent\u201d. &nbsp;<\/p>\n\n\n\n<p class=\"wp-block-paragraph\">Per part seua, la directora general de Recuperaci\u00f3 de la Generalitat, Sandra Castillo, ha destacat la col\u00b7laboraci\u00f3 entre la Vicepresid\u00e8ncia Tercera i el departament de Recuperaci\u00f3 amb l&#8217;Autoritat de Transport Metropolit\u00e0 de Val\u00e8ncia (ATMV), que encap\u00e7ala Jos\u00e9 Antonio Moreno, per a atendre \u201cuna petici\u00f3 dels ve\u00efns\u201d. \u201cLa recuperaci\u00f3 dels nostres municipis passa tamb\u00e9 per dotar-los de millors serveis i des de la Generalitat complim\u201d, ha remarcat Castillo.<\/p>\n\n\n\n<p class=\"wp-block-paragraph\">En el cas de Xest, les modificacions afecten la l\u00ednia 435, que incorpora el pas pel Complex Educatiu en dues expedicions de tornada amb origen Val\u00e8ncia, de dilluns a divendres. Aquestes expedicions, que passen a denominar-se 435F, corresponen a les eixides de Val\u00e8ncia de les 7.30 i les 12.30 hores.<\/p>\n\n\n\n<p class=\"wp-block-paragraph\"><strong>Prova pilot per a la urbanitzaci\u00f3 Olimar<\/strong><\/p>\n\n\n\n<p class=\"wp-block-paragraph\">A Xiva, la Generalitat introdueix modificacions per a incorporar el pas per la urbanitzaci\u00f3 Olimar en diferents expedicions de les l\u00ednies 431, 432 i 435, amb l&#8217;objectiu d&#8217;ampliar les possibilitats de connexi\u00f3 d&#8217;aquesta zona amb la xarxa de transport p\u00fablic.<\/p>\n\n\n\n<p class=\"wp-block-paragraph\">En concret, de dilluns a divendres, la l\u00ednia 431 incorpora el pas per Olimar en una expedici\u00f3 en sentit Val\u00e8ncia i dos en sentit Xest. La l\u00ednia 432 incorpora el pas per la urbanitzaci\u00f3 en les seues quatre expedicions de tornada, mentre que la l\u00ednia 435 afig el pas per Olimar en una expedici\u00f3 d&#8217;anada.<\/p>\n\n\n\n<p class=\"wp-block-paragraph\">En la l\u00ednia 431, les modificacions hor\u00e0ries contemplen avan\u00e7ar de les 12.10 a les 12.05 hores l&#8217;eixida en sentit Val\u00e8ncia i, en les expedicions amb origen Val\u00e8ncia, avan\u00e7ar de les 7.00 a les 6.55 hores una eixida i modificar una altra, que passa a finalitzar a les 16.24 hores en lloc de les 16.17 hores.<\/p>\n\n\n\n<p class=\"wp-block-paragraph\">Per part seua, les quatre expedicions de la l\u00ednia 432 que passen per Olimar en sentit I\u00e0tova es distribueixen entre les eixides de les 8.20, 12.30, 15.45 i 19.45 hores.<\/p>\n\n\n\n<p class=\"wp-block-paragraph\">La l\u00ednia 435 incorpora, aix\u00ed mateix, el pas per Olimar en una expedici\u00f3 en sentit Val\u00e8ncia de dilluns a divendres. Es tracta de l&#8217;eixida de les 20.10 hores, que passa a finalitzar a les 21.48 hores, enfront de les 21.38 hores actuals.<\/p>\n\n\n\n<p class=\"wp-block-paragraph\">L&#8217;adaptaci\u00f3 del servei a Olimar s&#8217;est\u00e9n tamb\u00e9 als dissabtes, amb tres modificacions en la l\u00ednia 435: una expedici\u00f3 en sentit Val\u00e8ncia i dos amb origen Val\u00e8ncia incorporen el pas per la urbanitzaci\u00f3, amb els corresponents ajustos d&#8217;horaris. En diumenges i festius s&#8217;afig aix\u00ed mateix una expedici\u00f3 amb origen Val\u00e8ncia, amb eixida a les 17.00 hores, que circula per Olimar.<\/p>\n\n\n\n<p class=\"wp-block-paragraph\">Aquestes modificacions es consideren una prova pilot, ja que despr\u00e9s de la seua posada en marxa es valorar\u00e0 la seua efectivitat i com respon la demanda d&#8217;aquestes zones, la qual cosa permetr\u00e0 en el futur continuar valorant la introducci\u00f3 de canvis. D&#8217;altra banda, tamb\u00e9 es considera ampliar l&#8217;oferta de les diferents l\u00ednies tamb\u00e9 a altres urbanitzacions.<\/p>\n","protected":false},"excerpt":{"rendered":"<div class=\"mh-excerpt\">La Generalitat adapta, a partir del 7 de setembre, els serveis de les l\u00ednies 431, 432 i 435 per a millorar la connexi\u00f3 amb el Complex Educatiu i Olimar. Mart\u00ednez Mus assenyala que la recuperaci\u00f3 <a class=\"mh-excerpt-more\" href=\"https:\/\/tucomarca.whitekongsoftware.com\/ca\/metrobus-millora-frequencies-a-xest-i-introdueix-modificacions-per-a-atendre-les-urbanitzacions-de-xiva\/\" title=\"Metrob\u00fas millora freq\u00fc\u00e8ncies a Xest i introdueix modificacions per a atendre les urbanitzacions de Xiva\">[+] <\/a><\/div>\n","protected":false},"author":13,"featured_media":290245,"comment_status":"closed","ping_status":"open","sticky":false,"template":"","format":"standard","meta":{"footnotes":""},"categories":[10898,10948,10894,10904,10912,10903,10947,10896,10974,10975],"tags":[11071,11195,11199,10914,23721,21815],"class_list":["post-312096","post","type-post","status-publish","format-standard","has-post-thumbnail","category-ventana-ca","category-infraestructuras-ca","category-la-comarca-ca","category-sin-categorizar-ca","category-la-hoya-ca","category-medio-ambiente-la-comarca-ca","category-politica","category-seccion-ca","category-cheste-ca","category-chiva-ca","tag-cheste","tag-chiva-ca","tag-la-comunitat-ca","tag-la-hoya-de-bunol-chiva-ca","tag-metrobus-ca","tag-transportes-ca"],"_links":{"self":[{"href":"https:\/\/tucomarca.whitekongsoftware.com\/ca\/wp-json\/wp\/v2\/posts\/312096","targetHints":{"allow":["GET"]}}],"collection":[{"href":"https:\/\/tucomarca.whitekongsoftware.com\/ca\/wp-json\/wp\/v2\/posts"}],"about":[{"href":"https:\/\/tucomarca.whitekongsoftware.com\/ca\/wp-json\/wp\/v2\/types\/post"}],"author":[{"embeddable":true,"href":"https:\/\/tucomarca.whitekongsoftware.com\/ca\/wp-json\/wp\/v2\/users\/13"}],"replies":[{"embeddable":true,"href":"https:\/\/tucomarca.whitekongsoftware.com\/ca\/wp-json\/wp\/v2\/comments?post=312096"}],"version-history":[{"count":2,"href":"https:\/\/tucomarca.whitekongsoftware.com\/ca\/wp-json\/wp\/v2\/posts\/312096\/revisions"}],"predecessor-version":[{"id":312102,"href":"https:\/\/tucomarca.whitekongsoftware.com\/ca\/wp-json\/wp\/v2\/posts\/312096\/revisions\/312102"}],"wp:featuredmedia":[{"embeddable":true,"href":"https:\/\/tucomarca.whitekongsoftware.com\/ca\/wp-json\/wp\/v2\/media\/290245"}],"wp:attachment":[{"href":"https:\/\/tucomarca.whitekongsoftware.com\/ca\/wp-json\/wp\/v2\/media?parent=312096"}],"wp:term":[{"taxonomy":"category","embeddable":true,"href":"https:\/\/tucomarca.whitekongsoftware.com\/ca\/wp-json\/wp\/v2\/categories?post=312096"},{"taxonomy":"post_tag","embeddable":true,"href":"https:\/\/tucomarca.whitekongsoftware.com\/ca\/wp-json\/wp\/v2\/tags?post=312096"}],"curies":[{"name":"wp","href":"https:\/\/api.w.org\/{rel}","templated":true}]}}