{"id":312085,"date":"2026-09-01T08:45:00","date_gmt":"2026-09-01T06:45:00","guid":{"rendered":"https:\/\/www.tucomarca.com\/wordpress\/segunda\/?p=312085"},"modified":"2026-09-01T18:22:54","modified_gmt":"2026-09-01T16:22:54","slug":"mompo-participa-en-les-danses-de-guadassuar-i-les-reivindica-com-a-patrimoni-cultural-unic-en-el-mon","status":"publish","type":"post","link":"https:\/\/tucomarca.whitekongsoftware.com\/ca\/mompo-participa-en-les-danses-de-guadassuar-i-les-reivindica-com-a-patrimoni-cultural-unic-en-el-mon\/","title":{"rendered":"Momp\u00f3 participa en les Danses de Guadassuar i les reivindica com a patrimoni cultural \u00fanic en el m\u00f3n"},"content":{"rendered":"\n<p class=\"wp-block-paragraph\">El president de la Diputaci\u00f3 de Val\u00e8ncia, Vicent Momp\u00f3, ha participat este dissabte com Cap de Dansa de les genu\u00efnes Danses de Guadassuar, una tradici\u00f3 que es remunta al segle XVII, declarada Festa d&#8217;Inter\u00e9s Tur\u00edstic Nacional i B\u00e9 d&#8217;Inter\u00e9s Cultural Immaterial. Momp\u00f3 ha expressat la seua \u201cil\u00b7lusi\u00f3\u201d per participar en estes festes pel que signifiquen per a este municipi de la Ribera Alta i per al patrimoni cultural valenci\u00e0.\u00a0<\/p>\n\n\n\n<p class=\"wp-block-paragraph\">Per al president de la instituci\u00f3 provincial, \u201c\u00e9s important que cuidem el nostre perqu\u00e8, en un m\u00f3n que canvia tan r\u00e0pid, tindre una cosa que ens connecta amb els que van estar ac\u00ed fa 400 anys i amb els qui vindran en el futur \u00e9s un privilegi\u201d. Per aix\u00f2 ha reconegut el treball i la dedicaci\u00f3 de Els Amics dels Danses \u201cper refor\u00e7ar el sentiment d&#8217;identitat de Guadassuar, donar a con\u00e9ixer i conservar el nostre patrimoni cultural i la nostra mem\u00f2ria hist\u00f2rica, i ajudar a difondre i promocionar unes Danses que s\u00f3n \u00faniques en el m\u00f3n\u201d.&nbsp;<\/p>\n\n\n\n<p class=\"wp-block-paragraph\">De la mateixa manera, seguint amb un dels objectius de la Diputaci\u00f3 de cuidar i promoure les tradicions i la cultura valenciana, Momp\u00f3 ha def\u00e9s que \u201cuna tradici\u00f3 no es conserva nom\u00e9s recordant-la, es conserva mantenint-la viva, fent que les noves generacions l&#8217;estimen\u201d. \u201cAix\u00f2 \u00e9s el que fa gran una tradici\u00f3 i el que caracteritza als valencians, ens unim per a celebrar, orgullosos dels nostres majors i ens deixem la pell per a honrar als nostres avantpassats\u201d, ha assegurat.<\/p>\n\n\n\n<p class=\"wp-block-paragraph\"><\/p>\n","protected":false},"excerpt":{"rendered":"<div class=\"mh-excerpt\">El president de la Diputaci\u00f3 de Val\u00e8ncia, Vicent Momp\u00f3, ha participat este dissabte com Cap de Dansa de les genu\u00efnes Danses de Guadassuar, una tradici\u00f3 que es remunta al segle XVII, declarada Festa d&#8217;Inter\u00e9s Tur\u00edstic <a class=\"mh-excerpt-more\" href=\"https:\/\/tucomarca.whitekongsoftware.com\/ca\/mompo-participa-en-les-danses-de-guadassuar-i-les-reivindica-com-a-patrimoni-cultural-unic-en-el-mon\/\" title=\"Momp\u00f3 participa en les Danses de Guadassuar i les reivindica com a patrimoni cultural \u00fanic en el m\u00f3n\">[+] <\/a><\/div>\n","protected":false},"author":13,"featured_media":312083,"comment_status":"closed","ping_status":"open","sticky":false,"template":"","format":"standard","meta":{"footnotes":""},"categories":[10898,10994,10894,10904,10902,11004,11007,11008,10896],"tags":[11246,11342,11077,19468],"class_list":["post-312085","post","type-post","status-publish","format-standard","has-post-thumbnail","category-ventana-ca","category-guadassuar-ca","category-la-comarca-ca","category-sin-categorizar-ca","category-la-ribera-ca","category-la-semana-en-imagenes-ca","category-ocio-y-cultura-ca","category-pueblos-en-fiestas-ca","category-seccion-ca","tag-diputacio-de-valencia-ca","tag-guadassuar-ca","tag-la-ribera-alta-ca","tag-pueblos-en-fiestas-ca"],"_links":{"self":[{"href":"https:\/\/tucomarca.whitekongsoftware.com\/ca\/wp-json\/wp\/v2\/posts\/312085","targetHints":{"allow":["GET"]}}],"collection":[{"href":"https:\/\/tucomarca.whitekongsoftware.com\/ca\/wp-json\/wp\/v2\/posts"}],"about":[{"href":"https:\/\/tucomarca.whitekongsoftware.com\/ca\/wp-json\/wp\/v2\/types\/post"}],"author":[{"embeddable":true,"href":"https:\/\/tucomarca.whitekongsoftware.com\/ca\/wp-json\/wp\/v2\/users\/13"}],"replies":[{"embeddable":true,"href":"https:\/\/tucomarca.whitekongsoftware.com\/ca\/wp-json\/wp\/v2\/comments?post=312085"}],"version-history":[{"count":1,"href":"https:\/\/tucomarca.whitekongsoftware.com\/ca\/wp-json\/wp\/v2\/posts\/312085\/revisions"}],"predecessor-version":[{"id":312087,"href":"https:\/\/tucomarca.whitekongsoftware.com\/ca\/wp-json\/wp\/v2\/posts\/312085\/revisions\/312087"}],"wp:featuredmedia":[{"embeddable":true,"href":"https:\/\/tucomarca.whitekongsoftware.com\/ca\/wp-json\/wp\/v2\/media\/312083"}],"wp:attachment":[{"href":"https:\/\/tucomarca.whitekongsoftware.com\/ca\/wp-json\/wp\/v2\/media?parent=312085"}],"wp:term":[{"taxonomy":"category","embeddable":true,"href":"https:\/\/tucomarca.whitekongsoftware.com\/ca\/wp-json\/wp\/v2\/categories?post=312085"},{"taxonomy":"post_tag","embeddable":true,"href":"https:\/\/tucomarca.whitekongsoftware.com\/ca\/wp-json\/wp\/v2\/tags?post=312085"}],"curies":[{"name":"wp","href":"https:\/\/api.w.org\/{rel}","templated":true}]}}