{"id":312078,"date":"2026-09-01T09:00:00","date_gmt":"2026-09-01T07:00:00","guid":{"rendered":"https:\/\/www.tucomarca.com\/wordpress\/segunda\/?p=312078"},"modified":"2026-09-01T18:20:52","modified_gmt":"2026-09-01T16:20:52","slug":"enguix-debatra-a-mexic-sobre-les-disputes-politiques-entorn-de-la-memoria-democratica-amb-doctores-en-historia","status":"publish","type":"post","link":"https:\/\/tucomarca.whitekongsoftware.com\/ca\/enguix-debatra-a-mexic-sobre-les-disputes-politiques-entorn-de-la-memoria-democratica-amb-doctores-en-historia\/","title":{"rendered":"Enguix debatr\u00e0 a M\u00e8xic sobre les disputes pol\u00edtiques entorn de la mem\u00f2ria democr\u00e0tica amb doctores en Hist\u00f2ria"},"content":{"rendered":"\n<h3 class=\"wp-block-heading\"><strong>La vicepresidenta de la Diputaci\u00f3 i responsable de Mem\u00f2ria participa entre l&#8217;1 i el 3 de setembre en l&#8217;obertura de les jornades \u2018Quan el m\u00f3n expulsa\u2019, aix\u00ed com en la taula sobre disputes i responsabilitats pol\u00edtiques<\/strong>.<\/h3>\n\n\n\n<h3 class=\"wp-block-heading\"><strong>Com evitar que la mem\u00f2ria democr\u00e0tica es redu\u00efsca a commemoraci\u00f3 o relat institucional? Sobre esta i altres q\u00fcestions debatr\u00e0 Nat\u00e0lia Enguix al costat de les doctores en Hist\u00f2ria Eugenia Allier i M\u00f3nica Acosta<\/strong>.<\/h3>\n\n\n\n<p class=\"wp-block-paragraph\">La vicepresidenta de la Diputaci\u00f3 de Val\u00e8ncia, Nat\u00e0lia Enguix, participar\u00e0 en les jornades &#8216;Quan el m\u00f3n expulsa: l&#8217;exili republic\u00e0, la mem\u00f2ria democr\u00e0tica i les mobilitats for\u00e7ades contempor\u00e0nies&#8217;, que tindran lloc entre l&#8217;1 el 3 de setembre en diferents localitzacions de Ciutat de M\u00e8xic. Enguix prendr\u00e0 la paraula en l&#8217;obertura de l&#8217;encontre, la taula de debat sobre les disputes pol\u00edtiques entorn de la mem\u00f2ria i el tancament de les jornades organitzades per l&#8217;Ateneu Espanyol de M\u00e8xic, la Universitat Iberoamericana, el Col\u00b7legi de M\u00e8xic i la Universitat de Val\u00e8ncia.<\/p>\n\n\n\n<p class=\"wp-block-paragraph\">La responsable provincial de Mem\u00f2ria compartir\u00e0 taula amb les doctores en Hist\u00f2ria Eugenia Allier, investigadora de la Universitat de M\u00e8xic, i M\u00f3nica Acosta, acad\u00e8mica en la Universitat Iberoamericana. L&#8217;investigador visitant a Nova York i el Col\u00b7legi de M\u00e8xic Jorge de Hoyos, tamb\u00e9 doctor en Hist\u00f2ria, exercir\u00e0 de moderador en el debat a tres bandes. Com evitar que la mem\u00f2ria democr\u00e0tica es redu\u00efsca a commemoraci\u00f3 o relat institucional? Sobre este punt de partida dialogaran i intercanviaran idees les tres oradores.<\/p>\n\n\n\n<p class=\"wp-block-paragraph\">En paraules de Nat\u00e0lia Enguix, \u201cel problema apareix quan la mem\u00f2ria es limita exclusivament a eixes commemoracions o quan es convertix en un relat institucional tancat. La verdadera responsabilitat p\u00fablica consistix en aconseguir que la mem\u00f2ria siga tamb\u00e9 una ferramenta per a comprendre el nostre present i enfortir la nostra democr\u00e0cia\u201d. En opini\u00f3 de la vicepresidenta, \u201cla mateixa evoluci\u00f3 de les pol\u00edtiques de mem\u00f2ria de la Diputaci\u00f3 durant estos \u00faltims deu anys \u00e9s un bon exemple, amb una aposta gradual per la visi\u00f3 did\u00e0ctica entre les noves generacions\u201d.<\/p>\n\n\n\n<p class=\"wp-block-paragraph\">En els primers anys, \u201cl&#8217;esfor\u00e7 es va concentrar en localitzar i exhumar fosses comunes i iniciar la identificaci\u00f3 de les v\u00edctimes. Sense abandonar les tasques de localitzaci\u00f3, exhumaci\u00f3 i identificaci\u00f3, hem anat incorporant, amb major intensitat, pol\u00edtiques de divulgaci\u00f3 i, especialment, d&#8217;educaci\u00f3\u201d, assenyala Enguix. \u201cSi volem que la mem\u00f2ria tinga una dimensi\u00f3 verdaderament democr\u00e0tica, no n&#8217;hi ha prou amb recuperar el passat: hem d&#8217;aconseguir que les noves generacions ho coneguen\u201d, afig com a avan\u00e7ament de la seua intervenci\u00f3 en el congr\u00e9s que se celebrar\u00e0 en uns dies en terres mexicanes.<\/p>\n\n\n\n<p class=\"wp-block-paragraph\"><strong>Exposici\u00f3 d&#8217;Eva M\u00e1\u00f1ez<\/strong><\/p>\n\n\n\n<p class=\"wp-block-paragraph\">En este context, la Diputaci\u00f3 col\u00b7labora en el projecte de la fotoperiodista Eva M\u00e1\u00f1ez, una exposici\u00f3 que s&#8217;exhibir\u00e0 en el marc de les jornades, amb l&#8217;impuls de l&#8217;Ateneu Espanyol de M\u00e8xic i la C\u00e0tedra de l&#8217;Exili Republic\u00e0 Espanyol de la Universitat de Val\u00e8ncia, amb l&#8217;objectiu de donar a con\u00e9ixer la vida dels valencians i valencianes que es van exiliar a M\u00e8xic a conseq\u00fc\u00e8ncia del conflicte b\u00e8l\u00b7lic. \u201cBuscar\u00e9 testimoniatges i tamb\u00e9 eixos llocs en els quals encara pot sentir-se la mem\u00f2ria i l&#8217;empremta d&#8217;aquells valencians\u201d, afirma M\u00e1\u00f1ez.<\/p>\n\n\n\n<p class=\"wp-block-paragraph\">El projecte &#8220;ens permetr\u00e0 passar de les grans dades de l&#8217;exili a les hist\u00f2ries personals, a les fam\u00edlies i als llocs en els quals aquelles persones van viure i van treballar\u201d, assenyala Enguix. La Diputaci\u00f3 donar\u00e0 continu\u00eftat a la iniciativa mitjan\u00e7ant l&#8217;edici\u00f3 d&#8217;una publicaci\u00f3 i el seu posterior trasllat a una exposici\u00f3 en Val\u00e8ncia, acostant aix\u00ed els resultats de la investigaci\u00f3 a la ciutadania valenciana.<\/p>\n\n\n\n<p class=\"wp-block-paragraph\">Per a Nat\u00e0lia Enguix, \u201cles institucions p\u00fabliques hem d&#8217;entendre que estes pol\u00edtiques no poden dependre \u00fanicament de les fam\u00edlies, les associacions o els investigadors\u201d. \u201cHui la mem\u00f2ria continua sent objecte de disputa pol\u00edtica i, a vegades, es presenta com una ferramenta partidista, quan hauria d&#8217;entendre&#8217;s com una responsabilitat de les institucions i com un patrimoni col\u00b7lectiu\u201d, assegura en la pr\u00e8via del seu viatge a M\u00e8xic, on s&#8217;abordaran q\u00fcestions com el concepte actual de mem\u00f2ria; el lloc que ocupen l&#8217;exili, les v\u00edctimes no canonitzades, els silencis i la transmissi\u00f3 intergeneracional; i l&#8217;agenda d&#8217;investigaci\u00f3 i acci\u00f3 p\u00fablica que hauria d&#8217;obrir-se de 2026 en avant.<\/p>\n\n\n\n<p class=\"wp-block-paragraph\"><\/p>\n","protected":false},"excerpt":{"rendered":"<div class=\"mh-excerpt\">La vicepresidenta de la Diputaci\u00f3 i responsable de Mem\u00f2ria participa entre l&#8217;1 i el 3 de setembre en l&#8217;obertura de les jornades \u2018Quan el m\u00f3n expulsa\u2019, aix\u00ed com en la taula sobre disputes i responsabilitats <a class=\"mh-excerpt-more\" href=\"https:\/\/tucomarca.whitekongsoftware.com\/ca\/enguix-debatra-a-mexic-sobre-les-disputes-politiques-entorn-de-la-memoria-democratica-amb-doctores-en-historia\/\" title=\"Enguix debatr\u00e0 a M\u00e8xic sobre les disputes pol\u00edtiques entorn de la mem\u00f2ria democr\u00e0tica amb doctores en Hist\u00f2ria\">[+] <\/a><\/div>\n","protected":false},"author":13,"featured_media":291662,"comment_status":"closed","ping_status":"open","sticky":false,"template":"","format":"standard","meta":{"footnotes":""},"categories":[10898,10948,10894,10904,10947,10896,10897],"tags":[11246,11199,16620],"class_list":["post-312078","post","type-post","status-publish","format-standard","has-post-thumbnail","category-ventana-ca","category-infraestructuras-ca","category-la-comarca-ca","category-sin-categorizar-ca","category-politica","category-seccion-ca","category-sucesos-la-comarca-ca","tag-diputacio-de-valencia-ca","tag-la-comunitat-ca","tag-memoria-democratica-ca"],"_links":{"self":[{"href":"https:\/\/tucomarca.whitekongsoftware.com\/ca\/wp-json\/wp\/v2\/posts\/312078","targetHints":{"allow":["GET"]}}],"collection":[{"href":"https:\/\/tucomarca.whitekongsoftware.com\/ca\/wp-json\/wp\/v2\/posts"}],"about":[{"href":"https:\/\/tucomarca.whitekongsoftware.com\/ca\/wp-json\/wp\/v2\/types\/post"}],"author":[{"embeddable":true,"href":"https:\/\/tucomarca.whitekongsoftware.com\/ca\/wp-json\/wp\/v2\/users\/13"}],"replies":[{"embeddable":true,"href":"https:\/\/tucomarca.whitekongsoftware.com\/ca\/wp-json\/wp\/v2\/comments?post=312078"}],"version-history":[{"count":1,"href":"https:\/\/tucomarca.whitekongsoftware.com\/ca\/wp-json\/wp\/v2\/posts\/312078\/revisions"}],"predecessor-version":[{"id":312079,"href":"https:\/\/tucomarca.whitekongsoftware.com\/ca\/wp-json\/wp\/v2\/posts\/312078\/revisions\/312079"}],"wp:featuredmedia":[{"embeddable":true,"href":"https:\/\/tucomarca.whitekongsoftware.com\/ca\/wp-json\/wp\/v2\/media\/291662"}],"wp:attachment":[{"href":"https:\/\/tucomarca.whitekongsoftware.com\/ca\/wp-json\/wp\/v2\/media?parent=312078"}],"wp:term":[{"taxonomy":"category","embeddable":true,"href":"https:\/\/tucomarca.whitekongsoftware.com\/ca\/wp-json\/wp\/v2\/categories?post=312078"},{"taxonomy":"post_tag","embeddable":true,"href":"https:\/\/tucomarca.whitekongsoftware.com\/ca\/wp-json\/wp\/v2\/tags?post=312078"}],"curies":[{"name":"wp","href":"https:\/\/api.w.org\/{rel}","templated":true}]}}