{"id":311314,"date":"2026-08-23T09:30:00","date_gmt":"2026-08-23T07:30:00","guid":{"rendered":"https:\/\/www.tucomarca.com\/wordpress\/segunda\/?p=311314"},"modified":"2026-08-24T15:37:40","modified_gmt":"2026-08-24T13:37:40","slug":"xest-acull-els-dies-5-i-6-de-setembre-la-ii-fira-de-caca-esportiva-amb-un-campionat-provincial-exhibicions-i-activitats-per-a-tota-la-familia","status":"publish","type":"post","link":"https:\/\/tucomarca.whitekongsoftware.com\/ca\/xest-acull-els-dies-5-i-6-de-setembre-la-ii-fira-de-caca-esportiva-amb-un-campionat-provincial-exhibicions-i-activitats-per-a-tota-la-familia\/","title":{"rendered":"Xest acull els dies 5 i 6 de setembre la II Fira de Ca\u00e7a Esportiva, amb un campionat provincial, exhibicions i activitats per a tota la fam\u00edlia"},"content":{"rendered":"\n<h3 class=\"wp-block-heading\">El Poliesportiu Municipal ser\u00e0 l&#8217;escenari d&#8217;una cita que consolida la tradici\u00f3 cineg\u00e8tica del municipi i que en la seua segona edici\u00f3 amplia el programa amb tallers infantils de fauna i flora, m\u00fasica flamenca en directe i una Copa Xest.<\/h3>\n\n\n\n<p class=\"wp-block-paragraph\">La Regidoria d&#8217;Esports de l&#8217;Ajuntament de Xest organitza la II Fira de Ca\u00e7a Esportiva de Xest, que se celebrar\u00e0 els pr\u00f2xims 5 i 6 de setembre en el Poliesportiu Municipal. L&#8217;esdeveniment, que en la seua primera edici\u00f3 va tindre un gran acolliment entre els aficionats a la ca\u00e7a esportiva de la comarca i de tota la Comunitat Valenciana, amplia enguany el seu programa per a atraure tamb\u00e9 al p\u00fablic familiar i als qui vulguen acostar-se per primera vegada a aquest esport i a la cultura de la muntanya.<\/p>\n\n\n\n<p class=\"wp-block-paragraph\">&#8220;La ca\u00e7a \u00e9s una modalitat esportiva que \u00e9s molt important per al control de l&#8217;ecosistema, i ajuda al control d&#8217;esp\u00e8cies, la qual cosa beneficia a l&#8217;agricultura, nucli de l&#8217;economia de Xest&#8221;, subratlla el regidor d&#8217;Esports i Agricultura, Adri\u00e1n Tar\u00edn, &#8220;a m\u00e9s, \u00e9s una manera m\u00e9s de con\u00e9ixer gent, de con\u00e9ixer el mitj\u00e0 i de tractar d&#8217;ajudar-nos entre tots&#8221;. Tar\u00edn ha recordat que aquesta cita respon a una demanda hist\u00f2rica del municipi: &#8220;L&#8217;edici\u00f3 passada de la fira va suposar una satisfacci\u00f3 molt gran perqu\u00e8 era una demanda hist\u00f2rica d&#8217;una poblaci\u00f3 que t\u00e9 molta afici\u00f3 a la ca\u00e7a, i va tindre un acolliment i una resposta molt bona&#8221;.<\/p>\n\n\n\n<p class=\"wp-block-paragraph\">&#8220;En aquest sentit, la Copa de Xest va ser el plat fort l&#8217;edici\u00f3 passada, i es repeteix enguany amb m\u00e9s del doble de participants de la nostra ciutat&#8221;, destaca Tar\u00edn, &#8220;la nostra intenci\u00f3 \u00e9s aconseguir el millor ambient possible, amb esperit de competici\u00f3 amistosa i sana amb altres clubs i germanors de ca\u00e7a&#8221;. Per aix\u00f2, des de la regidoria han volgut agrair espcialmente als municipis que tornen a participar enguany, com Estivella, Pedralba, Montroi, Monserrat, Real o Torrent.<\/p>\n\n\n\n<p class=\"wp-block-paragraph\"><strong>Un programa molt complet<\/strong><\/p>\n\n\n\n<p class=\"wp-block-paragraph\">La jornada del divendres 5 de setembre arrancar\u00e0 a les #6:00 amb el sorteig de zones i el desdejuni dels participants, i a les #7:00 donar\u00e0 principi el Campionat Provincial de Xarnego Valenci\u00e0, amb el lliurament de premis prevista per a les #14:00. A les #11:00 es produir\u00e0 l&#8217;obertura oficial de la fira, i a les #13:00 hi haur\u00e0 una degustaci\u00f3 de carn de ca\u00e7a. A les #15:00, menjar per a socis del club, autoritats i participants.<\/p>\n\n\n\n<p class=\"wp-block-paragraph\">El plat fort de la vesprada arribar\u00e0 a les #19:00 amb l&#8217;Exhibici\u00f3 M\u00e0 a m\u00e0 de Podenco Andal\u00fas, en la qual s&#8217;enfrontaran els equips formats per \u00c1ngel De la Creu i Jaume Coscoll\u00e1 contra Juan Bautista i Rafa Bernat. &#8220;Enguany tenim la novetat d&#8217;un m\u00e0 a m\u00e0 on una de les personalitats del poble participar\u00e0 amb un altre equip de fora&#8221;, ha destacat el regidor d&#8217;Esports i Agricultura.<\/p>\n\n\n\n<p class=\"wp-block-paragraph\">La segona jornada comen\u00e7ar\u00e0 igualment a les #6:00 amb el desdejuni, i a les #7:00 arrancar\u00e0 la Copa Xest. A partir de les #11:00, el programa s&#8217;obrir\u00e0 a tots els p\u00fablics amb activitats infantils, unflables i tallers de fauna i flora, als quals seguir\u00e0 a les #12:00 un reconeixement de ra\u00e7a de gossos i a les #13:30 el Concurs Monogr\u00e0fic de Races, amb lliurament de premis a les #14:00. La jornada es tancar\u00e0 amb m\u00fasica flamenca en directe a les #14:30 i un menjar de germanor de clubs a les #15:00.<\/p>\n\n\n\n<p class=\"wp-block-paragraph\">&#8220;Completem el cartell amb activitats i tallers per als xiquets, perqu\u00e8 coneguen la fauna i la flora que tenim en la Comunitat Valenciana i sobretot a Xest&#8221;, ha explicat Adri\u00e1n Tar\u00edn, &#8220;hi ha m\u00fasica en directe, activitats en l&#8217;aigua, i al final \u00e9s tractar de formar una fira que no sols es tracta de ca\u00e7a, sin\u00f3 tamb\u00e9 de con\u00e9ixer el medi ambient, de passar-lo b\u00e9 i d&#8217;albergar al major n\u00famero de gent possible, tant joves com adults&#8221;.<\/p>\n\n\n\n<p class=\"wp-block-paragraph\">La II Fira de Ca\u00e7a Esportiva de Xest compta amb la col\u00b7laboraci\u00f3 de la Federaci\u00f3 de Ca\u00e7a de la Comunitat Valenciana, Arion, el Club Espanyol del Xarnego Valenci\u00e0 i el Club de Colombicultura La Perdiu.<\/p>\n\n\n\n<p class=\"wp-block-paragraph\"><\/p>\n\n\n\n<figure class=\"wp-block-image size-full\"><img loading=\"lazy\" decoding=\"async\" width=\"941\" height=\"1672\" src=\"https:\/\/www.tucomarca.com\/wordpress\/segunda\/wp-content\/uploads\/2026\/08\/CazaCheste.jpeg\" alt=\"\" class=\"wp-image-311311\" srcset=\"https:\/\/tucomarca.whitekongsoftware.com\/wp-content\/uploads\/2026\/08\/CazaCheste.jpeg 941w, https:\/\/tucomarca.whitekongsoftware.com\/wp-content\/uploads\/2026\/08\/CazaCheste-214x381.jpeg 214w, https:\/\/tucomarca.whitekongsoftware.com\/wp-content\/uploads\/2026\/08\/CazaCheste-768x1365.jpeg 768w, https:\/\/tucomarca.whitekongsoftware.com\/wp-content\/uploads\/2026\/08\/CazaCheste-864x1536.jpeg 864w\" sizes=\"auto, (max-width: 941px) 100vw, 941px\" \/><\/figure>\n","protected":false},"excerpt":{"rendered":"<div class=\"mh-excerpt\">El Poliesportiu Municipal ser\u00e0 l&#8217;escenari d&#8217;una cita que consolida la tradici\u00f3 cineg\u00e8tica del municipi i que en la seua segona edici\u00f3 amplia el programa amb tallers infantils de fauna i flora, m\u00fasica flamenca en directe <a class=\"mh-excerpt-more\" href=\"https:\/\/tucomarca.whitekongsoftware.com\/ca\/xest-acull-els-dies-5-i-6-de-setembre-la-ii-fira-de-caca-esportiva-amb-un-campionat-provincial-exhibicions-i-activitats-per-a-tota-la-familia\/\" title=\"Xest acull els dies 5 i 6 de setembre la II Fira de Ca\u00e7a Esportiva, amb un campionat provincial, exhibicions i activitats per a tota la fam\u00edlia\">[+] <\/a><\/div>\n","protected":false},"author":1,"featured_media":311310,"comment_status":"closed","ping_status":"open","sticky":false,"template":"","format":"standard","meta":{"footnotes":""},"categories":[11019,10894,10912,10896,10974],"tags":[14456,11071,10914],"class_list":["post-311314","post","type-post","status-publish","format-standard","has-post-thumbnail","category-agenda-ca","category-la-comarca-ca","category-la-hoya-ca","category-seccion-ca","category-cheste-ca","tag-caza-ca","tag-cheste","tag-la-hoya-de-bunol-chiva-ca"],"_links":{"self":[{"href":"https:\/\/tucomarca.whitekongsoftware.com\/ca\/wp-json\/wp\/v2\/posts\/311314","targetHints":{"allow":["GET"]}}],"collection":[{"href":"https:\/\/tucomarca.whitekongsoftware.com\/ca\/wp-json\/wp\/v2\/posts"}],"about":[{"href":"https:\/\/tucomarca.whitekongsoftware.com\/ca\/wp-json\/wp\/v2\/types\/post"}],"author":[{"embeddable":true,"href":"https:\/\/tucomarca.whitekongsoftware.com\/ca\/wp-json\/wp\/v2\/users\/1"}],"replies":[{"embeddable":true,"href":"https:\/\/tucomarca.whitekongsoftware.com\/ca\/wp-json\/wp\/v2\/comments?post=311314"}],"version-history":[{"count":1,"href":"https:\/\/tucomarca.whitekongsoftware.com\/ca\/wp-json\/wp\/v2\/posts\/311314\/revisions"}],"predecessor-version":[{"id":311316,"href":"https:\/\/tucomarca.whitekongsoftware.com\/ca\/wp-json\/wp\/v2\/posts\/311314\/revisions\/311316"}],"wp:featuredmedia":[{"embeddable":true,"href":"https:\/\/tucomarca.whitekongsoftware.com\/ca\/wp-json\/wp\/v2\/media\/311310"}],"wp:attachment":[{"href":"https:\/\/tucomarca.whitekongsoftware.com\/ca\/wp-json\/wp\/v2\/media?parent=311314"}],"wp:term":[{"taxonomy":"category","embeddable":true,"href":"https:\/\/tucomarca.whitekongsoftware.com\/ca\/wp-json\/wp\/v2\/categories?post=311314"},{"taxonomy":"post_tag","embeddable":true,"href":"https:\/\/tucomarca.whitekongsoftware.com\/ca\/wp-json\/wp\/v2\/tags?post=311314"}],"curies":[{"name":"wp","href":"https:\/\/api.w.org\/{rel}","templated":true}]}}