{"id":311202,"date":"2026-08-23T11:15:00","date_gmt":"2026-08-23T09:15:00","guid":{"rendered":"https:\/\/www.tucomarca.com\/wordpress\/segunda\/?p=311202"},"modified":"2026-08-23T16:57:12","modified_gmt":"2026-08-23T14:57:12","slug":"fotogaleria-aixi-sha-viscut-la-inauguracio-del-recinte-firal-de-bunyol-el-prego-de-la-reina-de-les-festes-i-la-xaranga-dels-xinos","status":"publish","type":"post","link":"https:\/\/tucomarca.whitekongsoftware.com\/ca\/fotogaleria-aixi-sha-viscut-la-inauguracio-del-recinte-firal-de-bunyol-el-prego-de-la-reina-de-les-festes-i-la-xaranga-dels-xinos\/","title":{"rendered":"Fotogaleria: aix\u00ed s&#8217;ha viscut la inauguraci\u00f3 del recinte firal de Bunyol, el preg\u00f3 de la Reina de les Festes i la xaranga dels Xinos"},"content":{"rendered":"\n<p class=\"wp-block-paragraph\">Com \u00e9s tradicional, ha sigut la Reina de la Fira i Festes, J\u00falia Al\u00eds Braquessac, al costat de la seua cort d&#8217;honor i acompanyada per l&#8217;alcaldessa, Virginia Sanz, i pel regidor de Fira i Festes, Sergio Galarza, aix\u00ed com de la resta de la corporaci\u00f3 municipal, l&#8217;encarregada de tallar la cinta i il\u00b7luminar l&#8217;entrada que dona per inaugurada el recinte firal de Bunyol.<\/p>\n\n\n\n<p class=\"wp-block-paragraph\">Un poc abans, concretament a les 20,00 hores, es van obrir al p\u00fablic les exposicions art\u00edstiques: Sala Tomatina, \u201cMarcial Marco Sebasti\u00e1n, un artista per descobrir\u201d; Sala Raga, Vicenta Ballester \u201cJuegos de l&#8217;Aigua\u201d; Carrer Cid 43, Alumnes de l&#8217;escola de dibuix i pintura, EPA Bunyol; Hall de la biblioteca, Patrimoni Municipal.<\/p>\n\n\n\n<p class=\"wp-block-paragraph\">Ja a la nit va arribar el moment de la \u201cCercavila de la Tomaca\u201d, a c\u00e0rrec de la xaranga Els Xinos de Bunyol, que estre any han dedicat a D\u00e8lia Bullido i Ximo Clemente, membres de la xaranga morts recentment. Posteriorment, la Reina de les Festes, J\u00falia Al\u00eds va pronunciar des del balc\u00f3 de l&#8217;Ajuntament el Preg\u00f3 d&#8217;Inici de Festes. Informa, <strong>P. Ferrer<\/strong>.<\/p>\n\n\n\n<p class=\"wp-block-paragraph\">Fotos: <strong>A. Pall\u00e1s<\/strong>.<\/p>\n\n\n\n<figure class=\"wp-block-gallery has-nested-images columns-1 is-cropped wp-block-gallery-1 is-layout-flex wp-block-gallery-is-layout-flex\">\n<figure class=\"wp-block-image size-large\"><img loading=\"lazy\" decoding=\"async\" width=\"945\" height=\"638\" data-id=\"311168\" src=\"https:\/\/www.tucomarca.com\/wordpress\/segunda\/wp-content\/uploads\/2026\/08\/CorteCinta26_01.jpg\" alt=\"\" class=\"wp-image-311168\" srcset=\"https:\/\/tucomarca.whitekongsoftware.com\/wp-content\/uploads\/2026\/08\/CorteCinta26_01.jpg 945w, https:\/\/tucomarca.whitekongsoftware.com\/wp-content\/uploads\/2026\/08\/CorteCinta26_01-564x381.jpg 564w, https:\/\/tucomarca.whitekongsoftware.com\/wp-content\/uploads\/2026\/08\/CorteCinta26_01-768x519.jpg 768w\" sizes=\"auto, (max-width: 945px) 100vw, 945px\" \/><\/figure>\n\n\n\n<figure class=\"wp-block-image size-large\"><img loading=\"lazy\" decoding=\"async\" width=\"945\" height=\"638\" data-id=\"311170\" src=\"https:\/\/www.tucomarca.com\/wordpress\/segunda\/wp-content\/uploads\/2026\/08\/CorteCinta26_02.jpg\" alt=\"\" class=\"wp-image-311170\" srcset=\"https:\/\/tucomarca.whitekongsoftware.com\/wp-content\/uploads\/2026\/08\/CorteCinta26_02.jpg 945w, https:\/\/tucomarca.whitekongsoftware.com\/wp-content\/uploads\/2026\/08\/CorteCinta26_02-564x381.jpg 564w, https:\/\/tucomarca.whitekongsoftware.com\/wp-content\/uploads\/2026\/08\/CorteCinta26_02-768x519.jpg 768w\" sizes=\"auto, (max-width: 945px) 100vw, 945px\" \/><\/figure>\n\n\n\n<figure class=\"wp-block-image size-large\"><img loading=\"lazy\" decoding=\"async\" width=\"945\" height=\"638\" data-id=\"311172\" src=\"https:\/\/www.tucomarca.com\/wordpress\/segunda\/wp-content\/uploads\/2026\/08\/CorteCinta26_03.jpg\" alt=\"\" class=\"wp-image-311172\" srcset=\"https:\/\/tucomarca.whitekongsoftware.com\/wp-content\/uploads\/2026\/08\/CorteCinta26_03.jpg 945w, https:\/\/tucomarca.whitekongsoftware.com\/wp-content\/uploads\/2026\/08\/CorteCinta26_03-564x381.jpg 564w, https:\/\/tucomarca.whitekongsoftware.com\/wp-content\/uploads\/2026\/08\/CorteCinta26_03-768x519.jpg 768w\" sizes=\"auto, (max-width: 945px) 100vw, 945px\" \/><\/figure>\n\n\n\n<figure class=\"wp-block-image size-large\"><img loading=\"lazy\" decoding=\"async\" width=\"945\" height=\"638\" data-id=\"311174\" src=\"https:\/\/www.tucomarca.com\/wordpress\/segunda\/wp-content\/uploads\/2026\/08\/CorteCinta26_04.jpg\" alt=\"\" class=\"wp-image-311174\" srcset=\"https:\/\/tucomarca.whitekongsoftware.com\/wp-content\/uploads\/2026\/08\/CorteCinta26_04.jpg 945w, https:\/\/tucomarca.whitekongsoftware.com\/wp-content\/uploads\/2026\/08\/CorteCinta26_04-564x381.jpg 564w, https:\/\/tucomarca.whitekongsoftware.com\/wp-content\/uploads\/2026\/08\/CorteCinta26_04-768x519.jpg 768w\" sizes=\"auto, (max-width: 945px) 100vw, 945px\" \/><\/figure>\n\n\n\n<figure class=\"wp-block-image size-large\"><img loading=\"lazy\" decoding=\"async\" width=\"945\" height=\"638\" data-id=\"311176\" src=\"https:\/\/www.tucomarca.com\/wordpress\/segunda\/wp-content\/uploads\/2026\/08\/CorteCinta26_05.jpg\" alt=\"\" class=\"wp-image-311176\" srcset=\"https:\/\/tucomarca.whitekongsoftware.com\/wp-content\/uploads\/2026\/08\/CorteCinta26_05.jpg 945w, https:\/\/tucomarca.whitekongsoftware.com\/wp-content\/uploads\/2026\/08\/CorteCinta26_05-564x381.jpg 564w, https:\/\/tucomarca.whitekongsoftware.com\/wp-content\/uploads\/2026\/08\/CorteCinta26_05-768x519.jpg 768w\" sizes=\"auto, (max-width: 945px) 100vw, 945px\" \/><\/figure>\n\n\n\n<figure class=\"wp-block-image size-large\"><img loading=\"lazy\" decoding=\"async\" width=\"945\" height=\"638\" data-id=\"311178\" src=\"https:\/\/www.tucomarca.com\/wordpress\/segunda\/wp-content\/uploads\/2026\/08\/CorteCinta26_06.jpg\" alt=\"\" class=\"wp-image-311178\" srcset=\"https:\/\/tucomarca.whitekongsoftware.com\/wp-content\/uploads\/2026\/08\/CorteCinta26_06.jpg 945w, https:\/\/tucomarca.whitekongsoftware.com\/wp-content\/uploads\/2026\/08\/CorteCinta26_06-564x381.jpg 564w, https:\/\/tucomarca.whitekongsoftware.com\/wp-content\/uploads\/2026\/08\/CorteCinta26_06-768x519.jpg 768w\" sizes=\"auto, (max-width: 945px) 100vw, 945px\" \/><\/figure>\n\n\n\n<figure class=\"wp-block-image size-large\"><img loading=\"lazy\" decoding=\"async\" width=\"945\" height=\"638\" data-id=\"311180\" src=\"https:\/\/www.tucomarca.com\/wordpress\/segunda\/wp-content\/uploads\/2026\/08\/CorteCinta26_07.jpg\" alt=\"\" class=\"wp-image-311180\" srcset=\"https:\/\/tucomarca.whitekongsoftware.com\/wp-content\/uploads\/2026\/08\/CorteCinta26_07.jpg 945w, https:\/\/tucomarca.whitekongsoftware.com\/wp-content\/uploads\/2026\/08\/CorteCinta26_07-564x381.jpg 564w, https:\/\/tucomarca.whitekongsoftware.com\/wp-content\/uploads\/2026\/08\/CorteCinta26_07-768x519.jpg 768w\" sizes=\"auto, (max-width: 945px) 100vw, 945px\" \/><\/figure>\n\n\n\n<figure class=\"wp-block-image size-large\"><img loading=\"lazy\" decoding=\"async\" width=\"945\" height=\"638\" data-id=\"311182\" src=\"https:\/\/www.tucomarca.com\/wordpress\/segunda\/wp-content\/uploads\/2026\/08\/CorteCinta26_08.jpg\" alt=\"\" class=\"wp-image-311182\" srcset=\"https:\/\/tucomarca.whitekongsoftware.com\/wp-content\/uploads\/2026\/08\/CorteCinta26_08.jpg 945w, https:\/\/tucomarca.whitekongsoftware.com\/wp-content\/uploads\/2026\/08\/CorteCinta26_08-564x381.jpg 564w, https:\/\/tucomarca.whitekongsoftware.com\/wp-content\/uploads\/2026\/08\/CorteCinta26_08-768x519.jpg 768w\" sizes=\"auto, (max-width: 945px) 100vw, 945px\" \/><\/figure>\n\n\n\n<figure class=\"wp-block-image size-large\"><img loading=\"lazy\" decoding=\"async\" width=\"945\" height=\"638\" data-id=\"311186\" src=\"https:\/\/www.tucomarca.com\/wordpress\/segunda\/wp-content\/uploads\/2026\/08\/CorteCinta26_10.jpg\" alt=\"\" class=\"wp-image-311186\" srcset=\"https:\/\/tucomarca.whitekongsoftware.com\/wp-content\/uploads\/2026\/08\/CorteCinta26_10.jpg 945w, https:\/\/tucomarca.whitekongsoftware.com\/wp-content\/uploads\/2026\/08\/CorteCinta26_10-564x381.jpg 564w, https:\/\/tucomarca.whitekongsoftware.com\/wp-content\/uploads\/2026\/08\/CorteCinta26_10-768x519.jpg 768w\" sizes=\"auto, (max-width: 945px) 100vw, 945px\" \/><\/figure>\n\n\n\n<figure class=\"wp-block-image size-large\"><img loading=\"lazy\" decoding=\"async\" width=\"945\" height=\"638\" data-id=\"311190\" src=\"https:\/\/www.tucomarca.com\/wordpress\/segunda\/wp-content\/uploads\/2026\/08\/PregonXinos26_01.jpg\" alt=\"\" class=\"wp-image-311190\" srcset=\"https:\/\/tucomarca.whitekongsoftware.com\/wp-content\/uploads\/2026\/08\/PregonXinos26_01.jpg 945w, https:\/\/tucomarca.whitekongsoftware.com\/wp-content\/uploads\/2026\/08\/PregonXinos26_01-564x381.jpg 564w, https:\/\/tucomarca.whitekongsoftware.com\/wp-content\/uploads\/2026\/08\/PregonXinos26_01-768x519.jpg 768w\" sizes=\"auto, (max-width: 945px) 100vw, 945px\" \/><\/figure>\n\n\n\n<figure class=\"wp-block-image size-large\"><img loading=\"lazy\" decoding=\"async\" width=\"945\" height=\"638\" data-id=\"311192\" src=\"https:\/\/www.tucomarca.com\/wordpress\/segunda\/wp-content\/uploads\/2026\/08\/PregonXinos26_02.jpg\" alt=\"\" class=\"wp-image-311192\" srcset=\"https:\/\/tucomarca.whitekongsoftware.com\/wp-content\/uploads\/2026\/08\/PregonXinos26_02.jpg 945w, https:\/\/tucomarca.whitekongsoftware.com\/wp-content\/uploads\/2026\/08\/PregonXinos26_02-564x381.jpg 564w, https:\/\/tucomarca.whitekongsoftware.com\/wp-content\/uploads\/2026\/08\/PregonXinos26_02-768x519.jpg 768w\" sizes=\"auto, (max-width: 945px) 100vw, 945px\" \/><\/figure>\n\n\n\n<figure class=\"wp-block-image size-large\"><img loading=\"lazy\" decoding=\"async\" width=\"945\" height=\"638\" data-id=\"311198\" src=\"https:\/\/www.tucomarca.com\/wordpress\/segunda\/wp-content\/uploads\/2026\/08\/PregonXinos26_05.jpg\" alt=\"\" class=\"wp-image-311198\" srcset=\"https:\/\/tucomarca.whitekongsoftware.com\/wp-content\/uploads\/2026\/08\/PregonXinos26_05.jpg 945w, https:\/\/tucomarca.whitekongsoftware.com\/wp-content\/uploads\/2026\/08\/PregonXinos26_05-564x381.jpg 564w, https:\/\/tucomarca.whitekongsoftware.com\/wp-content\/uploads\/2026\/08\/PregonXinos26_05-768x519.jpg 768w\" sizes=\"auto, (max-width: 945px) 100vw, 945px\" \/><\/figure>\n\n\n\n<figure class=\"wp-block-image size-large\"><img loading=\"lazy\" decoding=\"async\" width=\"945\" height=\"638\" data-id=\"311194\" src=\"https:\/\/www.tucomarca.com\/wordpress\/segunda\/wp-content\/uploads\/2026\/08\/PregonXinos26_03.jpg\" alt=\"\" class=\"wp-image-311194\" srcset=\"https:\/\/tucomarca.whitekongsoftware.com\/wp-content\/uploads\/2026\/08\/PregonXinos26_03.jpg 945w, https:\/\/tucomarca.whitekongsoftware.com\/wp-content\/uploads\/2026\/08\/PregonXinos26_03-564x381.jpg 564w, https:\/\/tucomarca.whitekongsoftware.com\/wp-content\/uploads\/2026\/08\/PregonXinos26_03-768x519.jpg 768w\" sizes=\"auto, (max-width: 945px) 100vw, 945px\" \/><\/figure>\n\n\n\n<figure class=\"wp-block-image size-large\"><img loading=\"lazy\" decoding=\"async\" width=\"945\" height=\"638\" data-id=\"311196\" src=\"https:\/\/www.tucomarca.com\/wordpress\/segunda\/wp-content\/uploads\/2026\/08\/PregonXinos26_04.jpg\" alt=\"\" class=\"wp-image-311196\" srcset=\"https:\/\/tucomarca.whitekongsoftware.com\/wp-content\/uploads\/2026\/08\/PregonXinos26_04.jpg 945w, https:\/\/tucomarca.whitekongsoftware.com\/wp-content\/uploads\/2026\/08\/PregonXinos26_04-564x381.jpg 564w, https:\/\/tucomarca.whitekongsoftware.com\/wp-content\/uploads\/2026\/08\/PregonXinos26_04-768x519.jpg 768w\" sizes=\"auto, (max-width: 945px) 100vw, 945px\" \/><\/figure>\n<\/figure>\n","protected":false},"excerpt":{"rendered":"<div class=\"mh-excerpt\">Com \u00e9s tradicional, ha sigut la Reina de la Fira i Festes, J\u00falia Al\u00eds Braquessac, al costat de la seua cort d&#8217;honor i acompanyada per l&#8217;alcaldessa, Virginia Sanz, i pel regidor de Fira i Festes, <a class=\"mh-excerpt-more\" href=\"https:\/\/tucomarca.whitekongsoftware.com\/ca\/fotogaleria-aixi-sha-viscut-la-inauguracio-del-recinte-firal-de-bunyol-el-prego-de-la-reina-de-les-festes-i-la-xaranga-dels-xinos\/\" title=\"Fotogaleria: aix\u00ed s&#8217;ha viscut la inauguraci\u00f3 del recinte firal de Bunyol, el preg\u00f3 de la Reina de les Festes i la xaranga dels Xinos\">[+] <\/a><\/div>\n","protected":false},"author":12,"featured_media":311167,"comment_status":"closed","ping_status":"open","sticky":false,"template":"","format":"gallery","meta":{"footnotes":""},"categories":[10911,11005,10894,10912,11004,11007,11008,10896],"tags":[10913,24766,10914],"class_list":["post-311202","post","type-post","status-publish","format-gallery","has-post-thumbnail","category-bunol-ca","category-canal-musica","category-la-comarca-ca","category-la-hoya-ca","category-la-semana-en-imagenes-ca","category-ocio-y-cultura-ca","category-pueblos-en-fiestas-ca","category-seccion-ca","tag-bunol-ca","tag-feria-y-fiestas-de-bunol-2026","tag-la-hoya-de-bunol-chiva-ca","post_format-post-format-gallery"],"_links":{"self":[{"href":"https:\/\/tucomarca.whitekongsoftware.com\/ca\/wp-json\/wp\/v2\/posts\/311202","targetHints":{"allow":["GET"]}}],"collection":[{"href":"https:\/\/tucomarca.whitekongsoftware.com\/ca\/wp-json\/wp\/v2\/posts"}],"about":[{"href":"https:\/\/tucomarca.whitekongsoftware.com\/ca\/wp-json\/wp\/v2\/types\/post"}],"author":[{"embeddable":true,"href":"https:\/\/tucomarca.whitekongsoftware.com\/ca\/wp-json\/wp\/v2\/users\/12"}],"replies":[{"embeddable":true,"href":"https:\/\/tucomarca.whitekongsoftware.com\/ca\/wp-json\/wp\/v2\/comments?post=311202"}],"version-history":[{"count":2,"href":"https:\/\/tucomarca.whitekongsoftware.com\/ca\/wp-json\/wp\/v2\/posts\/311202\/revisions"}],"predecessor-version":[{"id":311206,"href":"https:\/\/tucomarca.whitekongsoftware.com\/ca\/wp-json\/wp\/v2\/posts\/311202\/revisions\/311206"}],"wp:featuredmedia":[{"embeddable":true,"href":"https:\/\/tucomarca.whitekongsoftware.com\/ca\/wp-json\/wp\/v2\/media\/311167"}],"wp:attachment":[{"href":"https:\/\/tucomarca.whitekongsoftware.com\/ca\/wp-json\/wp\/v2\/media?parent=311202"}],"wp:term":[{"taxonomy":"category","embeddable":true,"href":"https:\/\/tucomarca.whitekongsoftware.com\/ca\/wp-json\/wp\/v2\/categories?post=311202"},{"taxonomy":"post_tag","embeddable":true,"href":"https:\/\/tucomarca.whitekongsoftware.com\/ca\/wp-json\/wp\/v2\/tags?post=311202"}],"curies":[{"name":"wp","href":"https:\/\/api.w.org\/{rel}","templated":true}]}}