{"id":311157,"date":"2026-08-23T11:00:00","date_gmt":"2026-08-23T09:00:00","guid":{"rendered":"https:\/\/www.tucomarca.com\/wordpress\/segunda\/?p=311157"},"modified":"2026-08-23T14:37:32","modified_gmt":"2026-08-23T12:37:32","slug":"fotogaleria-bunyol-recapta-5-722e-en-el-seu-popular-acapte-contra-el-cancer-de-la-fira-i-festes-2026","status":"publish","type":"post","link":"https:\/\/tucomarca.whitekongsoftware.com\/ca\/fotogaleria-bunyol-recapta-5-722e-en-el-seu-popular-acapte-contra-el-cancer-de-la-fira-i-festes-2026\/","title":{"rendered":"Fotogaleria: Bunyol recapta 5.722\u20ac en el seu popular acapte contra el c\u00e0ncer de la Fira i Festes 2026"},"content":{"rendered":"\n<p class=\"wp-block-paragraph\">La Junta Local de la AECC de Bunyol, ha realitzat el seu acapte anual de Fira i Festes aquest divendres amb taules petit\u00f2ries en diversos punts del municipi amb una recaptaci\u00f3 total de 5.722 \u20ac.<\/p>\n\n\n\n<p class=\"wp-block-paragraph\">Durant el mat\u00ed, set taules m\u00e9s una gran quantitat de volunt\u00e0ries i voluntaris van rec\u00f3rrer els carrers m\u00e9s c\u00e8ntrics de la localitat, aix\u00ed com el mercat dels divendres en aquesta recaptaci\u00f3 solid\u00e0ria per a la lluita contra el c\u00e0ncer.<\/p>\n\n\n\n<p class=\"wp-block-paragraph\">Per a finalitzar la jornada com cada any, s&#8217;ha realitzat el tradicional menjar per a col\u00b7laboradores i col\u00b7laboradors en la Posada Venda Pilar. Informa, <strong>P. Ferrer<\/strong>.<\/p>\n\n\n\n<figure class=\"wp-block-gallery has-nested-images columns-1 is-cropped wp-block-gallery-1 is-layout-flex wp-block-gallery-is-layout-flex\">\n<figure class=\"wp-block-image size-large\"><img loading=\"lazy\" decoding=\"async\" width=\"945\" height=\"638\" data-id=\"311144\" src=\"https:\/\/www.tucomarca.com\/wordpress\/segunda\/wp-content\/uploads\/2026\/08\/BunolCancer-08-1.jpg\" alt=\"\" class=\"wp-image-311144\" srcset=\"https:\/\/tucomarca.whitekongsoftware.com\/wp-content\/uploads\/2026\/08\/BunolCancer-08-1.jpg 945w, https:\/\/tucomarca.whitekongsoftware.com\/wp-content\/uploads\/2026\/08\/BunolCancer-08-1-564x381.jpg 564w, https:\/\/tucomarca.whitekongsoftware.com\/wp-content\/uploads\/2026\/08\/BunolCancer-08-1-768x519.jpg 768w\" sizes=\"auto, (max-width: 945px) 100vw, 945px\" \/><\/figure>\n\n\n\n<figure class=\"wp-block-image size-full\"><img loading=\"lazy\" decoding=\"async\" width=\"945\" height=\"638\" data-id=\"311153\" src=\"https:\/\/www.tucomarca.com\/wordpress\/segunda\/wp-content\/uploads\/2026\/08\/BunolCancer-36-1.jpg\" alt=\"\" class=\"wp-image-311153\" srcset=\"https:\/\/tucomarca.whitekongsoftware.com\/wp-content\/uploads\/2026\/08\/BunolCancer-36-1.jpg 945w, https:\/\/tucomarca.whitekongsoftware.com\/wp-content\/uploads\/2026\/08\/BunolCancer-36-1-564x381.jpg 564w, https:\/\/tucomarca.whitekongsoftware.com\/wp-content\/uploads\/2026\/08\/BunolCancer-36-1-768x519.jpg 768w\" sizes=\"auto, (max-width: 945px) 100vw, 945px\" \/><\/figure>\n\n\n\n<figure class=\"wp-block-image size-large\"><img loading=\"lazy\" decoding=\"async\" width=\"945\" height=\"638\" data-id=\"311152\" src=\"https:\/\/www.tucomarca.com\/wordpress\/segunda\/wp-content\/uploads\/2026\/08\/BunolCancer-37-1.jpg\" alt=\"\" class=\"wp-image-311152\" srcset=\"https:\/\/tucomarca.whitekongsoftware.com\/wp-content\/uploads\/2026\/08\/BunolCancer-37-1.jpg 945w, https:\/\/tucomarca.whitekongsoftware.com\/wp-content\/uploads\/2026\/08\/BunolCancer-37-1-564x381.jpg 564w, https:\/\/tucomarca.whitekongsoftware.com\/wp-content\/uploads\/2026\/08\/BunolCancer-37-1-768x519.jpg 768w\" sizes=\"auto, (max-width: 945px) 100vw, 945px\" \/><\/figure>\n\n\n\n<figure class=\"wp-block-image size-large\"><img loading=\"lazy\" decoding=\"async\" width=\"945\" height=\"638\" data-id=\"311146\" src=\"https:\/\/www.tucomarca.com\/wordpress\/segunda\/wp-content\/uploads\/2026\/08\/BunolCancer-39-1.jpg\" alt=\"\" class=\"wp-image-311146\" srcset=\"https:\/\/tucomarca.whitekongsoftware.com\/wp-content\/uploads\/2026\/08\/BunolCancer-39-1.jpg 945w, https:\/\/tucomarca.whitekongsoftware.com\/wp-content\/uploads\/2026\/08\/BunolCancer-39-1-564x381.jpg 564w, https:\/\/tucomarca.whitekongsoftware.com\/wp-content\/uploads\/2026\/08\/BunolCancer-39-1-768x519.jpg 768w\" sizes=\"auto, (max-width: 945px) 100vw, 945px\" \/><\/figure>\n\n\n\n<figure class=\"wp-block-image size-large\"><img loading=\"lazy\" decoding=\"async\" width=\"945\" height=\"638\" data-id=\"311149\" src=\"https:\/\/www.tucomarca.com\/wordpress\/segunda\/wp-content\/uploads\/2026\/08\/BunolCancer-32-1.jpg\" alt=\"\" class=\"wp-image-311149\" srcset=\"https:\/\/tucomarca.whitekongsoftware.com\/wp-content\/uploads\/2026\/08\/BunolCancer-32-1.jpg 945w, https:\/\/tucomarca.whitekongsoftware.com\/wp-content\/uploads\/2026\/08\/BunolCancer-32-1-564x381.jpg 564w, https:\/\/tucomarca.whitekongsoftware.com\/wp-content\/uploads\/2026\/08\/BunolCancer-32-1-768x519.jpg 768w\" sizes=\"auto, (max-width: 945px) 100vw, 945px\" \/><\/figure>\n\n\n\n<figure class=\"wp-block-image size-large\"><img loading=\"lazy\" decoding=\"async\" width=\"945\" height=\"638\" data-id=\"311148\" src=\"https:\/\/www.tucomarca.com\/wordpress\/segunda\/wp-content\/uploads\/2026\/08\/BunolCancer-57-1.jpg\" alt=\"\" class=\"wp-image-311148\" srcset=\"https:\/\/tucomarca.whitekongsoftware.com\/wp-content\/uploads\/2026\/08\/BunolCancer-57-1.jpg 945w, https:\/\/tucomarca.whitekongsoftware.com\/wp-content\/uploads\/2026\/08\/BunolCancer-57-1-564x381.jpg 564w, https:\/\/tucomarca.whitekongsoftware.com\/wp-content\/uploads\/2026\/08\/BunolCancer-57-1-768x519.jpg 768w\" sizes=\"auto, (max-width: 945px) 100vw, 945px\" \/><\/figure>\n<\/figure>\n","protected":false},"excerpt":{"rendered":"<div class=\"mh-excerpt\">La Junta Local de la AECC de Bunyol, ha realitzat el seu acapte anual de Fira i Festes aquest divendres amb taules petit\u00f2ries en diversos punts del municipi amb una recaptaci\u00f3 total de 5.722 \u20ac. <a class=\"mh-excerpt-more\" href=\"https:\/\/tucomarca.whitekongsoftware.com\/ca\/fotogaleria-bunyol-recapta-5-722e-en-el-seu-popular-acapte-contra-el-cancer-de-la-fira-i-festes-2026\/\" title=\"Fotogaleria: Bunyol recapta 5.722\u20ac en el seu popular acapte contra el c\u00e0ncer de la Fira i Festes 2026\">[+] <\/a><\/div>\n","protected":false},"author":12,"featured_media":311134,"comment_status":"closed","ping_status":"open","sticky":false,"template":"","format":"gallery","meta":{"footnotes":""},"categories":[10911,10894,10912,11004,11007,11008,10896],"tags":[11425,10913,24766,10914],"class_list":["post-311157","post","type-post","status-publish","format-gallery","has-post-thumbnail","category-bunol-ca","category-la-comarca-ca","category-la-hoya-ca","category-la-semana-en-imagenes-ca","category-ocio-y-cultura-ca","category-pueblos-en-fiestas-ca","category-seccion-ca","tag-aecc-bunol-ca","tag-bunol-ca","tag-feria-y-fiestas-de-bunol-2026","tag-la-hoya-de-bunol-chiva-ca","post_format-post-format-gallery"],"_links":{"self":[{"href":"https:\/\/tucomarca.whitekongsoftware.com\/ca\/wp-json\/wp\/v2\/posts\/311157","targetHints":{"allow":["GET"]}}],"collection":[{"href":"https:\/\/tucomarca.whitekongsoftware.com\/ca\/wp-json\/wp\/v2\/posts"}],"about":[{"href":"https:\/\/tucomarca.whitekongsoftware.com\/ca\/wp-json\/wp\/v2\/types\/post"}],"author":[{"embeddable":true,"href":"https:\/\/tucomarca.whitekongsoftware.com\/ca\/wp-json\/wp\/v2\/users\/12"}],"replies":[{"embeddable":true,"href":"https:\/\/tucomarca.whitekongsoftware.com\/ca\/wp-json\/wp\/v2\/comments?post=311157"}],"version-history":[{"count":3,"href":"https:\/\/tucomarca.whitekongsoftware.com\/ca\/wp-json\/wp\/v2\/posts\/311157\/revisions"}],"predecessor-version":[{"id":311164,"href":"https:\/\/tucomarca.whitekongsoftware.com\/ca\/wp-json\/wp\/v2\/posts\/311157\/revisions\/311164"}],"wp:featuredmedia":[{"embeddable":true,"href":"https:\/\/tucomarca.whitekongsoftware.com\/ca\/wp-json\/wp\/v2\/media\/311134"}],"wp:attachment":[{"href":"https:\/\/tucomarca.whitekongsoftware.com\/ca\/wp-json\/wp\/v2\/media?parent=311157"}],"wp:term":[{"taxonomy":"category","embeddable":true,"href":"https:\/\/tucomarca.whitekongsoftware.com\/ca\/wp-json\/wp\/v2\/categories?post=311157"},{"taxonomy":"post_tag","embeddable":true,"href":"https:\/\/tucomarca.whitekongsoftware.com\/ca\/wp-json\/wp\/v2\/tags?post=311157"}],"curies":[{"name":"wp","href":"https:\/\/api.w.org\/{rel}","templated":true}]}}