{"id":311124,"date":"2026-08-22T12:00:00","date_gmt":"2026-08-22T10:00:00","guid":{"rendered":"https:\/\/www.tucomarca.com\/wordpress\/segunda\/?p=311124"},"modified":"2026-08-22T16:14:19","modified_gmt":"2026-08-22T14:14:19","slug":"fotogaleria-bunyol-gaudeix-de-ledicio-mes-internacional-de-la-seua-tomatina-infantil-amb-xiquets-de-diferents-nacionalitats","status":"publish","type":"post","link":"https:\/\/tucomarca.whitekongsoftware.com\/ca\/fotogaleria-bunyol-gaudeix-de-ledicio-mes-internacional-de-la-seua-tomatina-infantil-amb-xiquets-de-diferents-nacionalitats\/","title":{"rendered":"Fotogaleria: Bunyol gaudeix de l&#8217;edici\u00f3 m\u00e9s internacional de la seua Tomatina infantil amb xiquets de diferents nacionalitats"},"content":{"rendered":"\n<h3 class=\"wp-block-heading\">M\u00e9s de 1.000 xiquets de, almenys, huit pa\u00efsos han tenyit de roig Bunyol amb 5.000 quilos de tomaca en la 7a edici\u00f3 de La Tomatina infantil.<\/h3>\n\n\n\n<h3 class=\"wp-block-heading\">La pla\u00e7a del Poble acull amb rotund \u00e8xit la versi\u00f3 adaptada per als m\u00e9s xicotets, amb una \u00e0mplia pres\u00e8ncia de fam\u00edlies procedents de diversos pa\u00efsos de la Uni\u00f3 Europea.<\/h3>\n\n\n\n<h3 class=\"wp-block-heading\">La cita consolida el seu arrelament com a avantsala festiva i segura a quatre dies de la gran festa internacional del pr\u00f2xim dimecres 26 d&#8217;agost.<\/h3>\n\n\n\n<p class=\"wp-block-paragraph\">La pla\u00e7a del Poble de Bunyol ha tornat a omplir-se aquest dissabte de festa, color i conviv\u00e8ncia amb la celebraci\u00f3 de la 7a edici\u00f3 de la Tomatina Infantil. M\u00e9s de 1.000 xiquets i xiquetes han participat en una batalla pac\u00edfica i festiva en la qual s&#8217;han emprat 5.000 quilos de tomaca especialment seleccionada i madurat per a l&#8217;ocasi\u00f3.<\/p>\n\n\n\n<p class=\"wp-block-paragraph\">L&#8217;esdeveniment, reservat per a participants d&#8217;entre 4 i 14 anys, ha revalidat el seu \u00e8xit organitzatiu i la seua projecci\u00f3 exterior en reunir menors procedents de fins a 13 nacionalitats distintes, amb una destacada aflu\u00e8ncia de fam\u00edlies arribades des de diversos pa\u00efsos de la Uni\u00f3 Europea, a m\u00e9s del p\u00fablic local i auton\u00f2mic. En aquesta ocasi\u00f3 es van concentrar fam\u00edlies i participants d&#8217;Holanda, l&#8217;\u00cdndia, Fran\u00e7a, Alemanya, el Regne Unit, els Estats Units, el Jap\u00f3 i la Xina.<\/p>\n\n\n\n<p class=\"wp-block-paragraph\">Sergio Galarza, Regidor de Tomatina, va confirmar l&#8217;\u00e8xit d&#8217;aquesta proposta: \u201c\u00c9s un luxe veure com es creen aficionats a la Tomatina de totes les edats i parts del m\u00f3n.<\/p>\n\n\n\n<p class=\"wp-block-paragraph\">Abans de l&#8217;esdeveniment, com bu\u00f1olero, \u00e9s especial veure a tanta fam\u00edlia recorrent els carrers de Bunyol, perqu\u00e8 generen una adhesi\u00f3 i una simpatia especial. S\u00f3n fam\u00edlies\u201d.<\/p>\n\n\n\n<p class=\"wp-block-paragraph\">Durant una hora, el recinte delimitat ha perm\u00e9s als m\u00e9s joves experimentar l&#8217;emoci\u00f3 de la festa en un entorn completament segur, adaptat a les seues necessitats i dissenyat per a fomentar el joc net i la diversi\u00f3 compartida. Despr\u00e9s del llan\u00e7ament de l&#8217;\u00faltima tomaca, els serveis municipals de neteja i els voluntaris han condicionat l&#8217;espai amb aigua a pressi\u00f3 en q\u00fcesti\u00f3 de minuts.<\/p>\n\n\n\n<p class=\"wp-block-paragraph\">Per a Galarza La Tomatina Infantil \u00e9s un luxe per a Bunyol perqu\u00e8 es genera un visitant m\u00e9s amable. \u201cEls que venen amb els seus xiquets de L&#8217;\u00cdndia o d&#8217;Holanda, per exemple, eixos ja s\u00f3n mitj\u00e0 bu\u00f1oleros per a la resta de la seua vida\u201d.<\/p>\n\n\n\n<p class=\"wp-block-paragraph\">La Tomatina Infantil consolida aix\u00ed el seu paper com una de les cites familiars m\u00e9s esperades del calendari estival de Bunyol, servint d&#8217;avantsala oficial a la 79a edici\u00f3 de La Tomatina, que se celebrar\u00e0 dimecres que ve 26 d&#8217;agost amb m\u00e9s de 20.000 assistents de tot el m\u00f3n.<\/p>\n\n\n\n<p class=\"wp-block-paragraph\">Fotos: <strong>A. Pall\u00e1s<\/strong>.<\/p>\n\n\n\n<figure class=\"wp-block-gallery has-nested-images columns-1 is-cropped wp-block-gallery-1 is-layout-flex wp-block-gallery-is-layout-flex\">\n<figure class=\"wp-block-image size-large\"><img loading=\"lazy\" decoding=\"async\" width=\"1600\" height=\"1200\" data-id=\"311120\" src=\"https:\/\/www.tucomarca.com\/wordpress\/segunda\/wp-content\/uploads\/2026\/08\/TomatinaInfantil_09.jpg\" alt=\"\" class=\"wp-image-311120\" srcset=\"https:\/\/tucomarca.whitekongsoftware.com\/wp-content\/uploads\/2026\/08\/TomatinaInfantil_09.jpg 1600w, https:\/\/tucomarca.whitekongsoftware.com\/wp-content\/uploads\/2026\/08\/TomatinaInfantil_09-508x381.jpg 508w, https:\/\/tucomarca.whitekongsoftware.com\/wp-content\/uploads\/2026\/08\/TomatinaInfantil_09-326x245.jpg 326w, https:\/\/tucomarca.whitekongsoftware.com\/wp-content\/uploads\/2026\/08\/TomatinaInfantil_09-768x576.jpg 768w, https:\/\/tucomarca.whitekongsoftware.com\/wp-content\/uploads\/2026\/08\/TomatinaInfantil_09-1536x1152.jpg 1536w, https:\/\/tucomarca.whitekongsoftware.com\/wp-content\/uploads\/2026\/08\/TomatinaInfantil_09-678x509.jpg 678w, https:\/\/tucomarca.whitekongsoftware.com\/wp-content\/uploads\/2026\/08\/TomatinaInfantil_09-80x60.jpg 80w\" sizes=\"auto, (max-width: 1600px) 100vw, 1600px\" \/><\/figure>\n\n\n\n<figure class=\"wp-block-image size-large\"><img loading=\"lazy\" decoding=\"async\" width=\"472\" height=\"314\" data-id=\"311118\" src=\"https:\/\/www.tucomarca.com\/wordpress\/segunda\/wp-content\/uploads\/2026\/08\/TomatinaInfantil_08.jpg\" alt=\"\" class=\"wp-image-311118\"\/><\/figure>\n\n\n\n<figure class=\"wp-block-image size-large\"><img loading=\"lazy\" decoding=\"async\" width=\"472\" height=\"314\" data-id=\"311116\" src=\"https:\/\/www.tucomarca.com\/wordpress\/segunda\/wp-content\/uploads\/2026\/08\/TomatinaInfantil_07.jpg\" alt=\"\" class=\"wp-image-311116\"\/><\/figure>\n\n\n\n<figure class=\"wp-block-image size-large\"><img loading=\"lazy\" decoding=\"async\" width=\"472\" height=\"314\" data-id=\"311114\" src=\"https:\/\/www.tucomarca.com\/wordpress\/segunda\/wp-content\/uploads\/2026\/08\/TomatinaInfantil_06.jpg\" alt=\"\" class=\"wp-image-311114\"\/><\/figure>\n\n\n\n<figure class=\"wp-block-image size-large\"><img loading=\"lazy\" decoding=\"async\" width=\"472\" height=\"314\" data-id=\"311112\" src=\"https:\/\/www.tucomarca.com\/wordpress\/segunda\/wp-content\/uploads\/2026\/08\/TomatinaInfantil_05.jpg\" alt=\"\" class=\"wp-image-311112\"\/><\/figure>\n\n\n\n<figure class=\"wp-block-image size-large\"><img loading=\"lazy\" decoding=\"async\" width=\"472\" height=\"314\" data-id=\"311110\" src=\"https:\/\/www.tucomarca.com\/wordpress\/segunda\/wp-content\/uploads\/2026\/08\/TomatinaInfantil_04.jpg\" alt=\"\" class=\"wp-image-311110\"\/><\/figure>\n\n\n\n<figure class=\"wp-block-image size-large\"><img loading=\"lazy\" decoding=\"async\" width=\"472\" height=\"314\" data-id=\"311108\" src=\"https:\/\/www.tucomarca.com\/wordpress\/segunda\/wp-content\/uploads\/2026\/08\/TomatinaInfantil_03.jpg\" alt=\"\" class=\"wp-image-311108\"\/><\/figure>\n\n\n\n<figure class=\"wp-block-image size-large\"><img loading=\"lazy\" decoding=\"async\" width=\"472\" height=\"314\" data-id=\"311106\" src=\"https:\/\/www.tucomarca.com\/wordpress\/segunda\/wp-content\/uploads\/2026\/08\/TomatinaInfantil_02.jpg\" alt=\"\" class=\"wp-image-311106\"\/><\/figure>\n\n\n\n<figure class=\"wp-block-image size-large\"><img loading=\"lazy\" decoding=\"async\" width=\"472\" height=\"314\" data-id=\"311104\" src=\"https:\/\/www.tucomarca.com\/wordpress\/segunda\/wp-content\/uploads\/2026\/08\/TomatinaInfantil_01.jpg\" alt=\"\" class=\"wp-image-311104\"\/><\/figure>\n<\/figure>\n","protected":false},"excerpt":{"rendered":"<div class=\"mh-excerpt\">M\u00e9s de 1.000 xiquets de, almenys, huit pa\u00efsos han tenyit de roig Bunyol amb 5.000 quilos de tomaca en la 7a edici\u00f3 de La Tomatina infantil. La pla\u00e7a del Poble acull amb rotund \u00e8xit la <a class=\"mh-excerpt-more\" href=\"https:\/\/tucomarca.whitekongsoftware.com\/ca\/fotogaleria-bunyol-gaudeix-de-ledicio-mes-internacional-de-la-seua-tomatina-infantil-amb-xiquets-de-diferents-nacionalitats\/\" title=\"Fotogaleria: Bunyol gaudeix de l&#8217;edici\u00f3 m\u00e9s internacional de la seua Tomatina infantil amb xiquets de diferents nacionalitats\">[+] <\/a><\/div>\n","protected":false},"author":12,"featured_media":311129,"comment_status":"closed","ping_status":"open","sticky":false,"template":"","format":"gallery","meta":{"footnotes":""},"categories":[10911,10898,10894,10912,11004,11007,11008,10896],"tags":[10913,10914,11185,17710],"class_list":["post-311124","post","type-post","status-publish","format-gallery","has-post-thumbnail","category-bunol-ca","category-ventana-ca","category-la-comarca-ca","category-la-hoya-ca","category-la-semana-en-imagenes-ca","category-ocio-y-cultura-ca","category-pueblos-en-fiestas-ca","category-seccion-ca","tag-bunol-ca","tag-la-hoya-de-bunol-chiva-ca","tag-tomatina-ca","tag-tomatina-infantil-ca","post_format-post-format-gallery"],"_links":{"self":[{"href":"https:\/\/tucomarca.whitekongsoftware.com\/ca\/wp-json\/wp\/v2\/posts\/311124","targetHints":{"allow":["GET"]}}],"collection":[{"href":"https:\/\/tucomarca.whitekongsoftware.com\/ca\/wp-json\/wp\/v2\/posts"}],"about":[{"href":"https:\/\/tucomarca.whitekongsoftware.com\/ca\/wp-json\/wp\/v2\/types\/post"}],"author":[{"embeddable":true,"href":"https:\/\/tucomarca.whitekongsoftware.com\/ca\/wp-json\/wp\/v2\/users\/12"}],"replies":[{"embeddable":true,"href":"https:\/\/tucomarca.whitekongsoftware.com\/ca\/wp-json\/wp\/v2\/comments?post=311124"}],"version-history":[{"count":2,"href":"https:\/\/tucomarca.whitekongsoftware.com\/ca\/wp-json\/wp\/v2\/posts\/311124\/revisions"}],"predecessor-version":[{"id":311127,"href":"https:\/\/tucomarca.whitekongsoftware.com\/ca\/wp-json\/wp\/v2\/posts\/311124\/revisions\/311127"}],"wp:featuredmedia":[{"embeddable":true,"href":"https:\/\/tucomarca.whitekongsoftware.com\/ca\/wp-json\/wp\/v2\/media\/311129"}],"wp:attachment":[{"href":"https:\/\/tucomarca.whitekongsoftware.com\/ca\/wp-json\/wp\/v2\/media?parent=311124"}],"wp:term":[{"taxonomy":"category","embeddable":true,"href":"https:\/\/tucomarca.whitekongsoftware.com\/ca\/wp-json\/wp\/v2\/categories?post=311124"},{"taxonomy":"post_tag","embeddable":true,"href":"https:\/\/tucomarca.whitekongsoftware.com\/ca\/wp-json\/wp\/v2\/tags?post=311124"}],"curies":[{"name":"wp","href":"https:\/\/api.w.org\/{rel}","templated":true}]}}