{"id":311100,"date":"2026-08-22T09:30:00","date_gmt":"2026-08-22T07:30:00","guid":{"rendered":"https:\/\/www.tucomarca.com\/wordpress\/segunda\/?p=311100"},"modified":"2026-08-22T15:57:56","modified_gmt":"2026-08-22T13:57:56","slug":"sagunt-a-escena-clausura-la-seua-43a-edicio-amb-un-espectacle-de-carrer-de-la-coreografa-sol-pico-premi-nacional-de-danzasagunt","status":"publish","type":"post","link":"https:\/\/tucomarca.whitekongsoftware.com\/ca\/sagunt-a-escena-clausura-la-seua-43a-edicio-amb-un-espectacle-de-carrer-de-la-coreografa-sol-pico-premi-nacional-de-danzasagunt\/","title":{"rendered":"Sagunt a Escena clausura la seua 43a edici\u00f3 amb un espectacle de carrer de la core\u00f2grafa Sol Pic\u00f3, Premi Nacional de DanzaSagunt"},"content":{"rendered":"\n<h3 class=\"wp-block-heading\">La ballarina alcoiana celebra el trent\u00e9 aniversari de la seua companyia el 23 d&#8217;agost en l&#8217;Antiga Moreria de Sagunt.<\/h3>\n\n\n\n<p class=\"wp-block-paragraph\">El festival Sagunt a Escena, organitzat per la Conselleria d&#8217;Educaci\u00f3, Cultura i Universitats a trav\u00e9s del Institut Valenci\u00e0 de Cultura (IVC), en col\u00b7laboraci\u00f3 amb la Diputaci\u00f3 de Val\u00e8ncia i l&#8217;Ajuntament de Sagunt, clausurar\u00e0 la programaci\u00f3 de la seua 43a edici\u00f3 amb l&#8217;espectacle de carrer \u2018Carrer 024\u2019, de la core\u00f2grafa Sol Pic\u00f3.<\/p>\n\n\n\n<p class=\"wp-block-paragraph\">L&#8217;obra explora la soledat en el segle XXI com una epid\u00e8mia silenciosa provocada per l&#8217;individualisme, la tecnologia i l&#8217;urbanisme modern.<\/p>\n\n\n\n<p class=\"wp-block-paragraph\">En el seu trent\u00e9 aniversari, la companyia de la creadora alcoiana, Premi Nacional de Dansa 2016, representar\u00e0 una funci\u00f3 de gran format a les 19.30 hores del 23 d&#8217;agost en l&#8217;Antiga Moreria de Sagunt.<\/p>\n\n\n\n<p class=\"wp-block-paragraph\"><strong>Una escala d&#8217;avi\u00f3 i un homenatge a Matisse<\/strong><\/p>\n\n\n\n<p class=\"wp-block-paragraph\">La pe\u00e7a est\u00e0 protagonitzada per cinc int\u00e8rprets sense rumb que lluiten per no llan\u00e7ar-se al buit des d&#8217;una escala d&#8217;avi\u00f3, mentre altres actors intenten retindre-les.<\/p>\n\n\n\n<p class=\"wp-block-paragraph\">L&#8217;altra cara de l&#8217;espectacle remet a l&#8217;univers pict\u00f2ric de Henri Matisse. Un quadre de grans dimensions, inspirat en \u2018La Danse\u2019, emergeix sobre l&#8217;escenari com una abstracci\u00f3 coreogr\u00e0fica en la qual els cossos dibuixen formes que evoquen la bellesa, l&#8217;harmonia i la necessitat d&#8217;acostament entre les persones.<\/p>\n\n\n\n<p class=\"wp-block-paragraph\">La pe\u00e7a culmina amb un cant al retrobament, amb l&#8217;objectiu de tornar a connectar amb el col\u00b7lectiu.<\/p>\n\n\n\n<p class=\"wp-block-paragraph\"><strong>Una core\u00f2grafa desafiadora<\/strong><\/p>\n\n\n\n<p class=\"wp-block-paragraph\">Sol Pic\u00f3 va fundar la companyia en 1994. El seu treball s&#8217;inscriu en una l\u00ednia de mestissatge on interactuen diferents g\u00e8neres. La seua t\u00e8cnica alia for\u00e7a, precisi\u00f3 i dinamisme en creacions dinamitzades per l&#8217;humor.<\/p>\n\n\n\n<p class=\"wp-block-paragraph\">Amb \u2018Carrer 024\u2019, la companyia recupera una caracter\u00edstica fonamental del llenguatge que l&#8217;ha diferenciada en el panorama esc\u00e8nic internacional: l&#8217;\u00fas de grans escenografies amb posades en escena emotives, on la dansa m\u00e9s arriscada contrasta amb la rotunditat de grans estructures met\u00e0l\u00b7liques.<\/p>\n","protected":false},"excerpt":{"rendered":"<div class=\"mh-excerpt\">La ballarina alcoiana celebra el trent\u00e9 aniversari de la seua companyia el 23 d&#8217;agost en l&#8217;Antiga Moreria de Sagunt. El festival Sagunt a Escena, organitzat per la Conselleria d&#8217;Educaci\u00f3, Cultura i Universitats a trav\u00e9s del <a class=\"mh-excerpt-more\" href=\"https:\/\/tucomarca.whitekongsoftware.com\/ca\/sagunt-a-escena-clausura-la-seua-43a-edicio-amb-un-espectacle-de-carrer-de-la-coreografa-sol-pico-premi-nacional-de-danzasagunt\/\" title=\"Sagunt a Escena clausura la seua 43a edici\u00f3 amb un espectacle de carrer de la core\u00f2grafa Sol Pic\u00f3, Premi Nacional de DanzaSagunt\">[+] <\/a><\/div>\n","protected":false},"author":1,"featured_media":311099,"comment_status":"closed","ping_status":"open","sticky":false,"template":"","format":"standard","meta":{"footnotes":""},"categories":[11019,10904,11007,10896],"tags":[15079,24570,17761,21067],"class_list":["post-311100","post","type-post","status-publish","format-standard","has-post-thumbnail","category-agenda-ca","category-sin-categorizar-ca","category-ocio-y-cultura-ca","category-seccion-ca","tag-clausura-ca","tag-institut-valencia-de-cultura-2","tag-ivc-ca","tag-sagunt-a-escena-ca"],"_links":{"self":[{"href":"https:\/\/tucomarca.whitekongsoftware.com\/ca\/wp-json\/wp\/v2\/posts\/311100","targetHints":{"allow":["GET"]}}],"collection":[{"href":"https:\/\/tucomarca.whitekongsoftware.com\/ca\/wp-json\/wp\/v2\/posts"}],"about":[{"href":"https:\/\/tucomarca.whitekongsoftware.com\/ca\/wp-json\/wp\/v2\/types\/post"}],"author":[{"embeddable":true,"href":"https:\/\/tucomarca.whitekongsoftware.com\/ca\/wp-json\/wp\/v2\/users\/1"}],"replies":[{"embeddable":true,"href":"https:\/\/tucomarca.whitekongsoftware.com\/ca\/wp-json\/wp\/v2\/comments?post=311100"}],"version-history":[{"count":2,"href":"https:\/\/tucomarca.whitekongsoftware.com\/ca\/wp-json\/wp\/v2\/posts\/311100\/revisions"}],"predecessor-version":[{"id":311103,"href":"https:\/\/tucomarca.whitekongsoftware.com\/ca\/wp-json\/wp\/v2\/posts\/311100\/revisions\/311103"}],"wp:featuredmedia":[{"embeddable":true,"href":"https:\/\/tucomarca.whitekongsoftware.com\/ca\/wp-json\/wp\/v2\/media\/311099"}],"wp:attachment":[{"href":"https:\/\/tucomarca.whitekongsoftware.com\/ca\/wp-json\/wp\/v2\/media?parent=311100"}],"wp:term":[{"taxonomy":"category","embeddable":true,"href":"https:\/\/tucomarca.whitekongsoftware.com\/ca\/wp-json\/wp\/v2\/categories?post=311100"},{"taxonomy":"post_tag","embeddable":true,"href":"https:\/\/tucomarca.whitekongsoftware.com\/ca\/wp-json\/wp\/v2\/tags?post=311100"}],"curies":[{"name":"wp","href":"https:\/\/api.w.org\/{rel}","templated":true}]}}