{"id":311008,"date":"2026-08-20T20:00:00","date_gmt":"2026-08-20T18:00:00","guid":{"rendered":"https:\/\/www.tucomarca.com\/wordpress\/segunda\/?p=311008"},"modified":"2026-08-20T21:01:09","modified_gmt":"2026-08-20T19:01:09","slug":"el-temporal-de-pluja-i-vent-deixa-unes-120-emergencies-a-la-ribera-i-provoca-i-problemes-en-la-circulacio-ferroviaria-amb-el-tall-de-la-c-2","status":"publish","type":"post","link":"https:\/\/tucomarca.whitekongsoftware.com\/ca\/el-temporal-de-pluja-i-vent-deixa-unes-120-emergencies-a-la-ribera-i-provoca-i-problemes-en-la-circulacio-ferroviaria-amb-el-tall-de-la-c-2\/","title":{"rendered":"El temporal de pluja i vent deixa unes 120 emerg\u00e8ncies a la Ribera i provoca i problemes en la circulaci\u00f3 ferrovi\u00e0ria amb el tall de la C-2"},"content":{"rendered":"\n<p class=\"wp-block-paragraph\"><strong>L\u2019episodi de pluja, tempestes i fortes ratxes de vent que ha afectat este dijous la comarca de la Ribera est\u00e0 deixant nombroses incid\u00e8ncies en diferents municipis.<\/strong>&nbsp;Els serveis d\u2019emerg\u00e8ncia estan treballant per atendre els danys provocats pel temporal, principalment per la caiguda d\u2019arbres, branques, pedres i cornises.<\/p>\n\n\n\n<p class=\"wp-block-paragraph\">El&nbsp;<strong>Consorci Provincial de Bombers de Val\u00e8ncia<\/strong>&nbsp;ha intervingut, fins al moment, en&nbsp;<strong>unes 120 emerg\u00e8ncies a causa del temporal<\/strong>, entre les quals destaquen les actuacions relacionades amb el vent. La majoria corresponen a&nbsp;<strong>sanejament per arbres i branques caigudes<\/strong>, encara que tamb\u00e9 s\u2019han registrat incid\u00e8ncies provocades per pedres i cornises.<\/p>\n\n\n\n<p class=\"wp-block-paragraph\">Els efectius del Consorci han actuat en localitats com&nbsp;<strong>Alzira, Sueca, Guadassuar, Carcaixent, Sumac\u00e0rcer i l\u2019Alc\u00fadia<\/strong>, on les principals intervencions han estat relacionades amb els efectes de les fortes ratxes de vent.<\/p>\n\n\n\n<p class=\"wp-block-paragraph\">La tempesta est\u00e0 deixant, a m\u00e9s,&nbsp;<strong>ratxes de vent de gran intensitat<\/strong>&nbsp;en diferents punts de la comarca. La m\u00e0xima registrada fins al moment ha arribat als&nbsp;<strong>149 quil\u00f2metres per hora a Sumac\u00e0rcer, a l\u2019Alt de la Ceja<\/strong>. A Alzira s\u2019han assolit els 143 quil\u00f2metres per hora, mentre que Corbera ha registrat 125, l\u2019Alc\u00fadia 114, Benimuslem 106, Carcaixent i Gavarda 105, Castell\u00f3 i Sueca 103, Cotes 101 i Massalav\u00e9s 95 quil\u00f2metres per hora.<\/p>\n\n\n\n<p class=\"wp-block-paragraph\">Davant d\u2019esta situaci\u00f3 meteorol\u00f2gica, els serveis d\u2019emerg\u00e8ncia demanen a la poblaci\u00f3&nbsp;<strong>m\u00e0xima precauci\u00f3<\/strong>, especialment durant els despla\u00e7aments. Es recomana evitar els viatges que no siguen necessaris i extremar les mesures de seguretat mentre continue l\u2019episodi de forts vents i tempestes.<\/p>\n\n\n\n<p class=\"wp-block-paragraph\">El temporal tamb\u00e9 est\u00e0 afectant el&nbsp;<strong>transport ferroviari<\/strong>. La circulaci\u00f3 de la&nbsp;<strong>l\u00ednia C2 de Rodalia de Val\u00e8ncia<\/strong>&nbsp;ha quedat interrompuda a causa de la caiguda d\u2019un arbre sobre la infraestructura ferrovi\u00e0ria entre&nbsp;<strong>Alzira i la Pobla Llarga<\/strong>. La incid\u00e8ncia est\u00e0 provocant retards tant en els trens de Rodalia com en alguns serveis de mitjana i llarga dist\u00e0ncia que circulen pel tram afectat.<\/p>\n\n\n\n<p class=\"wp-block-paragraph\">El Centre de Coordinaci\u00f3 d\u2019Emerg\u00e8ncies va rebre l\u2019av\u00eds per part d\u2019<strong>Adif<\/strong>, que va informar de la interrupci\u00f3 de la l\u00ednia C2 com a conseq\u00fc\u00e8ncia de la caiguda de l\u2019arbre. Els equips treballen per retirar-lo i poder recuperar la circulaci\u00f3 amb normalitat al m\u00e9s prompte possible. Mentre es prolongue la incid\u00e8ncia, Adif ha informat que es procedir\u00e0 al&nbsp;<strong>transbordament dels passatgers afectats<\/strong>.<\/p>\n\n\n\n<p class=\"wp-block-paragraph\"><strong>Incendi extingit a Siete Aguas<\/strong><\/p>\n\n\n\n<p class=\"wp-block-paragraph\">D\u2019altra banda, pel que fa als incendis registrats durant la jornada, l\u2019incendi a&nbsp;<strong>Siete Aguas<\/strong>, que ha sigut notificat a les 17.51 hores,&nbsp;<strong>ja ha quedat extingit<\/strong>&nbsp;passades les 20.00 hores.<\/p>\n\n\n\n<p class=\"wp-block-paragraph\">L\u2019incendi s\u2019ha declarat al Raid\u00f3n, on ha actuat una unitat de bombers forestals de la Generalitat Valenciana.<\/p>\n\n\n\n<p class=\"wp-block-paragraph\">Els serveis d\u2019emerg\u00e8ncia continuen treballant a les zones afectades i mantenen la vigil\u00e0ncia davant la previsi\u00f3 que es puguen produir noves incid\u00e8ncies mentre persistisca l\u2019episodi de pluja, tempestes i fortes ratxes de vent. Informa, <strong>A. Pall\u00e1s<\/strong>.<\/p>\n\n\n\n<p class=\"wp-block-paragraph\"><em>(Informaci\u00f3 en proc\u00e9s d\u2019elaboraci\u00f3)<\/em><\/p>\n\n\n\n<figure class=\"wp-block-gallery has-nested-images columns-1 is-cropped wp-block-gallery-1 is-layout-flex wp-block-gallery-is-layout-flex\">\n<figure class=\"wp-block-image size-large\"><img loading=\"lazy\" decoding=\"async\" width=\"2048\" height=\"1151\" data-id=\"311036\" src=\"https:\/\/www.tucomarca.com\/wordpress\/segunda\/wp-content\/uploads\/2026\/08\/LaRiberaTemporal06.jpg\" alt=\"\" class=\"wp-image-311036\" srcset=\"https:\/\/tucomarca.whitekongsoftware.com\/wp-content\/uploads\/2026\/08\/LaRiberaTemporal06.jpg 2048w, https:\/\/tucomarca.whitekongsoftware.com\/wp-content\/uploads\/2026\/08\/LaRiberaTemporal06-678x381.jpg 678w, https:\/\/tucomarca.whitekongsoftware.com\/wp-content\/uploads\/2026\/08\/LaRiberaTemporal06-768x432.jpg 768w, https:\/\/tucomarca.whitekongsoftware.com\/wp-content\/uploads\/2026\/08\/LaRiberaTemporal06-1536x863.jpg 1536w\" sizes=\"auto, (max-width: 2048px) 100vw, 2048px\" \/><\/figure>\n\n\n\n<figure class=\"wp-block-image size-large\"><img loading=\"lazy\" decoding=\"async\" width=\"1920\" height=\"1079\" data-id=\"311032\" src=\"https:\/\/www.tucomarca.com\/wordpress\/segunda\/wp-content\/uploads\/2026\/08\/LaRiberaTemporal04.jpg\" alt=\"\" class=\"wp-image-311032\" srcset=\"https:\/\/tucomarca.whitekongsoftware.com\/wp-content\/uploads\/2026\/08\/LaRiberaTemporal04.jpg 1920w, https:\/\/tucomarca.whitekongsoftware.com\/wp-content\/uploads\/2026\/08\/LaRiberaTemporal04-678x381.jpg 678w, https:\/\/tucomarca.whitekongsoftware.com\/wp-content\/uploads\/2026\/08\/LaRiberaTemporal04-768x432.jpg 768w, https:\/\/tucomarca.whitekongsoftware.com\/wp-content\/uploads\/2026\/08\/LaRiberaTemporal04-1536x863.jpg 1536w\" sizes=\"auto, (max-width: 1920px) 100vw, 1920px\" \/><\/figure>\n\n\n\n<figure class=\"wp-block-image size-large\"><img loading=\"lazy\" decoding=\"async\" width=\"2048\" height=\"1151\" data-id=\"311030\" src=\"https:\/\/www.tucomarca.com\/wordpress\/segunda\/wp-content\/uploads\/2026\/08\/LaRiberaTemporal02.jpg\" alt=\"\" class=\"wp-image-311030\" srcset=\"https:\/\/tucomarca.whitekongsoftware.com\/wp-content\/uploads\/2026\/08\/LaRiberaTemporal02.jpg 2048w, https:\/\/tucomarca.whitekongsoftware.com\/wp-content\/uploads\/2026\/08\/LaRiberaTemporal02-678x381.jpg 678w, https:\/\/tucomarca.whitekongsoftware.com\/wp-content\/uploads\/2026\/08\/LaRiberaTemporal02-768x432.jpg 768w, https:\/\/tucomarca.whitekongsoftware.com\/wp-content\/uploads\/2026\/08\/LaRiberaTemporal02-1536x863.jpg 1536w\" sizes=\"auto, (max-width: 2048px) 100vw, 2048px\" \/><\/figure>\n\n\n\n<figure class=\"wp-block-image size-large\"><img loading=\"lazy\" decoding=\"async\" width=\"2048\" height=\"1151\" data-id=\"311028\" src=\"https:\/\/www.tucomarca.com\/wordpress\/segunda\/wp-content\/uploads\/2026\/08\/LaRiberaTemporal01.jpg\" alt=\"\" class=\"wp-image-311028\" srcset=\"https:\/\/tucomarca.whitekongsoftware.com\/wp-content\/uploads\/2026\/08\/LaRiberaTemporal01.jpg 2048w, https:\/\/tucomarca.whitekongsoftware.com\/wp-content\/uploads\/2026\/08\/LaRiberaTemporal01-678x381.jpg 678w, https:\/\/tucomarca.whitekongsoftware.com\/wp-content\/uploads\/2026\/08\/LaRiberaTemporal01-768x432.jpg 768w, https:\/\/tucomarca.whitekongsoftware.com\/wp-content\/uploads\/2026\/08\/LaRiberaTemporal01-1536x863.jpg 1536w\" sizes=\"auto, (max-width: 2048px) 100vw, 2048px\" \/><\/figure>\n<\/figure>\n","protected":false},"excerpt":{"rendered":"<div class=\"mh-excerpt\">L\u2019episodi de pluja, tempestes i fortes ratxes de vent que ha afectat este dijous la comarca de la Ribera est\u00e0 deixant nombroses incid\u00e8ncies en diferents municipis.&nbsp;Els serveis d\u2019emerg\u00e8ncia estan treballant per atendre els danys provocats <a class=\"mh-excerpt-more\" href=\"https:\/\/tucomarca.whitekongsoftware.com\/ca\/el-temporal-de-pluja-i-vent-deixa-unes-120-emergencies-a-la-ribera-i-provoca-i-problemes-en-la-circulacio-ferroviaria-amb-el-tall-de-la-c-2\/\" title=\"El temporal de pluja i vent deixa unes 120 emerg\u00e8ncies a la Ribera i provoca i problemes en la circulaci\u00f3 ferrovi\u00e0ria amb el tall de la C-2\">[+] <\/a><\/div>\n","protected":false},"author":13,"featured_media":311034,"comment_status":"closed","ping_status":"open","sticky":false,"template":"","format":"gallery","meta":{"footnotes":""},"categories":[10983,10889,10989,10898,10894,10904,10912,10942,10902,10999,10903,10896,10979,10897,11049],"tags":[11950,11199,11333,12166,16627],"class_list":["post-311008","post","type-post","status-publish","format-gallery","has-post-thumbnail","category-algemesi-ca","category-alzira-cat","category-benimuslem-ca","category-ventana-ca","category-la-comarca-ca","category-sin-categorizar-ca","category-la-hoya-ca","category-la-pobla-llarga-ca","category-la-ribera-ca","category-masalaves-ca","category-medio-ambiente-la-comarca-ca","category-seccion-ca","category-siete-aguas-ca","category-sucesos-la-comarca-ca","category-sumacarcer-ca","tag-alerta-lluvias-ca","tag-la-comunitat-ca","tag-la-ribera-2-ca","tag-medio-ambiente-ca","tag-temporal-de-lluvias-ca","post_format-post-format-gallery"],"_links":{"self":[{"href":"https:\/\/tucomarca.whitekongsoftware.com\/ca\/wp-json\/wp\/v2\/posts\/311008","targetHints":{"allow":["GET"]}}],"collection":[{"href":"https:\/\/tucomarca.whitekongsoftware.com\/ca\/wp-json\/wp\/v2\/posts"}],"about":[{"href":"https:\/\/tucomarca.whitekongsoftware.com\/ca\/wp-json\/wp\/v2\/types\/post"}],"author":[{"embeddable":true,"href":"https:\/\/tucomarca.whitekongsoftware.com\/ca\/wp-json\/wp\/v2\/users\/13"}],"replies":[{"embeddable":true,"href":"https:\/\/tucomarca.whitekongsoftware.com\/ca\/wp-json\/wp\/v2\/comments?post=311008"}],"version-history":[{"count":3,"href":"https:\/\/tucomarca.whitekongsoftware.com\/ca\/wp-json\/wp\/v2\/posts\/311008\/revisions"}],"predecessor-version":[{"id":311047,"href":"https:\/\/tucomarca.whitekongsoftware.com\/ca\/wp-json\/wp\/v2\/posts\/311008\/revisions\/311047"}],"wp:featuredmedia":[{"embeddable":true,"href":"https:\/\/tucomarca.whitekongsoftware.com\/ca\/wp-json\/wp\/v2\/media\/311034"}],"wp:attachment":[{"href":"https:\/\/tucomarca.whitekongsoftware.com\/ca\/wp-json\/wp\/v2\/media?parent=311008"}],"wp:term":[{"taxonomy":"category","embeddable":true,"href":"https:\/\/tucomarca.whitekongsoftware.com\/ca\/wp-json\/wp\/v2\/categories?post=311008"},{"taxonomy":"post_tag","embeddable":true,"href":"https:\/\/tucomarca.whitekongsoftware.com\/ca\/wp-json\/wp\/v2\/tags?post=311008"}],"curies":[{"name":"wp","href":"https:\/\/api.w.org\/{rel}","templated":true}]}}