{"id":311001,"date":"2026-08-22T10:00:00","date_gmt":"2026-08-22T08:00:00","guid":{"rendered":"https:\/\/www.tucomarca.com\/wordpress\/segunda\/?p=311001"},"modified":"2026-08-22T15:19:08","modified_gmt":"2026-08-22T13:19:08","slug":"lartistica-de-bunyol-celebra-aquest-diumenge-el-gran-dia-de-la-seua-festa-del-manto","status":"publish","type":"post","link":"https:\/\/tucomarca.whitekongsoftware.com\/ca\/lartistica-de-bunyol-celebra-aquest-diumenge-el-gran-dia-de-la-seua-festa-del-manto\/","title":{"rendered":"\u00abL&#8217;Art\u00edstica\u00bb de Bunyol celebra aquest diumenge el gran dia de la seua Festa del Mant\u00f3"},"content":{"rendered":"\n<p class=\"wp-block-paragraph\">Aquest diumenge, 23 d&#8217;agost, estar\u00e0 protagonitzat pel Dia de la Societat Musical &#8220;L&#8217;Art\u00edstica&#8221;, la \u201cFesta del Mant\u00f3\u201d, una de les jornades m\u00e9s tradicionals i esperades de la Fira i Festes de Bunyol.<\/p>\n\n\n\n<p class=\"wp-block-paragraph\">Els actes comen\u00e7aran de matinada, a les 6,00 hores, amb la instal\u00b7laci\u00f3 del monument a ofrenar en la fa\u00e7ana de l&#8217;Esgl\u00e9sia Parroquial de Sant Pere Ap\u00f3stol. A les 10,30 hores es realitzar\u00e0 la recollida de les Reines de la Festa del Mant\u00f3.<\/p>\n\n\n\n<p class=\"wp-block-paragraph\">A les 12,30 hores tindr\u00e0 lloc la tradicional Ofrena de Flores i Fruits a La nostra Senyora dels Desemparats, amb eixida des del Teatre Montecarlo fins al monument situat al costat de l&#8217;esgl\u00e9sia de Sant Pere Ap\u00f3stol.<\/p>\n\n\n\n<p class=\"wp-block-paragraph\">En l&#8217;ofrena participaran la representant Srta. Gal\u00b7la Pic\u00f3 L\u00f3pez, les Reines de la Festa del Mant\u00f3, Srta. Karen Ruiz Merenciano i xiqueta Karen Cus\u00ed Casat, al costat de les seues Corts d&#8217;Honor i la banda de m\u00fasica de la Societat Musical &#8220;L&#8217;Art\u00edstica\u201d. Tamb\u00e9 s&#8217;oferiran les flors, fruits i motius elaborats per la Comissi\u00f3 de la Festa del Mant\u00f3, les penyes i col\u00b7laboradors.<\/p>\n\n\n\n<p class=\"wp-block-paragraph\">Despr\u00e9s de l&#8217;ofrena, el Teatre Montecarlo acollir\u00e0 el repartiment de mantons que seran llu\u00efts posteriorment durant la cavalcada. A m\u00e9s, la Comissi\u00f3 de la Festa del Mant\u00f3 sortejar\u00e0 un Mant\u00f3 de Manila entre els assistents.<\/p>\n\n\n\n<p class=\"wp-block-paragraph\">A la vesprada, a les 18.30 hores, tindr\u00e0 lloc la recollida de les Reines de la Festa del Mant\u00f3 i, a les 20.00 hores, arrancar\u00e0 la Cavalcada del Mant\u00f3, amb eixida des del Teatre Montecarlo i recorregut fins al Passeig de Sant Llu\u00eds.<\/p>\n\n\n\n<p class=\"wp-block-paragraph\">La desfilada comptar\u00e0 amb carrosses, comparses i mantons i estar\u00e0 precedit pels populars \u201cAmics de l&#8217;Esp\u00edgol\u201d, que realitzaran la tradicional \u201cenram\u00e0\u201d d&#8217;herbes i plantes arom\u00e0tiques durant el recorregut.<\/p>\n\n\n\n<p class=\"wp-block-paragraph\">La cavalcada estar\u00e0 encap\u00e7alada per la representant, Srta. Gal\u00b7la Pic\u00f3 L\u00f3pez, les Reines de la Festa del Mant\u00f3, Srta. Karen Ruiz Merenciano i xiqueta Karen Cus\u00ed Casat, les seues Corts d&#8217;Honor i la banda de m\u00fasica de la Societat Musical &#8220;L&#8217;Art\u00edstica\u201d.<\/p>\n\n\n\n<p class=\"wp-block-paragraph\">Una vegada finalitzat la desfilada, els participants tornaran al local social per a cantar junts el \u201cHimne dels Lletjos\u201d, abans de posar el fermall a la jornada amb un castell de focs artificials. Informa, <strong>P. Ferrer<\/strong>.<\/p>\n\n\n\n<p class=\"wp-block-paragraph\"><\/p>\n","protected":false},"excerpt":{"rendered":"<div class=\"mh-excerpt\">Aquest diumenge, 23 d&#8217;agost, estar\u00e0 protagonitzat pel Dia de la Societat Musical &#8220;L&#8217;Art\u00edstica&#8221;, la \u201cFesta del Mant\u00f3\u201d, una de les jornades m\u00e9s tradicionals i esperades de la Fira i Festes de Bunyol. Els actes comen\u00e7aran <a class=\"mh-excerpt-more\" href=\"https:\/\/tucomarca.whitekongsoftware.com\/ca\/lartistica-de-bunyol-celebra-aquest-diumenge-el-gran-dia-de-la-seua-festa-del-manto\/\" title=\"\u00abL&#8217;Art\u00edstica\u00bb de Bunyol celebra aquest diumenge el gran dia de la seua Festa del Mant\u00f3\">[+] <\/a><\/div>\n","protected":false},"author":12,"featured_media":310997,"comment_status":"closed","ping_status":"open","sticky":false,"template":"","format":"standard","meta":{"footnotes":""},"categories":[11019,10911,11005,10894,10912,11007,10896],"tags":[17118,11068,11376],"class_list":["post-311001","post","type-post","status-publish","format-standard","has-post-thumbnail","category-agenda-ca","category-bunol-ca","category-canal-musica","category-la-comarca-ca","category-la-hoya-ca","category-ocio-y-cultura-ca","category-seccion-ca","tag-fiesta-del-manton-ca","tag-la-artistica-ca","tag-los-feos-ca"],"_links":{"self":[{"href":"https:\/\/tucomarca.whitekongsoftware.com\/ca\/wp-json\/wp\/v2\/posts\/311001","targetHints":{"allow":["GET"]}}],"collection":[{"href":"https:\/\/tucomarca.whitekongsoftware.com\/ca\/wp-json\/wp\/v2\/posts"}],"about":[{"href":"https:\/\/tucomarca.whitekongsoftware.com\/ca\/wp-json\/wp\/v2\/types\/post"}],"author":[{"embeddable":true,"href":"https:\/\/tucomarca.whitekongsoftware.com\/ca\/wp-json\/wp\/v2\/users\/12"}],"replies":[{"embeddable":true,"href":"https:\/\/tucomarca.whitekongsoftware.com\/ca\/wp-json\/wp\/v2\/comments?post=311001"}],"version-history":[{"count":2,"href":"https:\/\/tucomarca.whitekongsoftware.com\/ca\/wp-json\/wp\/v2\/posts\/311001\/revisions"}],"predecessor-version":[{"id":311092,"href":"https:\/\/tucomarca.whitekongsoftware.com\/ca\/wp-json\/wp\/v2\/posts\/311001\/revisions\/311092"}],"wp:featuredmedia":[{"embeddable":true,"href":"https:\/\/tucomarca.whitekongsoftware.com\/ca\/wp-json\/wp\/v2\/media\/310997"}],"wp:attachment":[{"href":"https:\/\/tucomarca.whitekongsoftware.com\/ca\/wp-json\/wp\/v2\/media?parent=311001"}],"wp:term":[{"taxonomy":"category","embeddable":true,"href":"https:\/\/tucomarca.whitekongsoftware.com\/ca\/wp-json\/wp\/v2\/categories?post=311001"},{"taxonomy":"post_tag","embeddable":true,"href":"https:\/\/tucomarca.whitekongsoftware.com\/ca\/wp-json\/wp\/v2\/tags?post=311001"}],"curies":[{"name":"wp","href":"https:\/\/api.w.org\/{rel}","templated":true}]}}