{"id":310974,"date":"2026-08-20T11:15:00","date_gmt":"2026-08-20T09:15:00","guid":{"rendered":"https:\/\/www.tucomarca.com\/wordpress\/segunda\/?p=310974"},"modified":"2026-08-20T19:20:48","modified_gmt":"2026-08-20T17:20:48","slug":"sagunt-a-escena-conclou-la-programacio-escenica-del-teatre-roma-amb-un-concert-de-la-cantaora-estrella-morente","status":"publish","type":"post","link":"https:\/\/tucomarca.whitekongsoftware.com\/ca\/sagunt-a-escena-conclou-la-programacio-escenica-del-teatre-roma-amb-un-concert-de-la-cantaora-estrella-morente\/","title":{"rendered":"Sagunt a Escena conclou la programaci\u00f3 esc\u00e8nica del Teatre Rom\u00e0 amb un concert de la \u2018cantaora\u2019 Estrella Morente"},"content":{"rendered":"\n<h3 class=\"wp-block-heading\"><strong>L\u2019actuaci\u00f3 de l\u2019artista granadina tindr\u00e0 lloc el 22 d\u2019agost a les 22,30 hores<\/strong>.<\/h3>\n\n\n\n<h3 class=\"wp-block-heading\"><strong>La secci\u00f3 \u2018Off Rom\u00e0\u2019 presentar\u00e0 dos espectacles de circ en la Casa dels Berenguer i l\u2019Antiga Moreria de la localitat els dies 21 i 22 d\u2019agost<\/strong>.<\/h3>\n\n\n\n<p class=\"wp-block-paragraph\">El festival Sagunt a Escena, organitzat per la Conselleria d\u2019Educaci\u00f3, Cultura i Universitats a trav\u00e9s de l\u2019Institut Valenci\u00e0 de Cultura (IVC), en col\u00b7laboraci\u00f3 amb la Diputaci\u00f3 de Val\u00e8ncia i l\u2019Ajuntament de Sagunt, conclou la programaci\u00f3 esc\u00e8nica del Teatre Rom\u00e0 amb un concert de la&nbsp;<em>cantaora&nbsp;<\/em>de flamenc Estrella Morente.<\/p>\n\n\n\n<p class=\"wp-block-paragraph\">L\u2019artista granadina interpretar\u00e0 una selecci\u00f3 de les can\u00e7ons m\u00e9s representatives de la seua traject\u00f2ria, entre les quals destaca el tema principal de la pel\u00b7l\u00edcula&nbsp;<em>Volver<\/em>, de Pedro Almod\u00f3var, el pr\u00f2xim 22 d\u2019agost a les 22:30 hores.<\/p>\n\n\n\n<p class=\"wp-block-paragraph\"><strong>Funcions circenses<\/strong><\/p>\n\n\n\n<p class=\"wp-block-paragraph\">Per part seua, la secci\u00f3 \u2018Off Rom\u00e0\u2019 presentar\u00e0 dos espectacles de circ que combinen l\u2019humor, la imaginaci\u00f3 i el joc com a espais de trobada amb el p\u00fablic.<\/p>\n\n\n\n<p class=\"wp-block-paragraph\">La companyia valenciana El Cruce, formada per Rub\u00e9n R\u00edo i Nicoletta Battaglia, posar\u00e0 en escena la funci\u00f3&nbsp;<em>Kossha&nbsp;<\/em>el divendres 21 d\u2019agost en la Casa dels Berenguer. L\u2019humor absurd, la m\u00fasica en directe i una depurada t\u00e8cnica circense reivindicaran els espectacles ambulants de varietats.<\/p>\n\n\n\n<p class=\"wp-block-paragraph\">El 22 d\u2019agost, la Tr\u00f3cola Circ portar\u00e0 a la Antiga Moreria&nbsp;<em>Juga<\/em>, un muntatge que celebra la trobada intergeneracional i reivindica l\u2019espai p\u00fablic com a lloc de conviv\u00e8ncia, creativitat i esplai.<\/p>\n\n\n\n<p class=\"wp-block-paragraph\">Inspirada en l\u2019univers dels joguets i en les formes d\u2019entreteniment anteriors a la d\u00e8cada de 1990, l\u2019obra convida a recordar i descobrir jocs, tradicions i costums que formen part del patrimoni cultural.<\/p>\n\n\n\n<p class=\"wp-block-paragraph\"><em>Juga&nbsp;<\/em>\u00e9s, a m\u00e9s, una crida a recuperar el carrer com a lloc de socialitzaci\u00f3 per als xiquets i les xiquetes. La Tr\u00f3cola Circ, fundada en 2013, ha obtingut reconeixements per peces com&nbsp;<em>Potted&nbsp;<\/em>i&nbsp;<em>Ludwigshafen<\/em>.<\/p>\n","protected":false},"excerpt":{"rendered":"<div class=\"mh-excerpt\">L\u2019actuaci\u00f3 de l\u2019artista granadina tindr\u00e0 lloc el 22 d\u2019agost a les 22,30 hores. La secci\u00f3 \u2018Off Rom\u00e0\u2019 presentar\u00e0 dos espectacles de circ en la Casa dels Berenguer i l\u2019Antiga Moreria de la localitat els dies <a class=\"mh-excerpt-more\" href=\"https:\/\/tucomarca.whitekongsoftware.com\/ca\/sagunt-a-escena-conclou-la-programacio-escenica-del-teatre-roma-amb-un-concert-de-la-cantaora-estrella-morente\/\" title=\"Sagunt a Escena conclou la programaci\u00f3 esc\u00e8nica del Teatre Rom\u00e0 amb un concert de la \u2018cantaora\u2019 Estrella Morente\">[+] <\/a><\/div>\n","protected":false},"author":13,"featured_media":310972,"comment_status":"closed","ping_status":"open","sticky":false,"template":"","format":"standard","meta":{"footnotes":""},"categories":[11019,11005,10898,10904,11007,10896],"tags":[12194,11199,21067],"class_list":["post-310974","post","type-post","status-publish","format-standard","has-post-thumbnail","category-agenda-ca","category-canal-musica","category-ventana-ca","category-sin-categorizar-ca","category-ocio-y-cultura-ca","category-seccion-ca","tag-cultura-ca","tag-la-comunitat-ca","tag-sagunt-a-escena-ca"],"_links":{"self":[{"href":"https:\/\/tucomarca.whitekongsoftware.com\/ca\/wp-json\/wp\/v2\/posts\/310974","targetHints":{"allow":["GET"]}}],"collection":[{"href":"https:\/\/tucomarca.whitekongsoftware.com\/ca\/wp-json\/wp\/v2\/posts"}],"about":[{"href":"https:\/\/tucomarca.whitekongsoftware.com\/ca\/wp-json\/wp\/v2\/types\/post"}],"author":[{"embeddable":true,"href":"https:\/\/tucomarca.whitekongsoftware.com\/ca\/wp-json\/wp\/v2\/users\/13"}],"replies":[{"embeddable":true,"href":"https:\/\/tucomarca.whitekongsoftware.com\/ca\/wp-json\/wp\/v2\/comments?post=310974"}],"version-history":[{"count":2,"href":"https:\/\/tucomarca.whitekongsoftware.com\/ca\/wp-json\/wp\/v2\/posts\/310974\/revisions"}],"predecessor-version":[{"id":310986,"href":"https:\/\/tucomarca.whitekongsoftware.com\/ca\/wp-json\/wp\/v2\/posts\/310974\/revisions\/310986"}],"wp:featuredmedia":[{"embeddable":true,"href":"https:\/\/tucomarca.whitekongsoftware.com\/ca\/wp-json\/wp\/v2\/media\/310972"}],"wp:attachment":[{"href":"https:\/\/tucomarca.whitekongsoftware.com\/ca\/wp-json\/wp\/v2\/media?parent=310974"}],"wp:term":[{"taxonomy":"category","embeddable":true,"href":"https:\/\/tucomarca.whitekongsoftware.com\/ca\/wp-json\/wp\/v2\/categories?post=310974"},{"taxonomy":"post_tag","embeddable":true,"href":"https:\/\/tucomarca.whitekongsoftware.com\/ca\/wp-json\/wp\/v2\/tags?post=310974"}],"curies":[{"name":"wp","href":"https:\/\/api.w.org\/{rel}","templated":true}]}}