{"id":310866,"date":"2026-08-21T10:00:00","date_gmt":"2026-08-21T08:00:00","guid":{"rendered":"https:\/\/www.tucomarca.com\/wordpress\/segunda\/?p=310866"},"modified":"2026-08-21T12:43:39","modified_gmt":"2026-08-21T10:43:39","slug":"bunyol-comenca-formalment-aquest-divendres-la-seua-fira-i-festes-2026-amb-la-inauguracio-del-recinte-firal","status":"publish","type":"post","link":"https:\/\/tucomarca.whitekongsoftware.com\/ca\/bunyol-comenca-formalment-aquest-divendres-la-seua-fira-i-festes-2026-amb-la-inauguracio-del-recinte-firal\/","title":{"rendered":"Bunyol comen\u00e7a formalment aquest divendres la seua Fira i Festes 2026 amb la inauguraci\u00f3 del recinte firal"},"content":{"rendered":"\n<p class=\"wp-block-paragraph\"><strong>Bunyol<\/strong> es prepara per donar inici aquest divendres, <strong>21 d\u2019agost<\/strong>, a la seua <strong>Fira i Festes 2026<\/strong>, amb un programa que combina actes tradicionals, m\u00fasica, activitats infantils i propostes culturals durant tot el cap de setmana.<\/p>\n\n\n\n<p class=\"wp-block-paragraph\">La jornada inaugural comen\u00e7ar\u00e0 a les <strong>10.00 hores<\/strong> amb la <strong>Cuestaci\u00f3n contra el C\u00e1ncer de la AECC de Bunyol<\/strong>. A la vesprada, a les 20.00 hores, tindr\u00e0 lloc el <strong>Desfile de Inauguraci\u00f3n de Exposiciones<\/strong>, amb propostes que podran visitar-se a la Sala Tomatina, la Sala Raga, el carrer Cid 43 i el Hall Biblioteca.<\/p>\n\n\n\n<p class=\"wp-block-paragraph\">A les <strong>21.00 hores<\/strong>, el Passeig de Sant Llu\u00eds acollir\u00e0 la <strong>inauguraci\u00f3 oficial de la Fira<\/strong>, protagonitzada per la Reina de la Fira i Festes 2026, <strong>Srta. J\u00falia Al\u00eds Braquessac<\/strong>, que estar\u00e0 acompanyada per la seua Cort d\u2019Honor.<\/p>\n\n\n\n<p class=\"wp-block-paragraph\">La nit continuar\u00e0 a les <strong>23.30 hores<\/strong> a la Pla\u00e7a del Poble amb el tradicional <strong>Pasacalle del Tomate<\/strong>, a c\u00e0rrec de <strong>Xaranga Los Xinos<\/strong>. A mitjanit, des del balc\u00f3 de l\u2019Ajuntament, la Reina de la Fira i Festes 2026 oferir\u00e0 el <strong>Preg\u00f3n de Inicio de Fiestas<\/strong>.<\/p>\n\n\n\n<p class=\"wp-block-paragraph\">La m\u00fasica prendr\u00e0 despr\u00e9s el relleu amb l\u2019actuaci\u00f3 del grup <strong>Flashback Band<\/strong>, a les 00.30 hores a la Pla\u00e7a del Poble. A la mateixa hora comen\u00e7aran les activitats dels xiringuitos a l\u2019Esplanada de Sant Llu\u00eds.<\/p>\n\n\n\n<p class=\"wp-block-paragraph\"><strong>Dissabte d\u2019activitats per a tots els p\u00fablics<\/strong><\/p>\n\n\n\n<p class=\"wp-block-paragraph\">El <strong>dissabte 22 d\u2019agost<\/strong> comen\u00e7ar\u00e0 a les <strong>12.00 hores<\/strong> amb la <strong>Tomatina Infantil<\/strong> a la Pla\u00e7a del Poble, dirigida a xiquetes i xiquets de fins a 14 anys.<\/p>\n\n\n\n<p class=\"wp-block-paragraph\">A les 21.00 hores tindr\u00e0 lloc un dels actes religiosos m\u00e9s destacats del cap de setmana: el <strong>trasllat del Sant Patr\u00f3 San Luis Bertr\u00e1n<\/strong>, des de la seua ermita fins a l\u2019Esgl\u00e9sia de Sant Pere Ap\u00f2stol. El recorregut comptar\u00e0 amb la pres\u00e8ncia de la Reina de la Fira i Festes 2026, la seua Cort d\u2019Honor, autoritats, Clavarios de San Luis i ve\u00efns de Bu\u00f1ol.<\/p>\n\n\n\n<p class=\"wp-block-paragraph\">La nit continuar\u00e0 a les <strong>22.30 hores<\/strong> a l\u2019Auditori de Sant Llu\u00eds amb l\u2019espectacle <strong>\u201cLos payasos de la TV-El homenaje\u201d<\/strong>. Posteriorment, a les 23.00 hores, el Poliesportiu de la piscina municipal <strong>\u201cEl Poli\u201d<\/strong> acollir\u00e0 una nova edici\u00f3 de <strong>Tomate Rock<\/strong>, amb les actuacions d\u2019<strong>O&#8217;Funk&#8217;illo i Punk Sailor<\/strong>. Els xiringuitos completaran la programaci\u00f3 nocturna des de l\u2019Esplanada de Sant Llu\u00eds.<\/p>\n","protected":false},"excerpt":{"rendered":"<div class=\"mh-excerpt\">Bunyol es prepara per donar inici aquest divendres, 21 d\u2019agost, a la seua Fira i Festes 2026, amb un programa que combina actes tradicionals, m\u00fasica, activitats infantils i propostes culturals durant tot el cap de <a class=\"mh-excerpt-more\" href=\"https:\/\/tucomarca.whitekongsoftware.com\/ca\/bunyol-comenca-formalment-aquest-divendres-la-seua-fira-i-festes-2026-amb-la-inauguracio-del-recinte-firal\/\" title=\"Bunyol comen\u00e7a formalment aquest divendres la seua Fira i Festes 2026 amb la inauguraci\u00f3 del recinte firal\">[+] <\/a><\/div>\n","protected":false},"author":12,"featured_media":91774,"comment_status":"closed","ping_status":"open","sticky":false,"template":"","format":"standard","meta":{"footnotes":""},"categories":[11019,10911,10894,10912,11007,10896],"tags":[10913,24756,10914],"class_list":["post-310866","post","type-post","status-publish","format-standard","has-post-thumbnail","category-agenda-ca","category-bunol-ca","category-la-comarca-ca","category-la-hoya-ca","category-ocio-y-cultura-ca","category-seccion-ca","tag-bunol-ca","tag-feria-y-fiestas-2026","tag-la-hoya-de-bunol-chiva-ca"],"_links":{"self":[{"href":"https:\/\/tucomarca.whitekongsoftware.com\/ca\/wp-json\/wp\/v2\/posts\/310866","targetHints":{"allow":["GET"]}}],"collection":[{"href":"https:\/\/tucomarca.whitekongsoftware.com\/ca\/wp-json\/wp\/v2\/posts"}],"about":[{"href":"https:\/\/tucomarca.whitekongsoftware.com\/ca\/wp-json\/wp\/v2\/types\/post"}],"author":[{"embeddable":true,"href":"https:\/\/tucomarca.whitekongsoftware.com\/ca\/wp-json\/wp\/v2\/users\/12"}],"replies":[{"embeddable":true,"href":"https:\/\/tucomarca.whitekongsoftware.com\/ca\/wp-json\/wp\/v2\/comments?post=310866"}],"version-history":[{"count":4,"href":"https:\/\/tucomarca.whitekongsoftware.com\/ca\/wp-json\/wp\/v2\/posts\/310866\/revisions"}],"predecessor-version":[{"id":311053,"href":"https:\/\/tucomarca.whitekongsoftware.com\/ca\/wp-json\/wp\/v2\/posts\/310866\/revisions\/311053"}],"wp:featuredmedia":[{"embeddable":true,"href":"https:\/\/tucomarca.whitekongsoftware.com\/ca\/wp-json\/wp\/v2\/media\/91774"}],"wp:attachment":[{"href":"https:\/\/tucomarca.whitekongsoftware.com\/ca\/wp-json\/wp\/v2\/media?parent=310866"}],"wp:term":[{"taxonomy":"category","embeddable":true,"href":"https:\/\/tucomarca.whitekongsoftware.com\/ca\/wp-json\/wp\/v2\/categories?post=310866"},{"taxonomy":"post_tag","embeddable":true,"href":"https:\/\/tucomarca.whitekongsoftware.com\/ca\/wp-json\/wp\/v2\/tags?post=310866"}],"curies":[{"name":"wp","href":"https:\/\/api.w.org\/{rel}","templated":true}]}}