{"id":310751,"date":"2026-08-18T11:00:00","date_gmt":"2026-08-18T09:00:00","guid":{"rendered":"https:\/\/www.tucomarca.com\/wordpress\/segunda\/?p=310751"},"modified":"2026-08-18T17:33:36","modified_gmt":"2026-08-18T15:33:36","slug":"el-consorci-de-bombers-reforca-el-seu-dispositiu-forestal-davant-el-risc-extrem-dincendis-per-les-altes-temperatures","status":"publish","type":"post","link":"https:\/\/tucomarca.whitekongsoftware.com\/ca\/el-consorci-de-bombers-reforca-el-seu-dispositiu-forestal-davant-el-risc-extrem-dincendis-per-les-altes-temperatures\/","title":{"rendered":"El Consorci de Bombers refor\u00e7a el seu dispositiu forestal davant el risc extrem d&#8217;incendis per les altes temperatures"},"content":{"rendered":"\n<h3 class=\"wp-block-heading\">L&#8217;entitat dependent de la Diputaci\u00f3 de Val\u00e8ncia disposar\u00e0 durant els pr\u00f2xims dies de fins a 340 efectius davant el risc extrem d&#8217;incendis forestals associat a la pujada prevista dels term\u00f2metres.<\/h3>\n\n\n\n<h3 class=\"wp-block-heading\">El refor\u00e7 estar\u00e0 actiu des d&#8217;aquest dimarts fins al divendres 21 d&#8217;agost i incrementar\u00e0 els recursos als parcs de bombers professionals i voluntaris, el Centre de Comunicacions, l&#8217;escala de comandament i les brigades.<\/h3>\n\n\n\n<p class=\"wp-block-paragraph\">El Consorci Provincial de Bombers de Val\u00e8ncia refor\u00e7ar\u00e0 el seu dispositiu forestal entre aquest dimarts i el divendres 21 d&#8217;agost, en previsi\u00f3 de les altes temperatures previstes en els avan\u00e7os meteorol\u00f2gics. El refor\u00e7 incrementar\u00e0 els efectius als parcs de bombers professionals i voluntaris, el Centre de Comunicacions, l&#8217;escala de comandament i les brigades forestals BRIFO.<\/p>\n\n\n\n<p class=\"wp-block-paragraph\">El president del Consorci i diputat de Medi Ambient, Avelino Mascarell, assenyala que la mesura es pren per a &#8220;previndre les possibles conseq\u00fc\u00e8ncies de les temperatures extremes que s&#8217;esperen en els pr\u00f2xims dies i oferir la millor capacitat de resposta davant una hipot\u00e8tica emerg\u00e8ncia&#8221;. Mascarell demana a la ciutadania &#8220;m\u00e0xima prud\u00e8ncia i col\u00b7laboraci\u00f3 en zones forestals i interf\u00edcies urbanes forestals durant tot l&#8217;any, per\u00f2 molt especialment en aquesta \u00e8poca en qu\u00e8 les altes temperatures i la vegetaci\u00f3 seca poden complicar molt la situaci\u00f3&#8221;.<\/p>\n\n\n\n<p class=\"wp-block-paragraph\">Des de la Diputaci\u00f3, el diputat delegat del Consorci recorda la import\u00e0ncia de &#8220;evitar qualsevol conducta que puga originar un incendi&#8221;. Entre altres recomanacions, es demana no encendre foc en zones pr\u00f2ximes a vegetaci\u00f3, no utilitzar maquin\u00e0ria o eines que puguen generar espurnes, no llan\u00e7ar pirot\u00e8cnia, no llan\u00e7ar burilles ni residus a l&#8217;entorn natural i respectar en tot moment les prohibicions i restriccions establides per les autoritats competents.<\/p>\n\n\n\n<p class=\"wp-block-paragraph\"><strong>Bombers professionals<\/strong><\/p>\n\n\n\n<p class=\"wp-block-paragraph\">El personal de gu\u00e0rdia dels parcs professionals s&#8217;incrementar\u00e0 al voltant d&#8217;un 30%, amb un total aproximat de 135 bombers professionals. El dispositiu comptar\u00e0 amb un inspector o oficial responsable d&#8217;operacions, un oficial cap de gu\u00e0rdia i un t\u00e8cnic forestal de gu\u00e0rdia.<\/p>\n\n\n\n<p class=\"wp-block-paragraph\">Aix\u00ed mateix, el Centre de Comunicacions es refor\u00e7ar\u00e0 amb un sergent coordinador de mitjans, un cap de sala i dos operadors de comunicacions. L&#8217;escala de comandament disposar\u00e0 d&#8217;un sotsoficial o sergent cap de sector, dos sergents i un coordinador forestal.&nbsp;<\/p>\n\n\n\n<p class=\"wp-block-paragraph\">En l&#8217;escala b\u00e0sica, s&#8217;activaran sis autobombes forestals pesades (BFP), cadascuna amb un cap i tres bombers, situades als parcs de Sagunt, Paterna, Torrent, Gandia, Alzira i Requena. En total, el refor\u00e7 contempla 35 bombers professionals addicionals als 100 efectius ordinaris de la gu\u00e0rdia.<\/p>\n\n\n\n<p class=\"wp-block-paragraph\"><strong>Bombers voluntaris<\/strong><\/p>\n\n\n\n<p class=\"wp-block-paragraph\">El dispositiu incorpora tamb\u00e9 l&#8217;activaci\u00f3, amb disponibilitat immediata, dels set parcs de bombers voluntaris. Cada parc comptar\u00e0 amb una autobomba BUP\/BRP, amb un cap d&#8217;equip i quatre bombers voluntaris, a m\u00e9s d&#8217;una UPC amb el seu corresponent cap de parc.<\/p>\n\n\n\n<p class=\"wp-block-paragraph\">Els parcs inclosos en el refor\u00e7 s\u00f3n els de Sinarques, Titaig\u00fces, Xelva, Cofrents, Aiora, Navarr\u00e9s i Vallada. En total, s&#8217;incorporen aproximadament 42 bombers voluntaris.<\/p>\n\n\n\n<p class=\"wp-block-paragraph\"><strong>Ampliaci\u00f3 hor\u00e0ria de les brigades<\/strong><\/p>\n\n\n\n<p class=\"wp-block-paragraph\">El Consorci tamb\u00e9 refor\u00e7ar\u00e0 el dispositiu de les seues 30 brigades forestals BRIFO, formades per cinc components cadascuna. A m\u00e9s, el dispositiu comptar\u00e0 amb un operador de sala BRIFO, dos coordinadors forestals BRIFO i dos coordinadors, i s&#8217;ampliar\u00e0 l&#8217;horari de les brigades fins a les 22.00 hores.<\/p>\n\n\n\n<p class=\"wp-block-paragraph\">En total, el refor\u00e7 suposa l&#8217;ampliaci\u00f3 hor\u00e0ria d&#8217;aproximadament 155 brigadistes. D&#8217;aquesta manera, el dispositiu extraordinari activat pel Consorci Provincial de Bombers de Val\u00e8ncia davant el risc forestal extrem suma aproximadament 340 efectius, entre bombers professionals, bombers voluntaris i brigadistes forestals BRIFO.<\/p>\n","protected":false},"excerpt":{"rendered":"<div class=\"mh-excerpt\">L&#8217;entitat dependent de la Diputaci\u00f3 de Val\u00e8ncia disposar\u00e0 durant els pr\u00f2xims dies de fins a 340 efectius davant el risc extrem d&#8217;incendis forestals associat a la pujada prevista dels term\u00f2metres. El refor\u00e7 estar\u00e0 actiu des <a class=\"mh-excerpt-more\" href=\"https:\/\/tucomarca.whitekongsoftware.com\/ca\/el-consorci-de-bombers-reforca-el-seu-dispositiu-forestal-davant-el-risc-extrem-dincendis-per-les-altes-temperatures\/\" title=\"El Consorci de Bombers refor\u00e7a el seu dispositiu forestal davant el risc extrem d&#8217;incendis per les altes temperatures\">[+] <\/a><\/div>\n","protected":false},"author":13,"featured_media":310749,"comment_status":"closed","ping_status":"open","sticky":false,"template":"","format":"standard","meta":{"footnotes":""},"categories":[10954,10951,11039,10955,11046,10898,10948,10963,10894,10904,10903,10971,10947,10909,10896,11058,10897,11027],"tags":[11246,12166,12350],"class_list":["post-310751","post","type-post","status-publish","format-standard","has-post-thumbnail","category-ayora-ca","category-ayora-cofrentes-ca","category-chelva-ca","category-cofrentes-ca","category-los-serranos-ca","category-ventana-ca","category-infraestructuras-ca","category-la-canal-de-navarres-ca","category-la-comarca-ca","category-sin-categorizar-ca","category-medio-ambiente-la-comarca-ca","category-navarres-ca","category-politica","category-requena-utiel-ca","category-seccion-ca","category-sinarcas-ca","category-sucesos-la-comarca-ca","category-titaguas-ca","tag-diputacio-de-valencia-ca","tag-medio-ambiente-ca","tag-prevencion-de-incendios-ca"],"_links":{"self":[{"href":"https:\/\/tucomarca.whitekongsoftware.com\/ca\/wp-json\/wp\/v2\/posts\/310751","targetHints":{"allow":["GET"]}}],"collection":[{"href":"https:\/\/tucomarca.whitekongsoftware.com\/ca\/wp-json\/wp\/v2\/posts"}],"about":[{"href":"https:\/\/tucomarca.whitekongsoftware.com\/ca\/wp-json\/wp\/v2\/types\/post"}],"author":[{"embeddable":true,"href":"https:\/\/tucomarca.whitekongsoftware.com\/ca\/wp-json\/wp\/v2\/users\/13"}],"replies":[{"embeddable":true,"href":"https:\/\/tucomarca.whitekongsoftware.com\/ca\/wp-json\/wp\/v2\/comments?post=310751"}],"version-history":[{"count":1,"href":"https:\/\/tucomarca.whitekongsoftware.com\/ca\/wp-json\/wp\/v2\/posts\/310751\/revisions"}],"predecessor-version":[{"id":310752,"href":"https:\/\/tucomarca.whitekongsoftware.com\/ca\/wp-json\/wp\/v2\/posts\/310751\/revisions\/310752"}],"wp:featuredmedia":[{"embeddable":true,"href":"https:\/\/tucomarca.whitekongsoftware.com\/ca\/wp-json\/wp\/v2\/media\/310749"}],"wp:attachment":[{"href":"https:\/\/tucomarca.whitekongsoftware.com\/ca\/wp-json\/wp\/v2\/media?parent=310751"}],"wp:term":[{"taxonomy":"category","embeddable":true,"href":"https:\/\/tucomarca.whitekongsoftware.com\/ca\/wp-json\/wp\/v2\/categories?post=310751"},{"taxonomy":"post_tag","embeddable":true,"href":"https:\/\/tucomarca.whitekongsoftware.com\/ca\/wp-json\/wp\/v2\/tags?post=310751"}],"curies":[{"name":"wp","href":"https:\/\/api.w.org\/{rel}","templated":true}]}}