{"id":310723,"date":"2026-08-21T10:15:00","date_gmt":"2026-08-21T08:15:00","guid":{"rendered":"https:\/\/www.tucomarca.com\/wordpress\/segunda\/?p=310723"},"modified":"2026-08-21T12:49:43","modified_gmt":"2026-08-21T10:49:43","slug":"benaguasil-prepara-cinc-jornades-de-bous-al-carrer-del-26-al-30-dagost","status":"publish","type":"post","link":"https:\/\/tucomarca.whitekongsoftware.com\/ca\/benaguasil-prepara-cinc-jornades-de-bous-al-carrer-del-26-al-30-dagost\/","title":{"rendered":"Benaguasil prepara cinc jornades de \u2018Bous al carrer\u2019 del 26 al 30 d\u2019agost com a avantsala de les seues festes patronals"},"content":{"rendered":"\n<p class=\"wp-block-paragraph\"><strong>Benaguasil<\/strong> es prepara per viure cinc jornades consecutives de <strong>\u2018Bous al carrer\u2019<\/strong> entre dimecres 26 i diumenge 30 d\u2019agost, amb un ampli programa taur\u00ed que inclou entrades de bous i cavalls, solta de bous, carretons infantils, bous embolats i una novillada.<\/p>\n\n\n\n<p class=\"wp-block-paragraph\">Els actes comen\u00e7aran el <strong>dimecres 26 d\u2019agost<\/strong> a les 18.00 hores amb una vesprada d\u2019activitats infantils a c\u00e0rrec de la penya Verge de Montiel. A les 23.59 hores tindr\u00e0 lloc la solta de dues vaques i dos bous embolats, organitzada per la penya La Correguda.<\/p>\n\n\n\n<p class=\"wp-block-paragraph\">El <strong>dijous 27 d\u2019agost<\/strong>, la programaci\u00f3 comen\u00e7ar\u00e0 a les 12.00 hores amb carretons infantils de la penya Verge de Montiel. A la vesprada, a les 17.30 hores, tornaran els carretons a c\u00e0rrec de La Correguda i, a les 18.00 hores, se celebrar\u00e0 un desafiament de ramaderies amb quatre vaques i un bou en punta. La jornada continuar\u00e0 a les 23.00 hores amb carretons infantils i, a les 23.30 hores, amb dues vaques i dos bous embolats.<\/p>\n\n\n\n<p class=\"wp-block-paragraph\">El <strong>divendres 28<\/strong> es reprendran les activitats infantils a les 12.00 hores amb carretons de la penya Verge de Montiel. A la vesprada hi haur\u00e0 una nova sessi\u00f3 de carretons a les 18.30 hores i, a les 19.00 hores, la solta de cinc vaques i un bou en punta a c\u00e0rrec de La Correguda. La jornada finalitzar\u00e0 amb carretons a les 23.00 hores i dues vaques i dos bous embolats a les 23.30 hores.<\/p>\n\n\n\n<p class=\"wp-block-paragraph\">El programa arribar\u00e0 a un dels seus dies m\u00e9s intensos el <strong>dissabte 29 d\u2019agost<\/strong>. A les 11.00 hores se celebrar\u00e0 un taller taur\u00ed i una jornada infantil a c\u00e0rrec de la penya Verge de Montiel. A les 13.30 hores tindr\u00e0 lloc l\u2019entrada de bous i cavalls, mentre que a les 17.30 hores es far\u00e0 una solta de bous (<strong>bou cerril<\/strong>).<\/p>\n\n\n\n<p class=\"wp-block-paragraph\">A la vesprada, a les 19.00 hores, La Correguda oferir\u00e0 la solta de cinc vaques i un bou en punta. La programaci\u00f3 continuar\u00e0 a les 23.00 hores amb carretons infantils i a les 23.30 hores amb dues vaques i dos bous embolats. A continuaci\u00f3, la penya Verge de Montiel protagonitzar\u00e0 un <strong>bou cerril embolat<\/strong>, seguit d\u2019una vaca embolada i un bou embolat.<\/p>\n\n\n\n<p class=\"wp-block-paragraph\">Les celebracions conclouran el <strong>diumenge 30 d\u2019agost<\/strong>. A les 11.00 hores s\u2019ha programat l\u2019espectacle <strong>\u2018Encierro de bous inflables\u2019<\/strong>, amb sis bous i una ambul\u00e0ncia, una activitat que figura en el programa com a organitzada conjuntament. A les 13.30 hores hi haur\u00e0 una nova entrada de bous i cavalls a c\u00e0rrec de la penya Verge de Montiel.<\/p>\n\n\n\n<p class=\"wp-block-paragraph\">A la vesprada, els m\u00e9s menuts podran gaudir de carretons infantils a partir de les 17.00 hores, mentre que a les 18.00 hores se celebrar\u00e0 una <strong>novillada a c\u00e0rrec de la penya La Correguda<\/strong>, posant el punt final a cinc dies d\u2019intensa programaci\u00f3 taurina.<\/p>\n\n\n\n<p class=\"wp-block-paragraph\">La programaci\u00f3 combina aix\u00ed els tradicionals festejos de \u2018Bous al carrer\u2019 amb propostes dirigides al p\u00fablic infantil, buscant la participaci\u00f3 de ve\u00efns i visitants durant unes jornades marcades per l\u2019activitat taurina i festiva. Informa, <strong>P. Ferrer<\/strong>.<\/p>\n\n\n\n<p class=\"wp-block-paragraph\"><\/p>\n","protected":false},"excerpt":{"rendered":"<div class=\"mh-excerpt\">Benaguasil es prepara per viure cinc jornades consecutives de \u2018Bous al carrer\u2019 entre dimecres 26 i diumenge 30 d\u2019agost, amb un ampli programa taur\u00ed que inclou entrades de bous i cavalls, solta de bous, carretons <a class=\"mh-excerpt-more\" href=\"https:\/\/tucomarca.whitekongsoftware.com\/ca\/benaguasil-prepara-cinc-jornades-de-bous-al-carrer-del-26-al-30-dagost\/\" title=\"Benaguasil prepara cinc jornades de \u2018Bous al carrer\u2019 del 26 al 30 d\u2019agost com a avantsala de les seues festes patronals\">[+] <\/a><\/div>\n","protected":false},"author":12,"featured_media":310722,"comment_status":"closed","ping_status":"open","sticky":false,"template":"","format":"standard","meta":{"footnotes":""},"categories":[11019,10952,10892,10894,11007,10896],"tags":[11136,10899,21125],"class_list":["post-310723","post","type-post","status-publish","format-standard","has-post-thumbnail","category-agenda-ca","category-benaguasil-ca","category-camp-de-turia-ca","category-la-comarca-ca","category-ocio-y-cultura-ca","category-seccion-ca","tag-benaguasil-ca","tag-camp-de-turia-ca","tag-fiestas-patronales-de-benaguasil-ca"],"_links":{"self":[{"href":"https:\/\/tucomarca.whitekongsoftware.com\/ca\/wp-json\/wp\/v2\/posts\/310723","targetHints":{"allow":["GET"]}}],"collection":[{"href":"https:\/\/tucomarca.whitekongsoftware.com\/ca\/wp-json\/wp\/v2\/posts"}],"about":[{"href":"https:\/\/tucomarca.whitekongsoftware.com\/ca\/wp-json\/wp\/v2\/types\/post"}],"author":[{"embeddable":true,"href":"https:\/\/tucomarca.whitekongsoftware.com\/ca\/wp-json\/wp\/v2\/users\/12"}],"replies":[{"embeddable":true,"href":"https:\/\/tucomarca.whitekongsoftware.com\/ca\/wp-json\/wp\/v2\/comments?post=310723"}],"version-history":[{"count":3,"href":"https:\/\/tucomarca.whitekongsoftware.com\/ca\/wp-json\/wp\/v2\/posts\/310723\/revisions"}],"predecessor-version":[{"id":311058,"href":"https:\/\/tucomarca.whitekongsoftware.com\/ca\/wp-json\/wp\/v2\/posts\/310723\/revisions\/311058"}],"wp:featuredmedia":[{"embeddable":true,"href":"https:\/\/tucomarca.whitekongsoftware.com\/ca\/wp-json\/wp\/v2\/media\/310722"}],"wp:attachment":[{"href":"https:\/\/tucomarca.whitekongsoftware.com\/ca\/wp-json\/wp\/v2\/media?parent=310723"}],"wp:term":[{"taxonomy":"category","embeddable":true,"href":"https:\/\/tucomarca.whitekongsoftware.com\/ca\/wp-json\/wp\/v2\/categories?post=310723"},{"taxonomy":"post_tag","embeddable":true,"href":"https:\/\/tucomarca.whitekongsoftware.com\/ca\/wp-json\/wp\/v2\/tags?post=310723"}],"curies":[{"name":"wp","href":"https:\/\/api.w.org\/{rel}","templated":true}]}}