{"id":309488,"date":"2026-08-05T12:00:00","date_gmt":"2026-08-05T10:00:00","guid":{"rendered":"https:\/\/www.tucomarca.com\/wordpress\/segunda\/?p=309488"},"modified":"2026-08-05T19:16:19","modified_gmt":"2026-08-05T17:16:19","slug":"el-consell-autoritza-una-inversio-de-564-milions-per-a-la-renaturalitzacio-i-millora-de-la-resiliencia-de-les-conques-afectades-per-la-dana","status":"publish","type":"post","link":"https:\/\/tucomarca.whitekongsoftware.com\/ca\/el-consell-autoritza-una-inversio-de-564-milions-per-a-la-renaturalitzacio-i-millora-de-la-resiliencia-de-les-conques-afectades-per-la-dana\/","title":{"rendered":"El Consell autoritza una inversi\u00f3 de 56,4 milions per a la renaturalitzaci\u00f3 i millora de la resili\u00e8ncia de les conques afectades per la DANA"},"content":{"rendered":"\n<h3 class=\"wp-block-heading\">El projecte ser\u00e0 executat per Tragsa i es preveu un termini d\u2019execuci\u00f3 de 48 mesos.<\/h3>\n\n\n\n<h3 class=\"wp-block-heading\">Es duran a terme actuacions en les conques del T\u00faria, Magre, Poio i Picassent per a recuperar l\u2019estat d\u2019estos espais amb solucions basades en la naturalesa.<\/h3>\n\n\n\n<p class=\"wp-block-paragraph\">El Consell ha autoritzat l\u2019enc\u00e0rrec a Tragsa per a la renaturalitzaci\u00f3 i millora de la resili\u00e8ncia de les conques del T\u00faria, Magre, Poio i Picassent afectades per la dana d\u2019octubre de 2024, per un import de 56.409.975,89 euros i un termini d\u2019execuci\u00f3 de 48 mesos.<\/p>\n\n\n\n<p class=\"wp-block-paragraph\">El projecte permetr\u00e0 recuperar i millorar l\u2019estat d\u2019estes zones mitjan\u00e7ant l\u2019aplicaci\u00f3 de solucions basades en la naturalesa, amb la finalitat de refor\u00e7ar la seua resposta davant de successos similars i millorar l\u2019estat de conservaci\u00f3 dels h\u00e0bitats i de les esp\u00e8cies presents en els espais de la Xarxa Ecol\u00f2gica Europea Natura 2000 de la Comunitat Valenciana i altres xarxes d\u2019espais d\u2019alt valor per a la biodiversitat. Estes actuacions concreten els objectius arreplegats en el Pla Endavant del Consell.<\/p>\n\n\n\n<p class=\"wp-block-paragraph\">Entre les actuacions previstes figura la retirada d\u2019arbres danyats i obstacles vegetals en els barrancs per a millorar l\u2019estat de la seua coberta vegetal, l\u2019elaboraci\u00f3 d\u2019un pla integral d\u2019erradicaci\u00f3 de les canyes mitjan\u00e7ant els protocols establits, la reparaci\u00f3 i neteja dels llits afectats i la restauraci\u00f3 del domini p\u00fablic hidr\u00e0ulic.<\/p>\n\n\n\n<p class=\"wp-block-paragraph\">Aix\u00ed mateix, s\u2019executaran labors de control o d\u2019erradicaci\u00f3 d\u2019esp\u00e8cies invasores de canya amb plantacions posteriors, rehabilitaci\u00f3 d\u2019accessos, estabilitzaci\u00f3 de riberes objecte de renaturalitzaci\u00f3, treballs silv\u00edcoles, senyalitzaci\u00f3, retirada de residus inerts i actuacions de control de l\u2019erosi\u00f3.<\/p>\n\n\n\n<p class=\"wp-block-paragraph\">Amb car\u00e0cter general, els treballs es desenrotllaran en les conques del T\u00faria, Magre, Poio i Picassent i a on no actuen la Confederaci\u00f3 Hidrogr\u00e0fica del X\u00faquer ni els ajuntaments, amb les diferents ferramentes habilitades per a la reconstrucci\u00f3.<\/p>\n\n\n\n<p class=\"wp-block-paragraph\"><strong>Actuacions en 52 municipis<\/strong><\/p>\n\n\n\n<p class=\"wp-block-paragraph\">Les actuacions previstes en les conques del T\u00faria, Magre, Poio i Picassent es duran a terme en 52 municipis. En concret, en la conca del riu T\u00faria, les actuacions es desenrotllaran en els municipis de Calles, Dome\u00f1o, Loriguilla, Chulilla, Sot de Chera, Gestalgar, Bugarra, Pedralba, Vilamarxant, Benaguasil, Riba-roja de T\u00faria, Paterna, Manises i Quart de Poblet.<\/p>\n\n\n\n<p class=\"wp-block-paragraph\">Per la seua banda, en la conca del riu Magre s\u2019actuar\u00e0 a Sinarcas, Camporrobles, Fuenterrobles, Caudete de las Fuentes, Utiel, Requena, Siete Aguas, Bu\u00f1ol, Y\u00e1tova, Macastre, Alborache, Tur\u00eds, Montroi, Dos Aguas, Montserrat, Real, Llombai, Alfarb, Catadau, Carlet, l\u2019Alc\u00fadia, Guadassuar i Algemes\u00ed.<\/p>\n\n\n\n<p class=\"wp-block-paragraph\">Aix\u00ed mateix, en la conca del barranc de Poio es duran a terme actuacions a Chiva, Cheste, Riba-roja de T\u00faria, Quart de Poblet, Aldaia, Alaqu\u00e0s, Torrent, Picanya, Paiporta, Catarroja i Massanassa. Finalment, en la conca del barranc de Picassent, els treballs s\u2019executaran a Picassent, Alc\u00e0sser, Beniparrell i Silla.<\/p>\n\n\n\n<p class=\"wp-block-paragraph\">Els m\u00e9s de 56 milions d\u2019euros d\u2019inversi\u00f3 es distribuiran en cinc anualitats, de manera que per a 2026 s\u2019ha previst destinar 4.595.340,04 euros; 14.449.446,14 euros en 2027; 14.449.446,14 euros en 2028; 13.949.446,14 euros en 2029, i 8.966.297,43 euros en 2030.<\/p>\n\n\n\n<p class=\"wp-block-paragraph\"><\/p>\n","protected":false},"excerpt":{"rendered":"<div class=\"mh-excerpt\">El projecte ser\u00e0 executat per Tragsa i es preveu un termini d\u2019execuci\u00f3 de 48 mesos. Es duran a terme actuacions en les conques del T\u00faria, Magre, Poio i Picassent per a recuperar l\u2019estat d\u2019estos espais <a class=\"mh-excerpt-more\" href=\"https:\/\/tucomarca.whitekongsoftware.com\/ca\/el-consell-autoritza-una-inversio-de-564-milions-per-a-la-renaturalitzacio-i-millora-de-la-resiliencia-de-les-conques-afectades-per-la-dana\/\" title=\"El Consell autoritza una inversi\u00f3 de 56,4 milions per a la renaturalitzaci\u00f3 i millora de la resili\u00e8ncia de les conques afectades per la DANA\">[+] <\/a><\/div>\n","protected":false},"author":12,"featured_media":305732,"comment_status":"closed","ping_status":"open","sticky":false,"template":"","format":"standard","meta":{"footnotes":""},"categories":[21466,10898,10948,10894,10904,10903,10947,10896,10897],"tags":[15409,11498,23039],"class_list":["post-309488","post","type-post","status-publish","format-standard","has-post-thumbnail","category-dana-ca","category-ventana-ca","category-infraestructuras-ca","category-la-comarca-ca","category-sin-categorizar-ca","category-medio-ambiente-la-comarca-ca","category-politica","category-seccion-ca","category-sucesos-la-comarca-ca","tag-dana-2-ca","tag-generalitat-valenciana-ca","tag-plan-endavant-ca"],"_links":{"self":[{"href":"https:\/\/tucomarca.whitekongsoftware.com\/ca\/wp-json\/wp\/v2\/posts\/309488","targetHints":{"allow":["GET"]}}],"collection":[{"href":"https:\/\/tucomarca.whitekongsoftware.com\/ca\/wp-json\/wp\/v2\/posts"}],"about":[{"href":"https:\/\/tucomarca.whitekongsoftware.com\/ca\/wp-json\/wp\/v2\/types\/post"}],"author":[{"embeddable":true,"href":"https:\/\/tucomarca.whitekongsoftware.com\/ca\/wp-json\/wp\/v2\/users\/12"}],"replies":[{"embeddable":true,"href":"https:\/\/tucomarca.whitekongsoftware.com\/ca\/wp-json\/wp\/v2\/comments?post=309488"}],"version-history":[{"count":4,"href":"https:\/\/tucomarca.whitekongsoftware.com\/ca\/wp-json\/wp\/v2\/posts\/309488\/revisions"}],"predecessor-version":[{"id":309528,"href":"https:\/\/tucomarca.whitekongsoftware.com\/ca\/wp-json\/wp\/v2\/posts\/309488\/revisions\/309528"}],"wp:featuredmedia":[{"embeddable":true,"href":"https:\/\/tucomarca.whitekongsoftware.com\/ca\/wp-json\/wp\/v2\/media\/305732"}],"wp:attachment":[{"href":"https:\/\/tucomarca.whitekongsoftware.com\/ca\/wp-json\/wp\/v2\/media?parent=309488"}],"wp:term":[{"taxonomy":"category","embeddable":true,"href":"https:\/\/tucomarca.whitekongsoftware.com\/ca\/wp-json\/wp\/v2\/categories?post=309488"},{"taxonomy":"post_tag","embeddable":true,"href":"https:\/\/tucomarca.whitekongsoftware.com\/ca\/wp-json\/wp\/v2\/tags?post=309488"}],"curies":[{"name":"wp","href":"https:\/\/api.w.org\/{rel}","templated":true}]}}