{"id":309283,"date":"2026-07-31T09:10:00","date_gmt":"2026-07-31T07:10:00","guid":{"rendered":"https:\/\/www.tucomarca.com\/wordpress\/segunda\/?p=309283"},"modified":"2026-07-31T19:28:23","modified_gmt":"2026-07-31T17:28:23","slug":"sagunt-a-escena-inaugura-la-seua-43a-edicio-amb-lestrena-de-el-narcis-en-la-seua-opinio","status":"publish","type":"post","link":"https:\/\/tucomarca.whitekongsoftware.com\/ca\/sagunt-a-escena-inaugura-la-seua-43a-edicio-amb-lestrena-de-el-narcis-en-la-seua-opinio\/","title":{"rendered":"Sagunt a Escena inaugura la seua 43a edici\u00f3 amb l&#8217;estrena de \u2018El Narc\u00eds en la seua opini\u00f3\u2019"},"content":{"rendered":"\n<h3 class=\"wp-block-heading\">La producci\u00f3 pr\u00f2pia del IVC inicia la programaci\u00f3 del Teatre Rom\u00e0 l&#8217;1 d&#8217;agost, a les 22.30 hores, i podr\u00e0 tornar a veure&#8217;s el dia 2 en una funci\u00f3 accessible.<\/h3>\n\n\n\n<h3 class=\"wp-block-heading\">En el \u2018Off Rom\u00e0\u2019, la companyia Visitants realitzar\u00e0 una revisi\u00f3 cr\u00edtica dels cl\u00e0ssics i Marea Dansa interpretar\u00e0 el folklore valenci\u00e0 des d&#8217;una mirada actual.<\/h3>\n\n\n\n<p class=\"wp-block-paragraph\">El festival Sagunt a Escena, organitzat per la Conselleria d&#8217;Educaci\u00f3, Cultura i Universitats a trav\u00e9s de Institut Valenci\u00e0 de Cultura (IVC), en col\u00b7laboraci\u00f3 amb la Diputaci\u00f3 de Val\u00e8ncia i l&#8217;Ajuntament de Sagunt, inaugura la programaci\u00f3 de la seua 43a edici\u00f3 amb dues obres basades en textos del Segle d&#8217;Or.<\/p>\n\n\n\n<p class=\"wp-block-paragraph\">El Teatre Rom\u00e0 acollir\u00e0 l&#8217;1 d&#8217;agost, a les 22.30 hores, l&#8217;estrena de \u2018El Narc\u00eds en la seua opini\u00f3\u2019, producci\u00f3 pr\u00f2pia del IVC basada en l&#8217;obra escrita per Guillem de Castro entre 1612 i 1615. La com\u00e8dia comptar\u00e0 amb la participaci\u00f3 de m\u00e9s d&#8217;una vintena d&#8217;int\u00e8rprets i creadors valencians i \u00e9s considerada el precedent de la denominada com\u00e8dia de figur\u00f3n.<\/p>\n\n\n\n<p class=\"wp-block-paragraph\">L&#8217;obra aborda l&#8217;ego i la construcci\u00f3 de la pr\u00f2pia imatge, aspectes que connecten amb la societat actual. Parla de les m\u00e0scares, de la por enfront de l&#8217;amor, de la mentida enfront de la veritat, del reflex enfront de la realitat i de l&#8217;aparen\u00e7a enfront de l&#8217;\u00e9sser. Aix\u00ed mateix, presenta personatges femenins valents, intel\u00b7ligents i capa\u00e7os d&#8217;enfrontar-se a les situacions malgrat la seua falta de llibertat.<\/p>\n\n\n\n<p class=\"wp-block-paragraph\">El muntatge, en versi\u00f3 de Chema Carde\u00f1a i amb direcci\u00f3 de Rebeca Valls, es tornar\u00e0 a representar el 2 d&#8217;agost en una funci\u00f3 accessible. El repartiment estar\u00e0 integrat per deu actors i actrius de l&#8217;escena valenciana, entre els quals destaquen Josep Manuel Casany, Aina Gimeno i Toni Mis\u00f3, al costat d&#8217;un equip art\u00edstic format per professionals de la Comunitat Valenciana.<\/p>\n\n\n\n<p class=\"wp-block-paragraph\">A l&#8217;acte d&#8217;inauguraci\u00f3 assistiran la secret\u00e0ria auton\u00f2mica de Cultura, Marta Alonso, i el director general de Cultura, Ignacio Prieto.<\/p>\n\n\n\n<p class=\"wp-block-paragraph\"><strong>Teatre cl\u00e0ssic i dansa trenada en el \u2018Off Rom\u00e0\u2019<\/strong><\/p>\n\n\n\n<p class=\"wp-block-paragraph\">La programaci\u00f3 del \u2018Off Rom\u00e0\u2019 inclou la representaci\u00f3 de \u2018I si fem un cl\u00e0ssic?\u2019, de la companyia Visitants, el dissabte 1 d&#8217;agost en la Glorieta. La com\u00e8dia, escrita per S\u00f2nia Alejo, alterna els textos originals de Lope de Vega, Tirso de Molina i Calder\u00f3n de la Barca amb situacions vinculades al proc\u00e9s de representaci\u00f3 d&#8217;una companyia teatral.<\/p>\n\n\n\n<p class=\"wp-block-paragraph\">La posada en escena mostra els mecanismes de construcci\u00f3 de l&#8217;espectacle, inclosos els canvis de vestuari i els recursos esc\u00e8nics. La companyia se serveix de versos cl\u00e0ssics per a oferir una mirada actual i reflexiva sobre la lectura que actualment es fa d&#8217;eixa dramat\u00fargia, aix\u00ed com del paper de la dona en aquests.<\/p>\n\n\n\n<p class=\"wp-block-paragraph\">El 2 d&#8217;agost, el \u2018Off Rom\u00e0\u2019 rebr\u00e0 a Marea Dansa amb \u2018Nuar\u2019, una creaci\u00f3 dirigida per Sara Cano que reformula elements del folklore valenci\u00e0 i aprofundeix en la c\u00e0rrega simb\u00f2lica de l&#8217;acte de trenar a partir de la Dansa dels Vetes, un ball tradicional de celebraci\u00f3 i uni\u00f3.<\/p>\n\n\n\n<p class=\"wp-block-paragraph\">L&#8217;obra es representar\u00e0 en el passeig de l&#8217;Albereda, on els seus cinc int\u00e8rprets es teixiran i nuaran en una revisi\u00f3 de la dansa popular des de l&#8217;avantguarda. En aquesta proposta, les dones ja no esperen mentre realitzen labors, sin\u00f3 que tixen el seu propi dest\u00ed i articulen una xarxa de suport, de cures i identitat compartida que a vegades tamb\u00e9 crega tensions i canvia d&#8217;adre\u00e7a, donant lloc a noves formes i configuracions.<\/p>\n","protected":false},"excerpt":{"rendered":"<div class=\"mh-excerpt\">La producci\u00f3 pr\u00f2pia del IVC inicia la programaci\u00f3 del Teatre Rom\u00e0 l&#8217;1 d&#8217;agost, a les 22.30 hores, i podr\u00e0 tornar a veure&#8217;s el dia 2 en una funci\u00f3 accessible. En el \u2018Off Rom\u00e0\u2019, la companyia <a class=\"mh-excerpt-more\" href=\"https:\/\/tucomarca.whitekongsoftware.com\/ca\/sagunt-a-escena-inaugura-la-seua-43a-edicio-amb-lestrena-de-el-narcis-en-la-seua-opinio\/\" title=\"Sagunt a Escena inaugura la seua 43a edici\u00f3 amb l&#8217;estrena de \u2018El Narc\u00eds en la seua opini\u00f3\u2019\">[+] <\/a><\/div>\n","protected":false},"author":1,"featured_media":309281,"comment_status":"closed","ping_status":"open","sticky":false,"template":"","format":"standard","meta":{"footnotes":""},"categories":[11019,10898,10904,11007,10896],"tags":[],"class_list":["post-309283","post","type-post","status-publish","format-standard","has-post-thumbnail","category-agenda-ca","category-ventana-ca","category-sin-categorizar-ca","category-ocio-y-cultura-ca","category-seccion-ca"],"_links":{"self":[{"href":"https:\/\/tucomarca.whitekongsoftware.com\/ca\/wp-json\/wp\/v2\/posts\/309283","targetHints":{"allow":["GET"]}}],"collection":[{"href":"https:\/\/tucomarca.whitekongsoftware.com\/ca\/wp-json\/wp\/v2\/posts"}],"about":[{"href":"https:\/\/tucomarca.whitekongsoftware.com\/ca\/wp-json\/wp\/v2\/types\/post"}],"author":[{"embeddable":true,"href":"https:\/\/tucomarca.whitekongsoftware.com\/ca\/wp-json\/wp\/v2\/users\/1"}],"replies":[{"embeddable":true,"href":"https:\/\/tucomarca.whitekongsoftware.com\/ca\/wp-json\/wp\/v2\/comments?post=309283"}],"version-history":[{"count":2,"href":"https:\/\/tucomarca.whitekongsoftware.com\/ca\/wp-json\/wp\/v2\/posts\/309283\/revisions"}],"predecessor-version":[{"id":309285,"href":"https:\/\/tucomarca.whitekongsoftware.com\/ca\/wp-json\/wp\/v2\/posts\/309283\/revisions\/309285"}],"wp:featuredmedia":[{"embeddable":true,"href":"https:\/\/tucomarca.whitekongsoftware.com\/ca\/wp-json\/wp\/v2\/media\/309281"}],"wp:attachment":[{"href":"https:\/\/tucomarca.whitekongsoftware.com\/ca\/wp-json\/wp\/v2\/media?parent=309283"}],"wp:term":[{"taxonomy":"category","embeddable":true,"href":"https:\/\/tucomarca.whitekongsoftware.com\/ca\/wp-json\/wp\/v2\/categories?post=309283"},{"taxonomy":"post_tag","embeddable":true,"href":"https:\/\/tucomarca.whitekongsoftware.com\/ca\/wp-json\/wp\/v2\/tags?post=309283"}],"curies":[{"name":"wp","href":"https:\/\/api.w.org\/{rel}","templated":true}]}}