{"id":309271,"date":"2026-07-31T09:15:00","date_gmt":"2026-07-31T07:15:00","guid":{"rendered":"https:\/\/www.tucomarca.com\/wordpress\/segunda\/?p=309271"},"modified":"2026-07-31T19:19:55","modified_gmt":"2026-07-31T17:19:55","slug":"el-campus-destiu-2026-de-xest-conclou-amb-un-record-absolut-de-participacio-en-aconseguir-els-175-xiquets-i-xiquetes-en-una-sola-setmana","status":"publish","type":"post","link":"https:\/\/tucomarca.whitekongsoftware.com\/ca\/el-campus-destiu-2026-de-xest-conclou-amb-un-record-absolut-de-participacio-en-aconseguir-els-175-xiquets-i-xiquetes-en-una-sola-setmana\/","title":{"rendered":"El Campus d&#8217;Estiu 2026 de Xest conclou amb un r\u00e8cord absolut de participaci\u00f3 en aconseguir els 175 xiquets i xiquetes en una sola setmana"},"content":{"rendered":"\n<h3 class=\"wp-block-heading\">L&#8217;oferta multiesportiva, la implicaci\u00f3 dels clubs locals i un \u00f2ptim r\u00e0tio de monitors marquen l&#8217;\u00e8xit d&#8217;una edici\u00f3 adaptada a les altes temperatures.<\/h3>\n\n\n\n<p class=\"wp-block-paragraph\">L&#8217;Ajuntament de Xest ha tancat amb un balan\u00e7 summament positiu l&#8217;edici\u00f3 2026 del seu Campus Esportiu d&#8217;Estiu, que s&#8217;ha celebrat entre el 6 i el 31 de juliol en les instal\u00b7lacions esportives municipals. La iniciativa ha registrat un r\u00e8cord absolut d&#8217;assist\u00e8ncia en aconseguir els 175 xiquets i xiquetes inscrits en una sola setmana, superant de manera molt significativa les dades de l&#8217;any anterior, quan la participaci\u00f3 m\u00e0xima es va situar entorn dels 120 assistents.<\/p>\n\n\n\n<p class=\"wp-block-paragraph\">Per a respondre a aquest important increment de demanda i oferir una atenci\u00f3 de la m\u00e0xima qualitat a participants d&#8217;entre 6 i 16 anys, la Regidoria d&#8217;Esports va refor\u00e7ar la plantilla contractant a tot el personal necessari, aconseguint garantir un r\u00e0tio molt favorable d&#8217;aproximadament 12 xiquets per monitor. Referent a l&#8217;oferta d&#8217;activitats, la modalitat multidisciplin\u00e0ria de multiesport es va consolidar com la gran estrela del campus, situant-se per damunt de les disciplines espec\u00edfiques de futbol, b\u00e0squet i tenis.<\/p>\n\n\n\n<p class=\"wp-block-paragraph\">En paraules d&#8217;Adri\u00e1n Tar\u00edn, regidor d&#8217;Esports de l&#8217;Ajuntament de Xest, &#8220;estem enormement satisfets amb la resposta d&#8217;enguany. Aconseguir els 175 xiquets i xiquetes en una setmana \u00e9s un r\u00e8cord absolut per a Xest que demostra l&#8217;enorme confian\u00e7a de les fam\u00edlies. Hem fet un esfor\u00e7 molt important en contractaci\u00f3 per a mantindre un r\u00e0tio \u00f2ptim d&#8217;uns 12 xiquets per monitor i assegurar una atenci\u00f3 excel\u00b7lent. A m\u00e9s, l&#8217;activitat de multiesport ha sigut la m\u00e9s destacada, complementada de manera indispensable amb la piscina municipal per a fer front a un estiu molt marcat per les onades de calor\u201d.<\/p>\n\n\n\n<p class=\"wp-block-paragraph\">Un aspecte clau en l&#8217;\u00e8xit d&#8217;aquesta edici\u00f3 ha sigut la valuosa col\u00b7laboraci\u00f3 del teixit associatiu local. Diverses entitats del municipi, com el Club Yoshitaka Xest, el Club Muntanyisme Xest, el Club AFT T\u00faria 1981 de Futbol Mesa i el Club Futbol Sala Alian\u00e7a Xest, es van sumar a la iniciativa acudint al campus per a impartir tallers i introduir als m\u00e9s joves en les seues respectives especialitats esportives.<\/p>\n\n\n\n<p class=\"wp-block-paragraph\">Per part seua, Jose Morell, alcalde de Xest, ha subratllat que &#8220;aquest r\u00e8cord de participaci\u00f3 reafirma el comprom\u00eds d&#8217;aquest equip de Govern amb les fam\u00edlies de Xest, oferint-los una alternativa real i de qualitat per a la conciliaci\u00f3 durant l&#8217;estiu per tan sols 20 euros a la setmana. Vull agrair de forma molt especial als clubs locals la seua implicaci\u00f3 al campus, demostrant una vegada m\u00e9s la fortalesa i cohesi\u00f3 del nostre teixit esportiu i associatiu.&#8221;<\/p>\n\n\n\n<p class=\"wp-block-paragraph\">La programaci\u00f3 di\u00e0ria, desenvolupada en horari de #9:00 a #14:00 hores, va estar condicionada per les altes temperatures estivals d&#8217;aquest mes de juliol, per la qual cosa el pas diari per la piscina municipal va resultar fonamental per a garantir el refresc, el benestar i la diversi\u00f3 de tots els xiquets i xiquetes del municipi.<\/p>\n\n\n\n<figure class=\"wp-block-gallery has-nested-images columns-2 is-cropped wp-block-gallery-1 is-layout-flex wp-block-gallery-is-layout-flex\">\n<figure class=\"wp-block-image size-large\"><img loading=\"lazy\" decoding=\"async\" width=\"787\" height=\"531\" data-id=\"309263\" src=\"https:\/\/www.tucomarca.com\/wordpress\/segunda\/wp-content\/uploads\/2026\/07\/campus_deportivo_cheste_03.jpeg\" alt=\"\" class=\"wp-image-309263\" srcset=\"https:\/\/tucomarca.whitekongsoftware.com\/wp-content\/uploads\/2026\/07\/campus_deportivo_cheste_03.jpeg 787w, https:\/\/tucomarca.whitekongsoftware.com\/wp-content\/uploads\/2026\/07\/campus_deportivo_cheste_03-565x381.jpeg 565w, https:\/\/tucomarca.whitekongsoftware.com\/wp-content\/uploads\/2026\/07\/campus_deportivo_cheste_03-768x518.jpeg 768w\" sizes=\"auto, (max-width: 787px) 100vw, 787px\" \/><\/figure>\n\n\n\n<figure class=\"wp-block-image size-large\"><img loading=\"lazy\" decoding=\"async\" width=\"787\" height=\"531\" data-id=\"309265\" src=\"https:\/\/www.tucomarca.com\/wordpress\/segunda\/wp-content\/uploads\/2026\/07\/campus_deportivo_cheste_04.jpeg\" alt=\"\" class=\"wp-image-309265\" srcset=\"https:\/\/tucomarca.whitekongsoftware.com\/wp-content\/uploads\/2026\/07\/campus_deportivo_cheste_04.jpeg 787w, https:\/\/tucomarca.whitekongsoftware.com\/wp-content\/uploads\/2026\/07\/campus_deportivo_cheste_04-565x381.jpeg 565w, https:\/\/tucomarca.whitekongsoftware.com\/wp-content\/uploads\/2026\/07\/campus_deportivo_cheste_04-768x518.jpeg 768w\" sizes=\"auto, (max-width: 787px) 100vw, 787px\" \/><\/figure>\n\n\n\n<figure class=\"wp-block-image size-large\"><img loading=\"lazy\" decoding=\"async\" width=\"787\" height=\"531\" data-id=\"309267\" src=\"https:\/\/www.tucomarca.com\/wordpress\/segunda\/wp-content\/uploads\/2026\/07\/campus_deportivo_cheste_05.jpeg\" alt=\"\" class=\"wp-image-309267\" srcset=\"https:\/\/tucomarca.whitekongsoftware.com\/wp-content\/uploads\/2026\/07\/campus_deportivo_cheste_05.jpeg 787w, https:\/\/tucomarca.whitekongsoftware.com\/wp-content\/uploads\/2026\/07\/campus_deportivo_cheste_05-565x381.jpeg 565w, https:\/\/tucomarca.whitekongsoftware.com\/wp-content\/uploads\/2026\/07\/campus_deportivo_cheste_05-768x518.jpeg 768w\" sizes=\"auto, (max-width: 787px) 100vw, 787px\" \/><\/figure>\n\n\n\n<figure class=\"wp-block-image size-large\"><img loading=\"lazy\" decoding=\"async\" width=\"787\" height=\"531\" data-id=\"309259\" src=\"https:\/\/www.tucomarca.com\/wordpress\/segunda\/wp-content\/uploads\/2026\/07\/campus_deportivo_cheste_01.jpg\" alt=\"\" class=\"wp-image-309259\" srcset=\"https:\/\/tucomarca.whitekongsoftware.com\/wp-content\/uploads\/2026\/07\/campus_deportivo_cheste_01.jpg 787w, https:\/\/tucomarca.whitekongsoftware.com\/wp-content\/uploads\/2026\/07\/campus_deportivo_cheste_01-565x381.jpg 565w, https:\/\/tucomarca.whitekongsoftware.com\/wp-content\/uploads\/2026\/07\/campus_deportivo_cheste_01-768x518.jpg 768w\" sizes=\"auto, (max-width: 787px) 100vw, 787px\" \/><\/figure>\n<\/figure>\n","protected":false},"excerpt":{"rendered":"<div class=\"mh-excerpt\">L&#8217;oferta multiesportiva, la implicaci\u00f3 dels clubs locals i un \u00f2ptim r\u00e0tio de monitors marquen l&#8217;\u00e8xit d&#8217;una edici\u00f3 adaptada a les altes temperatures. L&#8217;Ajuntament de Xest ha tancat amb un balan\u00e7 summament positiu l&#8217;edici\u00f3 2026 del <a class=\"mh-excerpt-more\" href=\"https:\/\/tucomarca.whitekongsoftware.com\/ca\/el-campus-destiu-2026-de-xest-conclou-amb-un-record-absolut-de-participacio-en-aconseguir-els-175-xiquets-i-xiquetes-en-una-sola-setmana\/\" title=\"El Campus d&#8217;Estiu 2026 de Xest conclou amb un r\u00e8cord absolut de participaci\u00f3 en aconseguir els 175 xiquets i xiquetes en una sola setmana\">[+] <\/a><\/div>\n","protected":false},"author":12,"featured_media":309262,"comment_status":"closed","ping_status":"open","sticky":false,"template":"","format":"gallery","meta":{"footnotes":""},"categories":[11003,10894,10912,11007,11009,10896,10974],"tags":[22440,11071,10914],"class_list":["post-309271","post","type-post","status-publish","format-gallery","has-post-thumbnail","category-sports","category-la-comarca-ca","category-la-hoya-ca","category-ocio-y-cultura-ca","category-polideportivo-ca","category-seccion-ca","category-cheste-ca","tag-campus-de-verano-ca","tag-cheste","tag-la-hoya-de-bunol-chiva-ca","post_format-post-format-gallery"],"_links":{"self":[{"href":"https:\/\/tucomarca.whitekongsoftware.com\/ca\/wp-json\/wp\/v2\/posts\/309271","targetHints":{"allow":["GET"]}}],"collection":[{"href":"https:\/\/tucomarca.whitekongsoftware.com\/ca\/wp-json\/wp\/v2\/posts"}],"about":[{"href":"https:\/\/tucomarca.whitekongsoftware.com\/ca\/wp-json\/wp\/v2\/types\/post"}],"author":[{"embeddable":true,"href":"https:\/\/tucomarca.whitekongsoftware.com\/ca\/wp-json\/wp\/v2\/users\/12"}],"replies":[{"embeddable":true,"href":"https:\/\/tucomarca.whitekongsoftware.com\/ca\/wp-json\/wp\/v2\/comments?post=309271"}],"version-history":[{"count":1,"href":"https:\/\/tucomarca.whitekongsoftware.com\/ca\/wp-json\/wp\/v2\/posts\/309271\/revisions"}],"predecessor-version":[{"id":309272,"href":"https:\/\/tucomarca.whitekongsoftware.com\/ca\/wp-json\/wp\/v2\/posts\/309271\/revisions\/309272"}],"wp:featuredmedia":[{"embeddable":true,"href":"https:\/\/tucomarca.whitekongsoftware.com\/ca\/wp-json\/wp\/v2\/media\/309262"}],"wp:attachment":[{"href":"https:\/\/tucomarca.whitekongsoftware.com\/ca\/wp-json\/wp\/v2\/media?parent=309271"}],"wp:term":[{"taxonomy":"category","embeddable":true,"href":"https:\/\/tucomarca.whitekongsoftware.com\/ca\/wp-json\/wp\/v2\/categories?post=309271"},{"taxonomy":"post_tag","embeddable":true,"href":"https:\/\/tucomarca.whitekongsoftware.com\/ca\/wp-json\/wp\/v2\/tags?post=309271"}],"curies":[{"name":"wp","href":"https:\/\/api.w.org\/{rel}","templated":true}]}}