{"id":309240,"date":"2026-07-31T12:00:00","date_gmt":"2026-07-31T10:00:00","guid":{"rendered":"https:\/\/www.tucomarca.com\/wordpress\/segunda\/?p=309240"},"modified":"2026-07-31T19:15:28","modified_gmt":"2026-07-31T17:15:28","slug":"la-diputacio-de-valencia-cofinanca-ladaptacio-de-tres-camins-per-a-invidents-a-la-canal-de-navarres","status":"publish","type":"post","link":"https:\/\/tucomarca.whitekongsoftware.com\/ca\/la-diputacio-de-valencia-cofinanca-ladaptacio-de-tres-camins-per-a-invidents-a-la-canal-de-navarres\/","title":{"rendered":"La Diputaci\u00f3 de Val\u00e8ncia cofinan\u00e7a l&#8217;adaptaci\u00f3 de tres camins per a invidents a la Canal de Navarr\u00e9s"},"content":{"rendered":"\n<h3 class=\"wp-block-heading\">El president de la instituci\u00f3 provincial, Vicent Momp\u00f3, recorre la ruta inclusiva de &#8220;los Chorradores de Navarr\u00e9s&#8221;: \u201cl&#8217;administraci\u00f3 est\u00e0 precisament per a arribar on no poden arribar uns altres, garantir oportunitats i fer possible que servicis i experi\u00e8ncies com esta estiguen a l&#8217;abast de tots&#8221;.<\/h3>\n\n\n\n<p class=\"wp-block-paragraph\">La Diputaci\u00f3 de Val\u00e8ncia ha cofinan\u00e7at l&#8217;adaptaci\u00f3 de tres camins per a invidents o persones amb visi\u00f3 redu\u00efda a la Canal de Navarr\u00e9s. Es tracta d&#8217;una ruta que passa molt prop del Barranc Moreno a Bicorp; una altra que discorre pels punts m\u00e9s importants d&#8217;Anna fins a arribar al Salt de Chella i la tercera, que ha recorregut este divendres el president de la Diputaci\u00f3, la de \u2018Los Chorradores\u2019 de Navarr\u00e9s, comen\u00e7ant per la part posterior des de la zona dels banys.<\/p>\n\n\n\n<p class=\"wp-block-paragraph\">L&#8217;actuaci\u00f3 en les rutes ha consistit en la senyalitzaci\u00f3 mitjan\u00e7ant sons 3D, de l&#8217;aplicaci\u00f3 Blind Explorer, perqu\u00e8 servisquen de guia. Un grup de voluntaris de l&#8217;ONCE, en una prova pilot, va donar una valoraci\u00f3 positiva de l&#8217;experi\u00e8ncia en la ruta d&#8217;Anna, sobretot per totes les descripcions que inclou i que s&#8217;anaven reproduint segons s&#8217;arribava als punts d&#8217;inter\u00e9s.<\/p>\n\n\n\n<p class=\"wp-block-paragraph\">La Diputaci\u00f3 ha invertit 50.000 euros en este projecte en el qual tamb\u00e9 han participat la Generalitat i la Mancomunitat de la Canal de Navarr\u00e9s. El president de la Diputaci\u00f3 de Val\u00e8ncia, Vicent Momp\u00f3, ha destacat que &#8220;\u00e9s una satisfacci\u00f3 comprovar de primera m\u00e0 que els recursos p\u00fablics de la Diputaci\u00f3 arriben als municipis, especialment als m\u00e9s xicotets, i tamb\u00e9 a les persones que troben m\u00e9s dificultats en el seu dia a dia&#8221;. Aix\u00ed mateix, ha assenyalat que amb esta iniciativa &#8220;es contribu\u00efx al fet que qualsevol persona puga disfrutar d&#8217;una comarca tan bonica i, al mateix temps, tan desconeguda com la Canal de Navarr\u00e9s&#8221;.<\/p>\n\n\n\n<p class=\"wp-block-paragraph\">&#8220;Hem de continuar treballant -continua- perqu\u00e8 el nostre patrimoni siga accessible per a tots, i gr\u00e0cies a esta actuaci\u00f3 i a l&#8217;aplicaci\u00f3, les persones amb discapacitat visual podran rec\u00f3rrer estes rutes amb major autonomia i descobrir un entorn privilegiat en igualtat de condicions&#8221;.<\/p>\n\n\n\n<p class=\"wp-block-paragraph\">A m\u00e9s, Momp\u00f3 ha apuntat que viure l&#8217;experi\u00e8ncia en primera persona ha sigut &#8220;molt enriquidor&#8221; perqu\u00e8 &#8220;t&#8217;ajuda a comprendre millor les dificultats a les quals s&#8217;enfronten moltes persones i refor\u00e7a la import\u00e0ncia d&#8217;impulsar estos projectes&#8221;. Finalment, ha incidit en qu\u00e8 l&#8217;administraci\u00f3 &#8220;est\u00e0 precisament per a arribar on no poden arribar uns altres, garantir oportunitats i fer possible que servicis i experi\u00e8ncies com esta estiguen a l&#8217;abast de tots&#8221;.<\/p>\n\n\n\n<p class=\"wp-block-paragraph\">Per part seua, l&#8217;alcalde del municipi de Navarr\u00e9s, Federico Argente, ha mostrat la seua satisfacci\u00f3 i ha subratllat que \u201cgr\u00e0cies a la col\u00b7laboraci\u00f3 entre les tres institucions hem pogut adaptar estos camins, garantint aix\u00ed el dret que tenen totes les persones a disfrutar dels nostres recursos naturals\u201d, i ha cridat a \u201ccontinuar col\u00b7laborant per a refor\u00e7ar el turisme a la nostra comarca, que \u00e9s una gran desconeguda per a molts valencians per\u00f2 que compta amb uns atractius naturals extraordinaris\u201d.<\/p>\n\n\n\n<p class=\"wp-block-paragraph\">Per al director de l&#8217;ONCE a X\u00e0tiva, C\u00e9sar Mar\u00edn, l&#8217;experi\u00e8ncia tamb\u00e9 ha sigut molt positiva: &#8220;l&#8217;aplicaci\u00f3 \u00e9s molt intu\u00eftiva i transmet molta seguretat durant tot el recorregut. A trav\u00e9s de sons et va guiant constantment, avisa si et desvies del cam\u00ed i tamb\u00e9 informa de qualsevol element del recorregut, a m\u00e9s d&#8217;oferir explicacions sobre els punts d&#8217;inter\u00e9s&#8221;, destaca.<\/p>\n\n\n\n<p class=\"wp-block-paragraph\">Mar\u00edn ha manifestat que este tipus d&#8217;iniciatives s\u00f3n &#8220;fonamentals perqu\u00e8, a vegades, s&#8217;oblida que les persones amb discapacitat visual tamb\u00e9 volem disfrutar de la naturalesa, i comptar amb ferramentes que ens permeten fer-ho de forma m\u00e9s aut\u00f2noma suposa un gran avan\u00e7 i ens fa sentir molt m\u00e9s independents&#8221;.<\/p>\n","protected":false},"excerpt":{"rendered":"<div class=\"mh-excerpt\">El president de la instituci\u00f3 provincial, Vicent Momp\u00f3, recorre la ruta inclusiva de &#8220;los Chorradores de Navarr\u00e9s&#8221;: \u201cl&#8217;administraci\u00f3 est\u00e0 precisament per a arribar on no poden arribar uns altres, garantir oportunitats i fer possible que <a class=\"mh-excerpt-more\" href=\"https:\/\/tucomarca.whitekongsoftware.com\/ca\/la-diputacio-de-valencia-cofinanca-ladaptacio-de-tres-camins-per-a-invidents-a-la-canal-de-navarres\/\" title=\"La Diputaci\u00f3 de Val\u00e8ncia cofinan\u00e7a l&#8217;adaptaci\u00f3 de tres camins per a invidents a la Canal de Navarr\u00e9s\">[+] <\/a><\/div>\n","protected":false},"author":12,"featured_media":309239,"comment_status":"closed","ping_status":"open","sticky":false,"template":"","format":"standard","meta":{"footnotes":""},"categories":[10965,10898,10948,10963,10894,10904,10903,10971,10947,10896],"tags":[11246,11094,14072,24724],"class_list":["post-309240","post","type-post","status-publish","format-standard","has-post-thumbnail","category-bicorp-ca","category-ventana-ca","category-infraestructuras-ca","category-la-canal-de-navarres-ca","category-la-comarca-ca","category-sin-categorizar-ca","category-medio-ambiente-la-comarca-ca","category-navarres-ca","category-politica","category-seccion-ca","tag-diputacio-de-valencia-ca","tag-la-canal-de-navarres","tag-navarres-ca","tag-once"],"_links":{"self":[{"href":"https:\/\/tucomarca.whitekongsoftware.com\/ca\/wp-json\/wp\/v2\/posts\/309240","targetHints":{"allow":["GET"]}}],"collection":[{"href":"https:\/\/tucomarca.whitekongsoftware.com\/ca\/wp-json\/wp\/v2\/posts"}],"about":[{"href":"https:\/\/tucomarca.whitekongsoftware.com\/ca\/wp-json\/wp\/v2\/types\/post"}],"author":[{"embeddable":true,"href":"https:\/\/tucomarca.whitekongsoftware.com\/ca\/wp-json\/wp\/v2\/users\/12"}],"replies":[{"embeddable":true,"href":"https:\/\/tucomarca.whitekongsoftware.com\/ca\/wp-json\/wp\/v2\/comments?post=309240"}],"version-history":[{"count":2,"href":"https:\/\/tucomarca.whitekongsoftware.com\/ca\/wp-json\/wp\/v2\/posts\/309240\/revisions"}],"predecessor-version":[{"id":309276,"href":"https:\/\/tucomarca.whitekongsoftware.com\/ca\/wp-json\/wp\/v2\/posts\/309240\/revisions\/309276"}],"wp:featuredmedia":[{"embeddable":true,"href":"https:\/\/tucomarca.whitekongsoftware.com\/ca\/wp-json\/wp\/v2\/media\/309239"}],"wp:attachment":[{"href":"https:\/\/tucomarca.whitekongsoftware.com\/ca\/wp-json\/wp\/v2\/media?parent=309240"}],"wp:term":[{"taxonomy":"category","embeddable":true,"href":"https:\/\/tucomarca.whitekongsoftware.com\/ca\/wp-json\/wp\/v2\/categories?post=309240"},{"taxonomy":"post_tag","embeddable":true,"href":"https:\/\/tucomarca.whitekongsoftware.com\/ca\/wp-json\/wp\/v2\/tags?post=309240"}],"curies":[{"name":"wp","href":"https:\/\/api.w.org\/{rel}","templated":true}]}}